{"id":20099,"date":"2022-08-30T13:39:53","date_gmt":"2022-08-30T18:39:53","guid":{"rendered":"https:\/\/www.biblia.work\/articulos-salud\/desigualdades-raciales-y-covid-19-abordar-los-impactos-a-largo-plazo\/"},"modified":"2022-08-30T13:39:53","modified_gmt":"2022-08-30T18:39:53","slug":"desigualdades-raciales-y-covid-19-abordar-los-impactos-a-largo-plazo","status":"publish","type":"post","link":"https:\/\/www.biblia.work\/articulos-salud\/desigualdades-raciales-y-covid-19-abordar-los-impactos-a-largo-plazo\/","title":{"rendered":"Desigualdades raciales y COVID-19: abordar los impactos a largo plazo"},"content":{"rendered":"<p>Cr\u00e9dito: Pixabay\/CC0 Dominio p\u00fablico <\/p>\n<p>El mundo no tard\u00f3 mucho en sentir el impacto de la pandemia en las desigualdades existentes. Sin embargo, un a\u00f1o despu\u00e9s de la llegada de COVID-19, muchos de esos resultados han demostrado ser mucho m\u00e1s devastadores y de mayor alcance de lo previsto, especialmente en lo que respecta a la raza y el origen \u00e9tnico. <\/p>\n<p>A medida que surgieron m\u00e1s investigaciones en el transcurso del a\u00f1o pasado, el papel que ha jugado el racismo estructural en el aumento de estas desigualdades se ha vuelto cada vez m\u00e1s evidente. Se ha revelado que la desconfianza hacia las vacunas entre las comunidades negras y asi\u00e1ticas es mucho m\u00e1s compleja de lo que inicialmente retrat\u00f3 el gobierno. Las limitaciones de mirar tambi\u00e9n los datos a trav\u00e9s de una lente \u00abBAME\u00bb han quedado expuestas, con pedidos de informaci\u00f3n menos generalizada sobre los resultados relacionados con COVID-19 para grupos \u00e9tnicos muy dispares y variados. Y dentro del mercado laboral juvenil, las personas negras han sido las m\u00e1s afectadas por las restricciones de COVID-19. <\/p>\n<p>En el contexto del controvertido informe del gobierno sobre las disparidades raciales y \u00e9tnicas, parece que hay una lucha entre dos bandos sobre por qu\u00e9 estas desigualdades raciales se intensificaron durante la pandemia. Por un lado, como se propugna en el informe, hay quienes creen que el racismo estructural no desempe\u00f1a un papel en la aceleraci\u00f3n dr\u00e1stica de estos problemas. Por otro lado, est\u00e1 el entendimiento (respaldado por investigaciones revisadas por pares) de que la raza, el origen \u00e9tnico y el racismo estructural son factores significativos que agravan las disparidades. <\/p>\n<p>Para comprender el alcance de estos resultados relacionados con el COVID-19 en t\u00e9rminos de desigualdad racial, The Conversation realizar\u00e1 un seminario web el 4 de mayo a las 2 p. m. BST, el segundo de una serie en asociaci\u00f3n con el Observatorio Internacional de Pol\u00edticas P\u00fablicas (IPPO). <\/p>\n<p>El seminario web reunir\u00e1 a acad\u00e9micos para discutir los impactos sociales y de salud completos de la pandemia en varias comunidades de minor\u00edas negras, asi\u00e1ticas y \u00e9tnicas y lo que debemos hacer ahora para garantizar mejores pol\u00edticas y resultados a medida que nos recuperamos de COVID-19. <\/p>\n<p>La editora de Sociedad y Artes, Kuba Shand-Baptiste, ser\u00e1 la anfitriona del evento y estar\u00e1 acompa\u00f1ada por: <\/p>\n<p>Claudia Bernard, profesora de trabajo social en Goldsmiths y miembro de Black Female Foro de profesores, que est\u00e1 realizando una investigaci\u00f3n sobre el impacto de COVID-19 en personas negras, asi\u00e1ticas y de minor\u00edas \u00e9tnicas en el Reino Unido.<\/p>\n<p>Winston Morgan, lector de toxicolog\u00eda y bioqu\u00edmica cl\u00ednica y director de impacto e innovaci\u00f3n, Universidad de East London, quien ha escrito para The Conversation sobre por qu\u00e9 el racismo debe ser visto como un factor m\u00e1s importante para lidiar con la vacilaci\u00f3n de vacunas. <\/p>\n<p>James Nazroo, profesor de Sociolog\u00eda en la Universidad de Manchester y coautor de una reciente revisi\u00f3n de evidencia r\u00e1pida sobre las desigualdades en relaci\u00f3n con COVID-19 y sus efectos en Londres, as\u00ed como coautor de un informe del estado de la naci\u00f3n sobre etnicidad, raza y desigualdad en el Reino Unido. <\/p>\n<p>El seminario web ser\u00e1 gratuito para verlo directamente a trav\u00e9s de Facebook, YouTube y Twitter. No es necesario registrarse. Puede registrarse para recibir un recordatorio sobre el evento y c\u00f3mo verlo aqu\u00ed. <\/p>\n<p>Explore m\u00e1s<\/p>\n<p> Siga las \u00faltimas noticias sobre el brote de coronavirus (COVID-19) <strong>M\u00e1s informaci\u00f3n:<\/strong> Para obtener m\u00e1s informaci\u00f3n sobre este proyecto innovador, suscr\u00edbase al bolet\u00edn aqu\u00ed. Proporcionado por The Conversation <\/p>\n<p> Este art\u00edculo se vuelve a publicar de The Conversation bajo una licencia Creative Commons. Lea el art\u00edculo original. <\/p>\n<p> <strong>Cita<\/strong>: Desigualdades raciales y COVID-19: abordando los impactos a largo plazo (2021, 21 de abril) recuperado el 30 de agosto de 2022 de https:\/\/medicalxpress.com\/news\/2021-04 -racial-inequalities-covid-long-term-impacts.html Este documento est\u00e1 sujeto a derechos de autor. Aparte de cualquier trato justo con fines de estudio o investigaci\u00f3n privados, ninguna parte puede reproducirse sin el permiso por escrito. El contenido se proporciona \u00fanicamente con fines informativos.<\/p>\n","protected":false},"excerpt":{"rendered":"<p>Cr\u00e9dito: Pixabay\/CC0 Dominio p\u00fablico El mundo no tard\u00f3 mucho en sentir el impacto de la pandemia en las desigualdades existentes. Sin embargo, un a\u00f1o despu\u00e9s de la llegada de COVID-19, muchos de esos resultados han demostrado ser mucho m\u00e1s devastadores y de mayor alcance de lo previsto, especialmente en lo que respecta a la raza &hellip; <a href=\"https:\/\/www.biblia.work\/articulos-salud\/desigualdades-raciales-y-covid-19-abordar-los-impactos-a-largo-plazo\/\" class=\"more-link\">Continuar leyendo<span class=\"screen-reader-text\"> \u00abDesigualdades raciales y COVID-19: abordar los impactos a largo plazo\u00bb<\/span><\/a><\/p>\n","protected":false},"author":1,"featured_media":0,"comment_status":"","ping_status":"","sticky":false,"template":"","format":"standard","meta":{"footnotes":""},"categories":[1],"tags":[],"class_list":["post-20099","post","type-post","status-publish","format-standard","hentry","category-general"],"_links":{"self":[{"href":"https:\/\/www.biblia.work\/articulos-salud\/wp-json\/wp\/v2\/posts\/20099","targetHints":{"allow":["GET"]}}],"collection":[{"href":"https:\/\/www.biblia.work\/articulos-salud\/wp-json\/wp\/v2\/posts"}],"about":[{"href":"https:\/\/www.biblia.work\/articulos-salud\/wp-json\/wp\/v2\/types\/post"}],"author":[{"embeddable":true,"href":"https:\/\/www.biblia.work\/articulos-salud\/wp-json\/wp\/v2\/users\/1"}],"replies":[{"embeddable":true,"href":"https:\/\/www.biblia.work\/articulos-salud\/wp-json\/wp\/v2\/comments?post=20099"}],"version-history":[{"count":0,"href":"https:\/\/www.biblia.work\/articulos-salud\/wp-json\/wp\/v2\/posts\/20099\/revisions"}],"wp:attachment":[{"href":"https:\/\/www.biblia.work\/articulos-salud\/wp-json\/wp\/v2\/media?parent=20099"}],"wp:term":[{"taxonomy":"category","embeddable":true,"href":"https:\/\/www.biblia.work\/articulos-salud\/wp-json\/wp\/v2\/categories?post=20099"},{"taxonomy":"post_tag","embeddable":true,"href":"https:\/\/www.biblia.work\/articulos-salud\/wp-json\/wp\/v2\/tags?post=20099"}],"curies":[{"name":"wp","href":"https:\/\/api.w.org\/{rel}","templated":true}]}}