{"id":20130,"date":"2022-08-30T13:40:51","date_gmt":"2022-08-30T18:40:51","guid":{"rendered":"https:\/\/www.biblia.work\/articulos-salud\/investigadores-identifican-subtipo-potencial-de-ptsd\/"},"modified":"2022-08-30T13:40:51","modified_gmt":"2022-08-30T18:40:51","slug":"investigadores-identifican-subtipo-potencial-de-ptsd","status":"publish","type":"post","link":"https:\/\/www.biblia.work\/articulos-salud\/investigadores-identifican-subtipo-potencial-de-ptsd\/","title":{"rendered":"Investigadores identifican subtipo potencial de PTSD"},"content":{"rendered":"<p>Regiones del cerebro asociadas con el estr\u00e9s y el trastorno de estr\u00e9s postraum\u00e1tico. Cr\u00e9dito: Institutos Nacionales de Salud <\/p>\n<p>Un obst\u00e1culo importante para comprender y tratar el trastorno de estr\u00e9s postraum\u00e1tico (TEPT) es su heterogeneidad cl\u00ednica y neurobiol\u00f3gica. Para tratar mejor la condici\u00f3n y abordar esta barrera, el campo se ha vuelto cada vez m\u00e1s interesado en identificar subtipos de PTSD basados en la disfunci\u00f3n en las redes neuronales junto con las deficiencias cognitivas que pueden ser la base del desarrollo y mantenimiento de los s\u00edntomas. <\/p>\n<p>Investigadores de VA y BU ahora han encontrado un marcador de PTSD en regiones del cerebro asociadas con la regulaci\u00f3n emocional. \u00abEste marcador fue m\u00e1s fuerte en aquellos con una funci\u00f3n ejecutiva cl\u00ednicamente deteriorada o la capacidad de participar en un comportamiento complejo dirigido a objetivos\u00bb, explic\u00f3 la autora correspondiente Audreyana Jagger-Rickels, Ph.D., cient\u00edfica postdoctoral en el Laboratorio de Atenci\u00f3n y Aprendizaje de Boston. (BALLAB) en el VA Boston Healthcare System.<\/p>\n<p>El estudio incluy\u00f3 a 271 veteranos participantes en el Centro de Investigaci\u00f3n Traslacional para TBI y Trastornos de Estr\u00e9s (TRACTS) en VA Boston, que se hab\u00edan desplegado despu\u00e9s del 11 de septiembre. conflictos y complet\u00f3 una resonancia magn\u00e9tica funcional que mide la comunicaci\u00f3n entre las regiones del cerebro. Los Veteranos tambi\u00e9n completaron pruebas que midieron el TEPT y el funcionamiento cognitivo (neuropsicol\u00f3gico), incluido el funcionamiento ejecutivo.<\/p>\n<p>Los investigadores encontraron que los Veteranos con mayor gravedad del TEPT ten\u00edan una mayor interrupci\u00f3n entre su red de control cognitivo (red de control parietal frontal) y su red de procesamiento emocional (red l\u00edmbica). Luego de una mayor investigaci\u00f3n, encontraron que aquellos con una funci\u00f3n ejecutiva cl\u00ednicamente deteriorada ten\u00edan la mayor alteraci\u00f3n de este marcador cerebral de PTSD.<\/p>\n<p>\u00abEste estudio proporciona evidencia preliminar para un subtipo &#8216;neurocognitivo&#8217; de PTSD, espec\u00edficamente que una combinaci\u00f3n de firmas cognitivas y cerebrales pueden identificar un subconjunto de personas con PTSD que podr\u00eda ser \u00fanico\u00bb, dijo el autor principal Michael Esterman, Ph.D., investigador principal del Centro Nacional para el PTSD en VA Boston Healthcare System y profesor asociado de psiquiatr\u00eda en la Universidad de Boston. Facultad de Medicina.<\/p>\n<p>Seg\u00fan los investigadores, estos hallazgos sugieren que si alguien presenta TEPT y una funci\u00f3n ejecutiva alterada, tambi\u00e9n puede tener un marcador cerebral \u00fanico relacionado con la regulaci\u00f3n emocional. \u00abEstas personas pueden responder mejor a estrategias de tratamiento espec\u00edficas, pero tambi\u00e9n pueden tener dificultades para participar en tratamientos que requieren altos niveles de regulaci\u00f3n emocional y funcionamiento ejecutivo\u00bb, agreg\u00f3 Jagger-Rickels.<\/p>\n<p>Los investigadores esperan que este estudio ayude a identificar aquellos que se beneficiar\u00e1n de tratamientos espec\u00edficos para el PTSD y pueden conducir a nuevos tratamientos innovadores que se centren en el funcionamiento cognitivo y cerebral. \u00abEn \u00faltima instancia, el objetivo ser\u00eda diagnosticar y tratar a las personas en funci\u00f3n de su propio perfil cl\u00ednico y biol\u00f3gico \u00fanico, en lugar de simplemente basarse en un diagn\u00f3stico amplio\u00bb, dijo Esterman. <\/p>\n<p>Explore m\u00e1s<\/p>\n<p> Un estudio revela \u00e1reas del cerebro afectadas por el PTSD <strong>M\u00e1s informaci\u00f3n:<\/strong> Audreyana Jagger-Rickels et al. El deterioro de la funci\u00f3n ejecutiva exacerba los marcadores neurales del trastorno de estr\u00e9s postraum\u00e1tico, Psychological Medicine (2021). DOI: 10.1017\/S0033291721000842 <strong>Informaci\u00f3n de la revista:<\/strong> Psychological Medicine <\/p>\n<p> Proporcionado por la Facultad de Medicina de la Universidad de Boston <strong>Cita<\/strong>: Los investigadores identifican un subtipo potencial de PTSD (2021, 21 de abril) recuperado 30 de agosto de 2022 de https:\/\/medicalxpress.com\/news\/2021-04-potential-subtype-ptsd.html Este documento est\u00e1 sujeto a derechos de autor. Aparte de cualquier trato justo con fines de estudio o investigaci\u00f3n privados, ninguna parte puede reproducirse sin el permiso por escrito. El contenido se proporciona \u00fanicamente con fines informativos.<\/p>\n","protected":false},"excerpt":{"rendered":"<p>Regiones del cerebro asociadas con el estr\u00e9s y el trastorno de estr\u00e9s postraum\u00e1tico. Cr\u00e9dito: Institutos Nacionales de Salud Un obst\u00e1culo importante para comprender y tratar el trastorno de estr\u00e9s postraum\u00e1tico (TEPT) es su heterogeneidad cl\u00ednica y neurobiol\u00f3gica. Para tratar mejor la condici\u00f3n y abordar esta barrera, el campo se ha vuelto cada vez m\u00e1s interesado &hellip; <a href=\"https:\/\/www.biblia.work\/articulos-salud\/investigadores-identifican-subtipo-potencial-de-ptsd\/\" class=\"more-link\">Continuar leyendo<span class=\"screen-reader-text\"> \u00abInvestigadores identifican subtipo potencial de PTSD\u00bb<\/span><\/a><\/p>\n","protected":false},"author":1,"featured_media":0,"comment_status":"","ping_status":"","sticky":false,"template":"","format":"standard","meta":{"footnotes":""},"categories":[1],"tags":[],"class_list":["post-20130","post","type-post","status-publish","format-standard","hentry","category-general"],"_links":{"self":[{"href":"https:\/\/www.biblia.work\/articulos-salud\/wp-json\/wp\/v2\/posts\/20130","targetHints":{"allow":["GET"]}}],"collection":[{"href":"https:\/\/www.biblia.work\/articulos-salud\/wp-json\/wp\/v2\/posts"}],"about":[{"href":"https:\/\/www.biblia.work\/articulos-salud\/wp-json\/wp\/v2\/types\/post"}],"author":[{"embeddable":true,"href":"https:\/\/www.biblia.work\/articulos-salud\/wp-json\/wp\/v2\/users\/1"}],"replies":[{"embeddable":true,"href":"https:\/\/www.biblia.work\/articulos-salud\/wp-json\/wp\/v2\/comments?post=20130"}],"version-history":[{"count":0,"href":"https:\/\/www.biblia.work\/articulos-salud\/wp-json\/wp\/v2\/posts\/20130\/revisions"}],"wp:attachment":[{"href":"https:\/\/www.biblia.work\/articulos-salud\/wp-json\/wp\/v2\/media?parent=20130"}],"wp:term":[{"taxonomy":"category","embeddable":true,"href":"https:\/\/www.biblia.work\/articulos-salud\/wp-json\/wp\/v2\/categories?post=20130"},{"taxonomy":"post_tag","embeddable":true,"href":"https:\/\/www.biblia.work\/articulos-salud\/wp-json\/wp\/v2\/tags?post=20130"}],"curies":[{"name":"wp","href":"https:\/\/api.w.org\/{rel}","templated":true}]}}