{"id":20812,"date":"2022-08-30T14:02:42","date_gmt":"2022-08-30T19:02:42","guid":{"rendered":"https:\/\/www.biblia.work\/articulos-salud\/la-mitad-de-los-ninos-con-sindrome-inflamatorio-despues-de-covid-19-tienen-sintomas-neurologicos\/"},"modified":"2022-08-30T14:02:42","modified_gmt":"2022-08-30T19:02:42","slug":"la-mitad-de-los-ninos-con-sindrome-inflamatorio-despues-de-covid-19-tienen-sintomas-neurologicos","status":"publish","type":"post","link":"https:\/\/www.biblia.work\/articulos-salud\/la-mitad-de-los-ninos-con-sindrome-inflamatorio-despues-de-covid-19-tienen-sintomas-neurologicos\/","title":{"rendered":"La mitad de los ni\u00f1os con s\u00edndrome inflamatorio despu\u00e9s de COVID-19 tienen s\u00edntomas neurol\u00f3gicos"},"content":{"rendered":"<p>Cr\u00e9dito: Unsplash\/CC0 Public Domain <\/p>\n<p>La mitad de los ni\u00f1os que desarrollaron la enfermedad grave asociada con COVID-19 llamada s\u00edndrome inflamatorio multisist\u00e9mico en ni\u00f1os (MIS-C ) ten\u00edan s\u00edntomas o signos neurol\u00f3gicos cuando ingresaron al hospital, seg\u00fan una investigaci\u00f3n preliminar publicada hoy, 13 de abril de 2021, que se presentar\u00e1 en la 73.\u00aa reuni\u00f3n anual de la Academia Estadounidense de Neurolog\u00eda que se llevar\u00e1 a cabo virtualmente del 17 al 22 de abril de 2021. Esos s\u00edntomas inclu\u00edan dolores de cabeza, encefalopat\u00eda y alucinaciones. <\/p>\n<p>\u00abCon este nuevo s\u00edndrome inflamatorio que se desarrolla despu\u00e9s de que los ni\u00f1os se infectan con el coronavirus, todav\u00eda estamos aprendiendo c\u00f3mo afecta el s\u00edndrome a los ni\u00f1os y de qu\u00e9 debemos estar atentos\u00bb, dijo el autor del estudio, Omar Abdel-Mannan, MD, de la Universidad College London en el Reino Unido y miembro de la Academia Americana de Neurolog\u00eda. \u00abDescubrimos que muchos ni\u00f1os experimentaban s\u00edntomas neurol\u00f3gicos que involucraban tanto el sistema nervioso central como el perif\u00e9rico\u00bb.<\/p>\n<p>Para el estudio, los investigadores revisaron los registros de todos los ni\u00f1os menores de 18 a\u00f1os ingresados en el Hospital Great Ormond Street en Londres entre abril y el 4 de septiembre de 2020 y el 1 de septiembre de 2020, que cumplieron con los criterios para el s\u00edndrome inflamatorio multisist\u00e9mico en ni\u00f1os.<\/p>\n<p>Hab\u00eda 46 ni\u00f1os con una edad promedio de 10 a\u00f1os. De ellos, 24 ni\u00f1os ten\u00edan s\u00edntomas o signos neurol\u00f3gicos que no hab\u00edan experimentado antes. Veinticuatro ten\u00edan dolores de cabeza, 14 ten\u00edan encefalopat\u00eda, seis ten\u00edan anomal\u00edas en la voz o ronquera, seis ten\u00edan alucinaciones y cinco ten\u00edan ataxia o problemas de coordinaci\u00f3n. Adem\u00e1s, tres ni\u00f1os ten\u00edan problemas con los nervios perif\u00e9ricos y un ni\u00f1o ten\u00eda convulsiones.<\/p>\n<p>Los ni\u00f1os con s\u00edntomas neurol\u00f3gicos ten\u00edan m\u00e1s probabilidades de necesitar un ventilador y medicamentos para ayudar a estabilizar su circulaci\u00f3n sangu\u00ednea que los ni\u00f1os sin s\u00edntomas neurol\u00f3gicos. . Sin embargo, no hubo diferencias en t\u00e9rminos demogr\u00e1ficos, marcadores inflamatorios, manejo o resultados a corto plazo entre los dos grupos.<\/p>\n<p>\u00abLos ni\u00f1os que desarrollan esta afecci\u00f3n definitivamente deben ser evaluados por s\u00edntomas neurol\u00f3gicos y problemas cognitivos a largo plazo\u00bb. resultados\u00bb, dijo Abdel-Mannan. \u00abSe necesitan m\u00e1s estudios que involucren a m\u00e1s ni\u00f1os y ni\u00f1os de seguimiento para ver c\u00f3mo cambia esta condici\u00f3n con el tiempo y si hay efectos neurocognitivos a m\u00e1s largo plazo\u00bb. <\/p>\n<p>Explore m\u00e1s<\/p>\n<p> S\u00edntomas neurol\u00f3gicos comunes en ni\u00f1os y adolescentes con COVID-19 agudo y MIS-C Proporcionado por la Academia Estadounidense de Neurolog\u00eda <strong>Cita<\/strong>: La mitad de los ni\u00f1os con s\u00edndrome inflamatorio despu\u00e9s de COVID-19 tiene s\u00edntomas neurol\u00f3gicos (2021, 13 de abril) recuperado el 30 de agosto de 2022 de https:\/\/medicalxpress.com\/news\/2021-04-kids-flamatory-syndrome-covid-neurologic.html Este documento est\u00e1 sujeto a derechos de autor. Aparte de cualquier trato justo con fines de estudio o investigaci\u00f3n privados, ninguna parte puede reproducirse sin el permiso por escrito. El contenido se proporciona \u00fanicamente con fines informativos.<\/p>\n","protected":false},"excerpt":{"rendered":"<p>Cr\u00e9dito: Unsplash\/CC0 Public Domain La mitad de los ni\u00f1os que desarrollaron la enfermedad grave asociada con COVID-19 llamada s\u00edndrome inflamatorio multisist\u00e9mico en ni\u00f1os (MIS-C ) ten\u00edan s\u00edntomas o signos neurol\u00f3gicos cuando ingresaron al hospital, seg\u00fan una investigaci\u00f3n preliminar publicada hoy, 13 de abril de 2021, que se presentar\u00e1 en la 73.\u00aa reuni\u00f3n anual de la &hellip; <a href=\"https:\/\/www.biblia.work\/articulos-salud\/la-mitad-de-los-ninos-con-sindrome-inflamatorio-despues-de-covid-19-tienen-sintomas-neurologicos\/\" class=\"more-link\">Continuar leyendo<span class=\"screen-reader-text\"> \u00abLa mitad de los ni\u00f1os con s\u00edndrome inflamatorio despu\u00e9s de COVID-19 tienen s\u00edntomas neurol\u00f3gicos\u00bb<\/span><\/a><\/p>\n","protected":false},"author":1,"featured_media":0,"comment_status":"","ping_status":"","sticky":false,"template":"","format":"standard","meta":{"footnotes":""},"categories":[1],"tags":[],"class_list":["post-20812","post","type-post","status-publish","format-standard","hentry","category-general"],"_links":{"self":[{"href":"https:\/\/www.biblia.work\/articulos-salud\/wp-json\/wp\/v2\/posts\/20812","targetHints":{"allow":["GET"]}}],"collection":[{"href":"https:\/\/www.biblia.work\/articulos-salud\/wp-json\/wp\/v2\/posts"}],"about":[{"href":"https:\/\/www.biblia.work\/articulos-salud\/wp-json\/wp\/v2\/types\/post"}],"author":[{"embeddable":true,"href":"https:\/\/www.biblia.work\/articulos-salud\/wp-json\/wp\/v2\/users\/1"}],"replies":[{"embeddable":true,"href":"https:\/\/www.biblia.work\/articulos-salud\/wp-json\/wp\/v2\/comments?post=20812"}],"version-history":[{"count":0,"href":"https:\/\/www.biblia.work\/articulos-salud\/wp-json\/wp\/v2\/posts\/20812\/revisions"}],"wp:attachment":[{"href":"https:\/\/www.biblia.work\/articulos-salud\/wp-json\/wp\/v2\/media?parent=20812"}],"wp:term":[{"taxonomy":"category","embeddable":true,"href":"https:\/\/www.biblia.work\/articulos-salud\/wp-json\/wp\/v2\/categories?post=20812"},{"taxonomy":"post_tag","embeddable":true,"href":"https:\/\/www.biblia.work\/articulos-salud\/wp-json\/wp\/v2\/tags?post=20812"}],"curies":[{"name":"wp","href":"https:\/\/api.w.org\/{rel}","templated":true}]}}