{"id":212,"date":"2022-08-29T22:26:53","date_gmt":"2022-08-30T03:26:53","guid":{"rendered":"https:\/\/www.biblia.work\/articulos-salud\/belgica-se-prepara-para-otro-aumento-en-los-casos-de-covid-19\/"},"modified":"2022-08-29T22:26:53","modified_gmt":"2022-08-30T03:26:53","slug":"belgica-se-prepara-para-otro-aumento-en-los-casos-de-covid-19","status":"publish","type":"post","link":"https:\/\/www.biblia.work\/articulos-salud\/belgica-se-prepara-para-otro-aumento-en-los-casos-de-covid-19\/","title":{"rendered":"B\u00e9lgica se prepara para otro aumento en los casos de COVID-19"},"content":{"rendered":"<p>En esta fotograf\u00eda de archivo del viernes 6 de noviembre de 2020, personal m\u00e9dico trabaja en la sala de cuidados intensivos para pacientes con COVID-19 en el hospital MontLegia CHC en Lieja, B\u00e9lgica. El gobierno advirti\u00f3 el jueves 21 de octubre de 2021 que B\u00e9lgica bien podr\u00eda estar al borde de otro aumento importante en los casos de COVID-19 a pesar de su alta tasa de vacunaci\u00f3n. Cr\u00e9dito: AP Photo\/Francisco Seco, File <\/p>\n<p>El gobierno de B\u00e9lgica advirti\u00f3 el jueves que el pa\u00eds bien podr\u00eda estar al borde de otro gran aumento en los casos de COVID-19 a pesar de su alta tasa de vacunaci\u00f3n. <\/p>\n<p>Aunque el gobierno recientemente relaj\u00f3 el uso obligatorio de mascarillas, nuevamente est\u00e1 comenzando a alentar a la poblaci\u00f3n a usarlas para contrarrestar un aumento en los casos que recuerda a las tres primeras oleadas del \u00faltimo a\u00f1o y medio.<\/p>\n<p>\u00abEstamos claramente en una cuarta ola\u00bb, dijo el ministro de Salud, Frank Vandenbroucke, a la cadena VRT. \u00abVeremos un gran aumento en las infecciones y, lamentablemente, en los ingresos hospitalarios\u00bb.<\/p>\n<p>Este mes, el gobierno ha flexibilizado algunas restricciones, como permitir m\u00e1s eventos en interiores y eliminar los requisitos para que los clientes usen m\u00e1scaras en los bares. <\/p>\n<p>B\u00e9lgica, una naci\u00f3n de 11 millones, nuevamente tiene m\u00e1s de 3000 infecciones por d\u00eda, un aumento del 50 % en comparaci\u00f3n con la semana anterior. Los ingresos hospitalarios son de 80 por d\u00eda ahora, un aumento de m\u00e1s del 40 %.<\/p>\n<p>Incluso si los n\u00fameros totales a\u00fan son manejables, existe la preocupaci\u00f3n de que la curva se dispare nuevamente, aunque el 85 % de la poblaci\u00f3n adulta est\u00e1 vacunados.<\/p>\n<p> En esta foto de archivo del 6 de mayo de 2021, el m\u00e9dico belga Peter Theerens administra el Johnson &amp; Vacuna Johnson COVID-19 a un paciente anciano durante una visita a domicilio en Amberes, B\u00e9lgica. El gobierno advirti\u00f3 el jueves 21 de octubre de 2021 que B\u00e9lgica bien podr\u00eda estar al borde de otro aumento importante en los casos de COVID-19 a pesar de su alta tasa de vacunaci\u00f3n. Cr\u00e9dito: AP Photo\/Virginia Mayo, Archivo <\/p>\n<p>Explorar m\u00e1s<\/p>\n<p> B\u00e9lgica mira a las escuelas a medida que aumenta la tercera ola de COVID <\/p>\n<p> 2021 The Associated Press. Reservados todos los derechos. Este material no puede ser publicado, transmitido, reescrito o redistribuido sin permiso. <\/p>\n<p> <strong>Cita<\/strong>: B\u00e9lgica se prepara para otro aumento en los casos de COVID-19 (21 de octubre de 2021) consultado el 29 de agosto de 2022 en https:\/\/medicalxpress.com\/news\/2021-10-belgium- braces-surge-covid-cases.html Este documento est\u00e1 sujeto a derechos de autor. Aparte de cualquier trato justo con fines de estudio o investigaci\u00f3n privados, ninguna parte puede reproducirse sin el permiso por escrito. El contenido se proporciona \u00fanicamente con fines informativos.<\/p>\n","protected":false},"excerpt":{"rendered":"<p>En esta fotograf\u00eda de archivo del viernes 6 de noviembre de 2020, personal m\u00e9dico trabaja en la sala de cuidados intensivos para pacientes con COVID-19 en el hospital MontLegia CHC en Lieja, B\u00e9lgica. El gobierno advirti\u00f3 el jueves 21 de octubre de 2021 que B\u00e9lgica bien podr\u00eda estar al borde de otro aumento importante en &hellip; <a href=\"https:\/\/www.biblia.work\/articulos-salud\/belgica-se-prepara-para-otro-aumento-en-los-casos-de-covid-19\/\" class=\"more-link\">Continuar leyendo<span class=\"screen-reader-text\"> \u00abB\u00e9lgica se prepara para otro aumento en los casos de COVID-19\u00bb<\/span><\/a><\/p>\n","protected":false},"author":1,"featured_media":0,"comment_status":"","ping_status":"","sticky":false,"template":"","format":"standard","meta":{"footnotes":""},"categories":[1],"tags":[],"class_list":["post-212","post","type-post","status-publish","format-standard","hentry","category-general"],"_links":{"self":[{"href":"https:\/\/www.biblia.work\/articulos-salud\/wp-json\/wp\/v2\/posts\/212","targetHints":{"allow":["GET"]}}],"collection":[{"href":"https:\/\/www.biblia.work\/articulos-salud\/wp-json\/wp\/v2\/posts"}],"about":[{"href":"https:\/\/www.biblia.work\/articulos-salud\/wp-json\/wp\/v2\/types\/post"}],"author":[{"embeddable":true,"href":"https:\/\/www.biblia.work\/articulos-salud\/wp-json\/wp\/v2\/users\/1"}],"replies":[{"embeddable":true,"href":"https:\/\/www.biblia.work\/articulos-salud\/wp-json\/wp\/v2\/comments?post=212"}],"version-history":[{"count":0,"href":"https:\/\/www.biblia.work\/articulos-salud\/wp-json\/wp\/v2\/posts\/212\/revisions"}],"wp:attachment":[{"href":"https:\/\/www.biblia.work\/articulos-salud\/wp-json\/wp\/v2\/media?parent=212"}],"wp:term":[{"taxonomy":"category","embeddable":true,"href":"https:\/\/www.biblia.work\/articulos-salud\/wp-json\/wp\/v2\/categories?post=212"},{"taxonomy":"post_tag","embeddable":true,"href":"https:\/\/www.biblia.work\/articulos-salud\/wp-json\/wp\/v2\/tags?post=212"}],"curies":[{"name":"wp","href":"https:\/\/api.w.org\/{rel}","templated":true}]}}