{"id":246,"date":"2022-08-29T22:27:51","date_gmt":"2022-08-30T03:27:51","guid":{"rendered":"https:\/\/www.biblia.work\/articulos-salud\/un-nuevo-estudio-proporciona-pruebas-solidas-de-que-la-covid-19-es-una-infeccion-estacional\/"},"modified":"2022-08-29T22:27:51","modified_gmt":"2022-08-30T03:27:51","slug":"un-nuevo-estudio-proporciona-pruebas-solidas-de-que-la-covid-19-es-una-infeccion-estacional","status":"publish","type":"post","link":"https:\/\/www.biblia.work\/articulos-salud\/un-nuevo-estudio-proporciona-pruebas-solidas-de-que-la-covid-19-es-una-infeccion-estacional\/","title":{"rendered":"Un nuevo estudio proporciona pruebas s\u00f3lidas de que la COVID-19 es una infecci\u00f3n estacional"},"content":{"rendered":"<p>Cr\u00e9dito: Unsplash\/CC0 Public Domain <\/p>\n<p>Un nuevo estudio dirigido por el Instituto de Salud Global de Barcelona (ISGlobal) proporciona pruebas s\u00f3lidas de que la COVID-19 es una infecci\u00f3n estacional infecci\u00f3n vinculada a las bajas temperaturas y la humedad, al igual que la gripe estacional. Los resultados, publicados en Nature Computational Science, tambi\u00e9n respaldan la considerable contribuci\u00f3n de la transmisi\u00f3n a\u00e9rea del SARS-CoV-2 y la necesidad de adoptar medidas que promuevan la \u00abhigiene del aire\u00bb. <\/p>\n<p>Una pregunta clave con respecto al SARS-CoV-2 es si se est\u00e1 comportando o se comportar\u00e1 como un virus estacional como la influenza, o si se transmitir\u00e1 igualmente durante cualquier \u00e9poca del a\u00f1o. Un primer estudio de modelado te\u00f3rico sugiri\u00f3 que el clima no era un factor determinante en la transmisi\u00f3n de COVID-19, dada la gran cantidad de personas susceptibles sin inmunidad al virus. Sin embargo, algunas observaciones sugirieron que la propagaci\u00f3n inicial de COVID-19 en China ocurri\u00f3 en una latitud entre 30 y 50 grados N, con bajos niveles de humedad y bajas temperaturas (entre 5 y 11 grados C). <\/p>\n<p>\u201cLa cuesti\u00f3n de si la COVID-19 es una verdadera enfermedad estacional se vuelve cada vez m\u00e1s central, con implicaciones para determinar medidas de intervenci\u00f3n efectivas\u201d, explica Xavier Rod, director del programa de Clima y Salud de ISGlobal y coordinador del estudiar. Para responder a esta pregunta, Rod y su equipo primero analizaron la asociaci\u00f3n de temperatura y humedad en la fase inicial de la propagaci\u00f3n del SARS-CoV-2 en 162 pa\u00edses de los cinco continentes, antes de que se implementaran cambios en el comportamiento humano y las pol\u00edticas de salud p\u00fablica. Los resultados muestran una relaci\u00f3n negativa entre la tasa de transmisi\u00f3n (R0) y la temperatura y la humedad a escala global: las tasas de transmisi\u00f3n m\u00e1s altas se asociaron con temperaturas y humedad m\u00e1s bajas.<\/p>\n<p>El equipo luego analiz\u00f3 c\u00f3mo esta asociaci\u00f3n entre el clima y la enfermedad evolucion\u00f3 con el tiempo, y si fue consistente en diferentes escalas geogr\u00e1ficas. Para ello, utilizaron un m\u00e9todo estad\u00edstico que se desarroll\u00f3 espec\u00edficamente para identificar patrones similares de variaci\u00f3n (es decir, una herramienta de reconocimiento de patrones) en diferentes per\u00edodos de tiempo. Nuevamente, encontraron una fuerte asociaci\u00f3n negativa para ventanas de tiempo cortas entre la enfermedad (n\u00famero de casos) y el clima (temperatura y humedad), con patrones consistentes durante la primera, segunda y tercera ola de la pandemia en diferentes escalas espaciales: en todo el mundo, pa\u00edses, hasta regiones individuales dentro de pa\u00edses muy afectados (Lombard\u00eda, Thringen y Catalu\u00f1a) e incluso a nivel de ciudad (Barcelona).<\/p>\n<p>Las primeras olas epid\u00e9micas disminuyeron a medida que aumentaba la temperatura y la humedad, y la segunda ola aument\u00f3 a medida que aumentaban las temperaturas. y la humedad cay\u00f3. Sin embargo, este patr\u00f3n se rompi\u00f3 durante el verano en todos los continentes. \u201cEsto podr\u00eda explicarse por varios factores, entre ellos las concentraciones masivas de j\u00f3venes, el turismo y la climatizaci\u00f3n, entre otros\u201d, explica Alejandro Fontal, investigador de ISGlobal y primer autor del estudio. <\/p>\n<p>Al adaptar el modelo para analizar correlaciones transitorias a todas las escalas en pa\u00edses del Hemisferio Sur, donde el virus lleg\u00f3 m\u00e1s tarde, se observ\u00f3 la misma correlaci\u00f3n negativa. Los efectos clim\u00e1ticos fueron m\u00e1s evidentes a temperaturas entre 12 y 18 grados C y niveles de humedad entre 4 y 12 g\/m3, aunque los autores advierten que estos rangos siguen siendo indicativos, dados los cortos registros disponibles. <\/p>\n<p>Finalmente, utilizando un modelo epidemiol\u00f3gico, el equipo de investigaci\u00f3n demostr\u00f3 que incorporar la temperatura en la tasa de transmisi\u00f3n funciona mejor para predecir el ascenso y descenso de las diferentes olas, particularmente la primera y la tercera en Europa. \u00abEn conjunto, nuestros hallazgos respaldan la visi\u00f3n de COVID-19 como una verdadera infecci\u00f3n estacional de baja temperatura, similar a la influenza y a los coronavirus circulantes m\u00e1s benignos\u00bb, dice Rod.<\/p>\n<p>Esta estacionalidad podr\u00eda contribuir de manera importante a la transmisi\u00f3n del SARS-CoV-2, ya que se ha demostrado que las condiciones de baja humedad reducen el tama\u00f1o de los aerosoles y, por lo tanto, aumentan la transmisi\u00f3n a\u00e9rea de virus estacionales como la influenza. \u00abEste v\u00ednculo justifica un \u00e9nfasis en la &#8216;higiene del aire&#8217; a trav\u00e9s de una mejor ventilaci\u00f3n interior, ya que los aerosoles pueden permanecer suspendidos durante m\u00e1s tiempo\u00bb, dice Rod, y destaca la necesidad de incluir par\u00e1metros meteorol\u00f3gicos en la evaluaci\u00f3n y planificaci\u00f3n de medidas de control. <\/p>\n<p>Explore m\u00e1s<\/p>\n<p> Estacionalidad de COVID-19 confirmada <strong>M\u00e1s informaci\u00f3n:<\/strong> Xavier Rod, Marcas clim\u00e1ticas en las diferentes olas pand\u00e9micas de COVID-19 en ambos hemisferios, Nature Computational Science (2021). DOI: 10.1038\/s43588-021-00136-6. www.nature.com\/articles\/s43588-021-00136-6 <strong>Informaci\u00f3n de la revista:<\/strong> Nature Computational Science <\/p>\n<p> Proporcionado por el Instituto de Salud Global de Barcelona <strong>Cita<\/strong>: Nuevo estudio proporciona evidencia s\u00f3lida de que COVID-19 es una infecci\u00f3n estacional (2021, 21 de octubre) consultado el 29 de agosto de 2022 de https:\/\/medicalxpress.com\/news\/2021-10-robust-evidence-covid-seasonal-infection.html Este documento es sujeto a derechos de autor. Aparte de cualquier trato justo con fines de estudio o investigaci\u00f3n privados, ninguna parte puede reproducirse sin el permiso por escrito. El contenido se proporciona \u00fanicamente con fines informativos.<\/p>\n","protected":false},"excerpt":{"rendered":"<p>Cr\u00e9dito: Unsplash\/CC0 Public Domain Un nuevo estudio dirigido por el Instituto de Salud Global de Barcelona (ISGlobal) proporciona pruebas s\u00f3lidas de que la COVID-19 es una infecci\u00f3n estacional infecci\u00f3n vinculada a las bajas temperaturas y la humedad, al igual que la gripe estacional. Los resultados, publicados en Nature Computational Science, tambi\u00e9n respaldan la considerable contribuci\u00f3n &hellip; <a href=\"https:\/\/www.biblia.work\/articulos-salud\/un-nuevo-estudio-proporciona-pruebas-solidas-de-que-la-covid-19-es-una-infeccion-estacional\/\" class=\"more-link\">Continuar leyendo<span class=\"screen-reader-text\"> \u00abUn nuevo estudio proporciona pruebas s\u00f3lidas de que la COVID-19 es una infecci\u00f3n estacional\u00bb<\/span><\/a><\/p>\n","protected":false},"author":1,"featured_media":0,"comment_status":"","ping_status":"","sticky":false,"template":"","format":"standard","meta":{"footnotes":""},"categories":[1],"tags":[],"class_list":["post-246","post","type-post","status-publish","format-standard","hentry","category-general"],"_links":{"self":[{"href":"https:\/\/www.biblia.work\/articulos-salud\/wp-json\/wp\/v2\/posts\/246","targetHints":{"allow":["GET"]}}],"collection":[{"href":"https:\/\/www.biblia.work\/articulos-salud\/wp-json\/wp\/v2\/posts"}],"about":[{"href":"https:\/\/www.biblia.work\/articulos-salud\/wp-json\/wp\/v2\/types\/post"}],"author":[{"embeddable":true,"href":"https:\/\/www.biblia.work\/articulos-salud\/wp-json\/wp\/v2\/users\/1"}],"replies":[{"embeddable":true,"href":"https:\/\/www.biblia.work\/articulos-salud\/wp-json\/wp\/v2\/comments?post=246"}],"version-history":[{"count":0,"href":"https:\/\/www.biblia.work\/articulos-salud\/wp-json\/wp\/v2\/posts\/246\/revisions"}],"wp:attachment":[{"href":"https:\/\/www.biblia.work\/articulos-salud\/wp-json\/wp\/v2\/media?parent=246"}],"wp:term":[{"taxonomy":"category","embeddable":true,"href":"https:\/\/www.biblia.work\/articulos-salud\/wp-json\/wp\/v2\/categories?post=246"},{"taxonomy":"post_tag","embeddable":true,"href":"https:\/\/www.biblia.work\/articulos-salud\/wp-json\/wp\/v2\/tags?post=246"}],"curies":[{"name":"wp","href":"https:\/\/api.w.org\/{rel}","templated":true}]}}