{"id":26406,"date":"2022-08-31T14:22:38","date_gmt":"2022-08-31T19:22:38","guid":{"rendered":"https:\/\/www.biblia.work\/articulos-salud\/el-jefe-de-salud-europeo-advierte-sobre-la-segunda-ola-de-virus\/"},"modified":"2022-08-31T14:22:38","modified_gmt":"2022-08-31T19:22:38","slug":"el-jefe-de-salud-europeo-advierte-sobre-la-segunda-ola-de-virus","status":"publish","type":"post","link":"https:\/\/www.biblia.work\/articulos-salud\/el-jefe-de-salud-europeo-advierte-sobre-la-segunda-ola-de-virus\/","title":{"rendered":"El jefe de salud europeo advierte sobre la segunda ola de virus"},"content":{"rendered":"<p>Coronavirus. Cr\u00e9dito: Centros Europeos para el Control de Enfermedades <\/p>\n<p>El jefe de un organismo asesor de salud europeo sobre infecciones advirti\u00f3 el jueves sobre una segunda ola de casos de coronavirus, ya que los pa\u00edses de todo el continente alivian las duras medidas de bloqueo. <\/p>\n<p>Andrea Ammon, directora del Centro Europeo para la Prevenci\u00f3n y el Control de Enfermedades, dijo que no se trata de si habr\u00e1 un nuevo aumento, sino de \u00abcu\u00e1ndo y cu\u00e1n grande\u00bb.<\/p>\n<p>Le dijo a The Guardian de Gran Breta\u00f1a peri\u00f3dico que las estad\u00edsticas de inmunidad de toda Europa no eran alentadoras y que \u00abentre el 85 y el 90 por ciento\u00bb de las personas segu\u00edan siendo susceptibles al COVID-19.<\/p>\n<p>\u00abEl virus nos rodea, circulando mucho m\u00e1s que en enero o febrero, \u00ab, dijo en una entrevista.<\/p>\n<p>\u00abNo quiero dibujar una imagen del fin del mundo, pero creo que tenemos que ser realistas. No es el momento de relajarse por completo\u00bb.<\/p>\n<p> p&gt; <\/p>\n<p>Europa ha visto m\u00e1s de 170.000 muertes en la pandemia global, seg\u00fan un recuento de AFP a las 1230 GMT del jueves. La mayor\u00eda han sido en Gran Breta\u00f1a, Italia, Espa\u00f1a y Francia.<\/p>\n<p>Pero las restricciones de quedarse en casa establecidas para reducir la propagaci\u00f3n del virus han comenzado a levantarse, dadas las indicaciones de que la cantidad de casos hab\u00eda pasado. su apogeo.<\/p>\n<p>El ECDC, con sede en Suecia, asesora a los gobiernos sobre el control de enfermedades infecciosas en los 27 pa\u00edses de la Uni\u00f3n Europea, adem\u00e1s de Islandia, Noruega, Liechtenstein y el Reino Unido.<\/p>\n<p>Ammon dijo que las restricciones de confinamiento han causado \u00abtensi\u00f3n\u00bb, afectando a las empresas y a las personas que no est\u00e1n acostumbradas a que se restrinjan sus libertades.<\/p>\n<p>Pero dijo que el riesgo de una segunda ola aument\u00f3 porque \u00abla gente piensa que se acab\u00f3, lo cual es &#8216;t&#8230; definitivamente no lo es\u00bb, a pesar de la ca\u00edda en las infecciones.<\/p>\n<p>Dijo que los gobiernos subestimaron la velocidad de propagaci\u00f3n de COVID-19, y se\u00f1al\u00f3 el regreso de los turistas de los viajes de esqu\u00ed alpino en principios de marzo como un momento crucial.<\/p>\n<p>\u00abEstoy bastante segura de que esto contribuy\u00f3 a la amplia difusi\u00f3n de en Europa\u00bb, agreg\u00f3, y \u00abpodr\u00eda haber sido \u00abNo era posible\u00bb frenar la propagaci\u00f3n si los gobiernos hubieran impuesto bloqueos antes.<\/p>\n<p>Ammon dijo que no era optimista de que el virus desaparecer\u00eda r\u00e1pidamente. \u00abParece estar muy bien adaptado a los humanos\u00bb, agreg\u00f3. <\/p>\n<p>Explore m\u00e1s<\/p>\n<p> Siga las \u00faltimas noticias sobre el brote de coronavirus (COVID-19) <\/p>\n<p> 2020 AFP <\/p>\n<p> <strong>Cita<\/strong>: El jefe de salud europeo advierte sobre la segunda ola del virus (2020) , 21 de mayo) recuperado el 31 de agosto de 2022 de https:\/\/medicalxpress.com\/news\/2020-05-european-health-boss-virus.html Este documento est\u00e1 sujeto a derechos de autor. Aparte de cualquier trato justo con fines de estudio o investigaci\u00f3n privados, ninguna parte puede reproducirse sin el permiso por escrito. El contenido se proporciona \u00fanicamente con fines informativos.<\/p>\n","protected":false},"excerpt":{"rendered":"<p>Coronavirus. Cr\u00e9dito: Centros Europeos para el Control de Enfermedades El jefe de un organismo asesor de salud europeo sobre infecciones advirti\u00f3 el jueves sobre una segunda ola de casos de coronavirus, ya que los pa\u00edses de todo el continente alivian las duras medidas de bloqueo. Andrea Ammon, directora del Centro Europeo para la Prevenci\u00f3n y &hellip; <a href=\"https:\/\/www.biblia.work\/articulos-salud\/el-jefe-de-salud-europeo-advierte-sobre-la-segunda-ola-de-virus\/\" class=\"more-link\">Continuar leyendo<span class=\"screen-reader-text\"> \u00abEl jefe de salud europeo advierte sobre la segunda ola de virus\u00bb<\/span><\/a><\/p>\n","protected":false},"author":1,"featured_media":0,"comment_status":"","ping_status":"","sticky":false,"template":"","format":"standard","meta":{"footnotes":""},"categories":[1],"tags":[],"class_list":["post-26406","post","type-post","status-publish","format-standard","hentry","category-general"],"_links":{"self":[{"href":"https:\/\/www.biblia.work\/articulos-salud\/wp-json\/wp\/v2\/posts\/26406","targetHints":{"allow":["GET"]}}],"collection":[{"href":"https:\/\/www.biblia.work\/articulos-salud\/wp-json\/wp\/v2\/posts"}],"about":[{"href":"https:\/\/www.biblia.work\/articulos-salud\/wp-json\/wp\/v2\/types\/post"}],"author":[{"embeddable":true,"href":"https:\/\/www.biblia.work\/articulos-salud\/wp-json\/wp\/v2\/users\/1"}],"replies":[{"embeddable":true,"href":"https:\/\/www.biblia.work\/articulos-salud\/wp-json\/wp\/v2\/comments?post=26406"}],"version-history":[{"count":0,"href":"https:\/\/www.biblia.work\/articulos-salud\/wp-json\/wp\/v2\/posts\/26406\/revisions"}],"wp:attachment":[{"href":"https:\/\/www.biblia.work\/articulos-salud\/wp-json\/wp\/v2\/media?parent=26406"}],"wp:term":[{"taxonomy":"category","embeddable":true,"href":"https:\/\/www.biblia.work\/articulos-salud\/wp-json\/wp\/v2\/categories?post=26406"},{"taxonomy":"post_tag","embeddable":true,"href":"https:\/\/www.biblia.work\/articulos-salud\/wp-json\/wp\/v2\/tags?post=26406"}],"curies":[{"name":"wp","href":"https:\/\/api.w.org\/{rel}","templated":true}]}}