{"id":26444,"date":"2022-08-31T14:25:04","date_gmt":"2022-08-31T19:25:04","guid":{"rendered":"https:\/\/www.biblia.work\/articulos-salud\/aislamiento-social-vinculado-a-brotes-mas-severos-de-covid-19\/"},"modified":"2022-08-31T14:25:04","modified_gmt":"2022-08-31T19:25:04","slug":"aislamiento-social-vinculado-a-brotes-mas-severos-de-covid-19","status":"publish","type":"post","link":"https:\/\/www.biblia.work\/articulos-salud\/aislamiento-social-vinculado-a-brotes-mas-severos-de-covid-19\/","title":{"rendered":"Aislamiento social vinculado a brotes m\u00e1s severos de COVID-19"},"content":{"rendered":"<p>Italia &#8211; Proporci\u00f3n de personas mayores de 80 a\u00f1os infectadas por SARS-CoV-2 en la poblaci\u00f3n general ajustada por el porcentaje de personas mayores de 80 a\u00f1os en la poblaci\u00f3n general, \u00edndice de camas de residencias de ancianos y madurez epid\u00e9mica: regresi\u00f3n lineal multivariable Cr\u00e9dito: Liotta et al, 2020 (PLOS ONE) <\/p>\n<p>Las regiones de Italia con una mayor fragmentaci\u00f3n familiar y una gran cantidad de hogares de ancianos residenciales experimentaron la tasa m\u00e1s alta de infecciones por COVID-19 en personas mayores de 80 a\u00f1os , seg\u00fan un nuevo estudio publicado el 21 de mayo de 2020 en la revista de acceso abierto PLOS ONE por Giuseppe Liotta de la Universidad de Roma, Italia, y sus colegas. <\/p>\n<p>Italia ha sido uno de los pa\u00edses m\u00e1s afectados por la pandemia de COVID-19. Los investigadores han especulado que esto se debe a la demograf\u00eda de la edad de Italia, as\u00ed como a la conexi\u00f3n de las generaciones mayores y j\u00f3venes y la alta tasa de contacto intergeneracional. De ser cierto, esto sugerir\u00eda que las regiones con hogares m\u00e1s grandes tendr\u00edan brotes de COVID-19 m\u00e1s graves en los adultos mayores.<\/p>\n<p>En el nuevo estudio, los investigadores utilizaron datos disponibles p\u00fablicamente publicados por cada regi\u00f3n administrativa italiana, as\u00ed como diarios informes de situaci\u00f3n sobre COVID-19 publicados por el Ministerio de Salud italiano y que abarcan del 28 de febrero al 31 de marzo de 2020. Todos los datos de hogares y poblaci\u00f3n se extrajeron entre el 1 y el 7 de abril de 2020.<\/p>\n<p>En las regiones italianas, el La tasa de incidencia de COVID-19 oscil\u00f3 entre el 0,27 % y el 4,09 % de la poblaci\u00f3n afectada. El n\u00famero medio de miembros del hogar oscil\u00f3 entre 2,02 y 2,58; el porcentaje de hogares unipersonales oscil\u00f3 entre 28,5 y 40,9; y el porcentaje de casos de COVID-19 que ocurrieron en personas mayores de 80 a\u00f1os oscil\u00f3 entre 4,3 y 23,6. Un modelo que reflejaba el porcentaje de la poblaci\u00f3n mayor de 80 a\u00f1os, los d\u00edas desde que se registraron 50 casos, el porcentaje de camas en hogares de ancianos en la poblaci\u00f3n total y el n\u00famero medio de miembros del hogar fue m\u00e1s capaz de predecir la incidencia de COVID-19 entre las personas mayores en cada regi\u00f3n, con un valor de R-cuadrado ajustado de 0,695 (p<\/p>\n","protected":false},"excerpt":{"rendered":"<p>Italia &#8211; Proporci\u00f3n de personas mayores de 80 a\u00f1os infectadas por SARS-CoV-2 en la poblaci\u00f3n general ajustada por el porcentaje de personas mayores de 80 a\u00f1os en la poblaci\u00f3n general, \u00edndice de camas de residencias de ancianos y madurez epid\u00e9mica: regresi\u00f3n lineal multivariable Cr\u00e9dito: Liotta et al, 2020 (PLOS ONE) Las regiones de Italia con &hellip; <a href=\"https:\/\/www.biblia.work\/articulos-salud\/aislamiento-social-vinculado-a-brotes-mas-severos-de-covid-19\/\" class=\"more-link\">Continuar leyendo<span class=\"screen-reader-text\"> \u00abAislamiento social vinculado a brotes m\u00e1s severos de COVID-19\u00bb<\/span><\/a><\/p>\n","protected":false},"author":1,"featured_media":0,"comment_status":"","ping_status":"","sticky":false,"template":"","format":"standard","meta":{"footnotes":""},"categories":[1],"tags":[],"class_list":["post-26444","post","type-post","status-publish","format-standard","hentry","category-general"],"_links":{"self":[{"href":"https:\/\/www.biblia.work\/articulos-salud\/wp-json\/wp\/v2\/posts\/26444","targetHints":{"allow":["GET"]}}],"collection":[{"href":"https:\/\/www.biblia.work\/articulos-salud\/wp-json\/wp\/v2\/posts"}],"about":[{"href":"https:\/\/www.biblia.work\/articulos-salud\/wp-json\/wp\/v2\/types\/post"}],"author":[{"embeddable":true,"href":"https:\/\/www.biblia.work\/articulos-salud\/wp-json\/wp\/v2\/users\/1"}],"replies":[{"embeddable":true,"href":"https:\/\/www.biblia.work\/articulos-salud\/wp-json\/wp\/v2\/comments?post=26444"}],"version-history":[{"count":0,"href":"https:\/\/www.biblia.work\/articulos-salud\/wp-json\/wp\/v2\/posts\/26444\/revisions"}],"wp:attachment":[{"href":"https:\/\/www.biblia.work\/articulos-salud\/wp-json\/wp\/v2\/media?parent=26444"}],"wp:term":[{"taxonomy":"category","embeddable":true,"href":"https:\/\/www.biblia.work\/articulos-salud\/wp-json\/wp\/v2\/categories?post=26444"},{"taxonomy":"post_tag","embeddable":true,"href":"https:\/\/www.biblia.work\/articulos-salud\/wp-json\/wp\/v2\/tags?post=26444"}],"curies":[{"name":"wp","href":"https:\/\/api.w.org\/{rel}","templated":true}]}}