{"id":26455,"date":"2022-08-31T14:25:45","date_gmt":"2022-08-31T19:25:45","guid":{"rendered":"https:\/\/www.biblia.work\/articulos-salud\/la-cifra-diaria-de-virus-en-francia-cae-a-83-no-hay-senales-de-una-segunda-ola\/"},"modified":"2022-08-31T14:25:45","modified_gmt":"2022-08-31T19:25:45","slug":"la-cifra-diaria-de-virus-en-francia-cae-a-83-no-hay-senales-de-una-segunda-ola","status":"publish","type":"post","link":"https:\/\/www.biblia.work\/articulos-salud\/la-cifra-diaria-de-virus-en-francia-cae-a-83-no-hay-senales-de-una-segunda-ola\/","title":{"rendered":"La cifra diaria de virus en Francia cae a 83, no hay se\u00f1ales de una segunda ola"},"content":{"rendered":"<p>Cr\u00e9dito: CC0 Public Domain <\/p>\n<p>La cantidad de muertes por coronavirus registradas en Francia durante las \u00faltimas 24 horas baj\u00f3 a 83 el jueves, como dijo un importante m\u00e9dico que estaba no ver una segunda ola de infecciones a pesar de que el pa\u00eds alivi\u00f3 su bloqueo. <\/p>\n<p>Las \u00faltimas muertes en hospitales y hogares de ancianos elevaron el n\u00famero total de v\u00edctimas de la pandemia en Francia a 28\u00a0215, dijo el Ministerio de Salud en un comunicado.<\/p>\n<p>Las tendencias se mantuvieron optimistas, con 49 personas menos en cuidados intensivos durante un total de 1.745 pacientes, un n\u00famero que super\u00f3 los 7.000 en el pico de la crisis.<\/p>\n<p>El 11 de mayo, Francia permiti\u00f3 la primera flexibilizaci\u00f3n del bloqueo impuesto para combatir el virus, y aunque las autoridades han dicho que es demasiado pronto para establecer conclusiones, a\u00fan no hay se\u00f1ales de una segunda ola de infecciones.<\/p>\n<p>Patrick Pelloux, presidente de la asociaci\u00f3n de m\u00e9dicos de emergencia de Francia, dijo que tem\u00eda \u00abcada vez menos\u00bb que hubiera una segunda ola de infecciones debido a la relajaci\u00f3n.<\/p>\n<p>\u00abEl modelo matem\u00e1tico permiti\u00f3 la posibilidad de un aumento&#8230; con un peque\u00f1o pico que iba a comenzar ahora\u00bb, dijo a la televisi\u00f3n France 2.<\/p>\n<p>Pero \u00aben hecho, no lo vemos\u201d, dijo.<\/p>\n<p>\u201cEsto no significa que la epidemia se haya detenido\u201d, agreg\u00f3, enfatizando la necesidad de continuar respetar el distanciamiento social y usar mascarilla. <\/p>\n<p>\u00abPero no estamos viendo venir una segunda ola\u00bb. <\/p>\n<p>Explore m\u00e1s<\/p>\n<p> Siga las \u00faltimas noticias sobre el brote de coronavirus (COVID-19) <\/p>\n<p> 2020 AFP <\/p>\n<p> <strong>Cita<\/strong>: el n\u00famero diario de virus en Francia desciende a 83, sin se\u00f1ales de la segunda ola (21 de mayo de 2020) recuperado el 31 de agosto de 2022 de https:\/\/medicalxpress.com\/news\/2020-05-france-daily-virus-toll-dips.html Este documento est\u00e1 sujeto a derechos de autor. Aparte de cualquier trato justo con fines de estudio o investigaci\u00f3n privados, ninguna parte puede reproducirse sin el permiso por escrito. El contenido se proporciona \u00fanicamente con fines informativos.<\/p>\n","protected":false},"excerpt":{"rendered":"<p>Cr\u00e9dito: CC0 Public Domain La cantidad de muertes por coronavirus registradas en Francia durante las \u00faltimas 24 horas baj\u00f3 a 83 el jueves, como dijo un importante m\u00e9dico que estaba no ver una segunda ola de infecciones a pesar de que el pa\u00eds alivi\u00f3 su bloqueo. Las \u00faltimas muertes en hospitales y hogares de ancianos &hellip; <a href=\"https:\/\/www.biblia.work\/articulos-salud\/la-cifra-diaria-de-virus-en-francia-cae-a-83-no-hay-senales-de-una-segunda-ola\/\" class=\"more-link\">Continuar leyendo<span class=\"screen-reader-text\"> \u00abLa cifra diaria de virus en Francia cae a 83, no hay se\u00f1ales de una segunda ola\u00bb<\/span><\/a><\/p>\n","protected":false},"author":1,"featured_media":0,"comment_status":"","ping_status":"","sticky":false,"template":"","format":"standard","meta":{"footnotes":""},"categories":[1],"tags":[],"class_list":["post-26455","post","type-post","status-publish","format-standard","hentry","category-general"],"_links":{"self":[{"href":"https:\/\/www.biblia.work\/articulos-salud\/wp-json\/wp\/v2\/posts\/26455","targetHints":{"allow":["GET"]}}],"collection":[{"href":"https:\/\/www.biblia.work\/articulos-salud\/wp-json\/wp\/v2\/posts"}],"about":[{"href":"https:\/\/www.biblia.work\/articulos-salud\/wp-json\/wp\/v2\/types\/post"}],"author":[{"embeddable":true,"href":"https:\/\/www.biblia.work\/articulos-salud\/wp-json\/wp\/v2\/users\/1"}],"replies":[{"embeddable":true,"href":"https:\/\/www.biblia.work\/articulos-salud\/wp-json\/wp\/v2\/comments?post=26455"}],"version-history":[{"count":0,"href":"https:\/\/www.biblia.work\/articulos-salud\/wp-json\/wp\/v2\/posts\/26455\/revisions"}],"wp:attachment":[{"href":"https:\/\/www.biblia.work\/articulos-salud\/wp-json\/wp\/v2\/media?parent=26455"}],"wp:term":[{"taxonomy":"category","embeddable":true,"href":"https:\/\/www.biblia.work\/articulos-salud\/wp-json\/wp\/v2\/categories?post=26455"},{"taxonomy":"post_tag","embeddable":true,"href":"https:\/\/www.biblia.work\/articulos-salud\/wp-json\/wp\/v2\/tags?post=26455"}],"curies":[{"name":"wp","href":"https:\/\/api.w.org\/{rel}","templated":true}]}}