{"id":26473,"date":"2022-08-31T14:26:51","date_gmt":"2022-08-31T19:26:51","guid":{"rendered":"https:\/\/www.biblia.work\/articulos-salud\/sintomas-de-depresion-vinculados-a-control-cognitivo-reducido-en-personas-con-autismo\/"},"modified":"2022-08-31T14:26:51","modified_gmt":"2022-08-31T19:26:51","slug":"sintomas-de-depresion-vinculados-a-control-cognitivo-reducido-en-personas-con-autismo","status":"publish","type":"post","link":"https:\/\/www.biblia.work\/articulos-salud\/sintomas-de-depresion-vinculados-a-control-cognitivo-reducido-en-personas-con-autismo\/","title":{"rendered":"S\u00edntomas de depresi\u00f3n vinculados a control cognitivo reducido en personas con autismo"},"content":{"rendered":"<p>Ejemplo de una imagen-palabra Stroop congruente e incongruente. Cr\u00e9dito: UC Davis Health <\/p>\n<p>Seg\u00fan un estudio de UC Davis, los adolescentes y adultos j\u00f3venes con trastorno del espectro autista (TEA) y aquellos con desarrollo t\u00edpico muestran un control cognitivo proactivo similar. Sin embargo, los s\u00edntomas de depresi\u00f3n en personas con autismo se relacionaron con un control menos proactivo. <\/p>\n<p>El control cognitivo se refiere a un conjunto de procesos mentales que coordinan pensamientos y comportamientos para adaptarse a las metas e intenciones propias. Un tipo de control cognitivo es el control proactivo, que se caracteriza por estar activamente listo y preparado centr\u00e1ndose en la informaci\u00f3n relevante para el objetivo con anticipaci\u00f3n.<\/p>\n<p>\u00abEl control proactivo es una funci\u00f3n cognitiva muy importante que le permite planificar y preparar c\u00f3mo dirigir tu atenci\u00f3n. Te permite seguir instrucciones o lograr ciertas metas sin distraerte\u00bb, dijo Marie Krug, cient\u00edfica asistente del proyecto en el Laboratorio Solomon en el Instituto MIND de UC Davis y autora principal del estudio.<\/p>\n<p>Autismo, s\u00edntomas de depresi\u00f3n y control cognitivo<\/p>\n<p>En este estudio, publicado el 14 de mayo en Journal of Abnormal Psychology, los investigadores examinaron si el control proactivo es diferente en adolescentes y adultos j\u00f3venes con TEA que en individuos con desarrollo. Tambi\u00e9n estudiaron c\u00f3mo las conductas repetitivas (un s\u00edntoma del TEA) y los trastornos psicol\u00f3gicos (como la depresi\u00f3n, la ansiedad y el trastorno por d\u00e9ficit de atenci\u00f3n\/hiperactividad) se relacionan con el control proactivo.<\/p>\n<p>El estudio cont\u00f3 con 88 participantes (44 con ASD y 44 con desarrollo t\u00edpico) entre las edades de 12 y 22. Los participantes se inscribieron en el Estudio de Control Cognitivo en Autismo (CoCoA) en el Instituto MIND de UC Davis.<\/p>\n<p>Los investigadores evaluaron el control proactivo usando una prueba de imagen-palabra de Stroop. Pidieron a los participantes que nombraran animales representados en dibujos con una palabra superpuesta. Calcularon los \u00abefectos de interferencia\u00bb midiendo la diferencia en el tiempo de reacci\u00f3n de los participantes entre ensayos incongruentes dif\u00edciles (con im\u00e1genes y palabras de animales que no coinciden) y ensayos congruentes m\u00e1s simples (con im\u00e1genes y palabras de animales coincidentes). Usaron dos versiones de la tarea de Stroop: un bloque en su mayor\u00eda congruente y un bloque en su mayor\u00eda incongruente.<\/p>\n<p>Los investigadores calcularon el control proactivo como la reducci\u00f3n en el efecto de interferencia del participante para el bloque en su mayor\u00eda incongruente en comparaci\u00f3n con el bloque en su mayor\u00eda congruente. .<\/p>\n<p>El estudio no encontr\u00f3 ninguna asociaci\u00f3n entre el control proactivo y los comportamientos repetitivos, ansiedad o problemas de d\u00e9ficit de atenci\u00f3n\/hiperactividad en el grupo TEA. Los participantes con autismo que ten\u00edan m\u00e1s s\u00edntomas de depresi\u00f3n mostraron menos capacidad para implementar un control proactivo.<\/p>\n<p>Las personas con autismo experimentan depresi\u00f3n cuatro veces m\u00e1s a menudo que sus pares neurot\u00edpicos. Un s\u00edntoma clave de la depresi\u00f3n es la rumiaci\u00f3n, el acto de insistir en pensamientos negativos. La rumiaci\u00f3n puede drenar o limitar los recursos cognitivos necesarios para ejercer un control proactivo. Esto fue especialmente cierto en bloques en su mayor\u00eda incongruentes donde los recursos cognitivos son los m\u00e1s necesarios.<\/p>\n<p>\u00abEste estudio nos ayuda a comprender mejor las fortalezas cognitivas y los desaf\u00edos en las personas con autismo\u00bb, dijo Marjorie Solomon, profesora de psiquiatr\u00eda y comportamiento. ciencias en UC Davis y autor principal del estudio. \u00abTambi\u00e9n proporciona pistas sobre el impacto de las condiciones coexistentes, como la depresi\u00f3n, en estas personas con autismo y, por lo tanto, ayuda a los investigadores con el desarrollo del tratamiento\u00bb. <\/p>\n<p>Explore m\u00e1s<\/p>\n<p> Controlar los pensamientos negativos ayuda a combatir la depresi\u00f3n en pacientes con Parkinson <strong>M\u00e1s informaci\u00f3n:<\/strong> Marie K. Krug et al, Control proactivo en adolescentes y adultos j\u00f3venes con trastorno del espectro autista: sin deterioro pero asociado con s\u00edntomas de depresi\u00f3n., Journal of Abnormal Psychology (2020). DOI: 10.1037\/abn0000527 <strong>Informaci\u00f3n de la revista:<\/strong> Journal of Abnormal Psychology <\/p>\n<p> Proporcionado por UC Davis <strong>Cita<\/strong>: S\u00edntomas de depresi\u00f3n vinculados a un control cognitivo reducido en personas con autismo (2020, 20 de mayo) recuperado el 31 de agosto de 2022 de https:\/\/medicalxpress.com\/news\/2020-05-depression-symptoms-linked-cognitive-people.html Este documento est\u00e1 sujeto a derechos de autor. Aparte de cualquier trato justo con fines de estudio o investigaci\u00f3n privados, ninguna parte puede reproducirse sin el permiso por escrito. El contenido se proporciona \u00fanicamente con fines informativos.<\/p>\n","protected":false},"excerpt":{"rendered":"<p>Ejemplo de una imagen-palabra Stroop congruente e incongruente. Cr\u00e9dito: UC Davis Health Seg\u00fan un estudio de UC Davis, los adolescentes y adultos j\u00f3venes con trastorno del espectro autista (TEA) y aquellos con desarrollo t\u00edpico muestran un control cognitivo proactivo similar. Sin embargo, los s\u00edntomas de depresi\u00f3n en personas con autismo se relacionaron con un control &hellip; <a href=\"https:\/\/www.biblia.work\/articulos-salud\/sintomas-de-depresion-vinculados-a-control-cognitivo-reducido-en-personas-con-autismo\/\" class=\"more-link\">Continuar leyendo<span class=\"screen-reader-text\"> \u00abS\u00edntomas de depresi\u00f3n vinculados a control cognitivo reducido en personas con autismo\u00bb<\/span><\/a><\/p>\n","protected":false},"author":1,"featured_media":0,"comment_status":"","ping_status":"","sticky":false,"template":"","format":"standard","meta":{"footnotes":""},"categories":[1],"tags":[],"class_list":["post-26473","post","type-post","status-publish","format-standard","hentry","category-general"],"_links":{"self":[{"href":"https:\/\/www.biblia.work\/articulos-salud\/wp-json\/wp\/v2\/posts\/26473","targetHints":{"allow":["GET"]}}],"collection":[{"href":"https:\/\/www.biblia.work\/articulos-salud\/wp-json\/wp\/v2\/posts"}],"about":[{"href":"https:\/\/www.biblia.work\/articulos-salud\/wp-json\/wp\/v2\/types\/post"}],"author":[{"embeddable":true,"href":"https:\/\/www.biblia.work\/articulos-salud\/wp-json\/wp\/v2\/users\/1"}],"replies":[{"embeddable":true,"href":"https:\/\/www.biblia.work\/articulos-salud\/wp-json\/wp\/v2\/comments?post=26473"}],"version-history":[{"count":0,"href":"https:\/\/www.biblia.work\/articulos-salud\/wp-json\/wp\/v2\/posts\/26473\/revisions"}],"wp:attachment":[{"href":"https:\/\/www.biblia.work\/articulos-salud\/wp-json\/wp\/v2\/media?parent=26473"}],"wp:term":[{"taxonomy":"category","embeddable":true,"href":"https:\/\/www.biblia.work\/articulos-salud\/wp-json\/wp\/v2\/categories?post=26473"},{"taxonomy":"post_tag","embeddable":true,"href":"https:\/\/www.biblia.work\/articulos-salud\/wp-json\/wp\/v2\/tags?post=26473"}],"curies":[{"name":"wp","href":"https:\/\/api.w.org\/{rel}","templated":true}]}}