{"id":26481,"date":"2022-08-31T14:27:21","date_gmt":"2022-08-31T19:27:21","guid":{"rendered":"https:\/\/www.biblia.work\/articulos-salud\/las-muertes-por-el-virus-de-brasil-aumentan-a-medida-que-la-pandemia-pica-en-america-latina\/"},"modified":"2022-08-31T14:27:21","modified_gmt":"2022-08-31T19:27:21","slug":"las-muertes-por-el-virus-de-brasil-aumentan-a-medida-que-la-pandemia-pica-en-america-latina","status":"publish","type":"post","link":"https:\/\/www.biblia.work\/articulos-salud\/las-muertes-por-el-virus-de-brasil-aumentan-a-medida-que-la-pandemia-pica-en-america-latina\/","title":{"rendered":"Las muertes por el virus de Brasil aumentan a medida que la pandemia pica en Am\u00e9rica Latina"},"content":{"rendered":"<p>Las infecciones en Brasil, que ya es la tercera m\u00e1s alta del mundo, est\u00e1n aumentando por miles, y se espera que el brote en el sexto pa\u00eds m\u00e1s grande del mundo se acelere y no alcance su punto m\u00e1ximo hasta principios de junio <\/p>\n<p>Brasil registr\u00f3 su mayor n\u00famero de muertes por coronavirus en un d\u00eda cuando Am\u00e9rica Latina comenz\u00f3 a sentir toda la fuerza de la pandemia, mientras que la Organizaci\u00f3n Mundial de la Salud acord\u00f3 investigar su respuesta a la crisis. <\/p>\n<p>Con las infecciones acerc\u00e1ndose r\u00e1pidamente a los cinco millones, las muertes superando las 320\u00a0000 y la econom\u00eda global devastada, existe el temor de que lo peor est\u00e9 por venir para las partes m\u00e1s pobres del mundo mientras intentan desesperadamente contener la propagaci\u00f3n del virus.<\/p>\n<p> p&gt; <\/p>\n<p>Hubo un aumento alarmante el martes en Brasil cuando las muertes diarias de COVID-19 cruzaron las 1,000 por primera vez, pero el presidente de extrema derecha, Jair Bolsonaro, sigue oponi\u00e9ndose en\u00e9rgicamente a los cierres, describi\u00e9ndolos como innecesarios por una \u00abpeque\u00f1a gripe\u00bb. \u00ab.<\/p>\n<p>\u00abNuestro pa\u00eds va de mal en peor, cada vez es peor\u00bb, dijo el jubilado Gilberto Ferreira en R\u00edo de Janeiro. \u00abTenemos un gobierno ineficiente, y la gente tampoco obedece las reglas de la pandemia\u00bb.<\/p>\n<p>Las infecciones en Brasil, que ya eran las terceras m\u00e1s altas del mundo, estaban aumentando por miles, con el brote en el sexto lugar m\u00e1s grande del mundo. Se espera que el pa\u00eds se acelere hasta principios de junio.<\/p>\n<p>El aumento del coronavirus en Am\u00e9rica Latina ha obligado a algunas \u00e1reas a suspender sus planes para aflojar las restricciones, y la segunda ciudad de Argentina, C\u00f3rdoba, revirti\u00f3 los planes para aliviar el bloqueo debido a un aumento en infecciones.<\/p>\n<p> Mapa mundial que muestra el n\u00famero oficial de muertes por coronavirus por pa\u00eds, al 19 de mayo a las 1900 GMT <\/p>\n<p>Ha habido advertencias sobre el impacto de la pandemia en las comunidades menos privilegiadas, y el jefe del Banco Mundial, David Malpass, dijo el martes que hasta 60 millones de personas podr\u00edan ser \u00abempujadas a la pobreza extrema\u00bb.<\/p>\n<p>En un ejemplo preocupante de la creciente presi\u00f3n econ\u00f3mica, Chile, que tambi\u00e9n est\u00e1 sufriendo un fuerte aumento en los casos, despleg\u00f3 soldados en las afueras de sus -abajo Santiago, tras enfrentamientos con manifestantes enojados por la escasez de alimentos y la p\u00e9rdida de empleos.<\/p>\n<p>\u201cNo tienen trabajo, est\u00e1n encerrados en su casa, no pueden salir a buscar trabajo\u201d, dijo Jorge, un carpintero en paro. \u00abEst\u00e1n obligando al chileno, al trabajador, a salir a robar\u00bb.<\/p>\n<p>En el otro lado del mundo, las autoridades se apresuraban a trasladar a las personas a un lugar seguro mientras intentaban prevenir la propagaci\u00f3n del coronavirus. mientras el cicl\u00f3n m\u00e1s feroz en d\u00e9cadas en la Bah\u00eda de Bengala se abati\u00f3 sobre millones de personas en el este de India y Bangladesh.<\/p>\n<p> Chile despleg\u00f3 soldados en las afueras de su capital Santiago despu\u00e9s de enfrentamientos con manifestantes enojados por la escasez de alimentos y empleo. p\u00e9rdidas <\/p>\n<p>&#8216;Da\u00f1o permanente&#8217;<\/p>\n<p>Los sombr\u00edos n\u00fameros de Am\u00e9rica Latina se produjeron cuando la Organizaci\u00f3n Mundial de la Salud acord\u00f3 iniciar una investigaci\u00f3n independiente sobre su manejo del brote despu\u00e9s de los ataques mordaces de los Estados Unidos, que est\u00e1 bloqueado en una pelea con Beijing por la pandemia.<\/p>\n<p>El presidente Donald Trump ha amenazado con cortar permanentemente los fondos estadounidenses para la OMS, acusando al organismo de la ONU de ser un \u00abt\u00edtere de China\u00bb y ayudar a Beijing a encubrir el brote inicial. .<\/p>\n<p>China ha negado furiosamente la acusaci\u00f3n, diciendo que EE. UU. est\u00e1 haciendo tales afirmaciones para \u00abeludir la responsabilidad y negociar sus obligaciones internacionales con la OMS\u00bb.<\/p>\n<p>Rusia ha denunciado la amenaza de Trump, y la Uni\u00f3n Europea tambi\u00e9n ha respaldado a la OMS, diciendo que \u00abno era el momento de se\u00f1alar con el dedo\u00bb.<\/p>\n<p>La disputa ha amenazado los esfuerzos para coordinar una respuesta global a la pandemia, pero el presidente estadounidense se ha atrincherado y contin\u00faa apuntando a China y la OMS mientras enfrenta una intensa presi\u00f3n interna para encontrar una salida a la crisis.<\/p>\n<p> El presidente Donald Trump ha amenazado con cortar permanentemente los fondos estadounidenses a la OMS, acusando al organismo de la ONU de ser un \u00abt\u00edtere de China\u00bb y ayudar a Beijing a encubrir el brote inicial <\/p>\n<p>Estados Unidos es el pa\u00eds m\u00e1s afectado del mundo, con casi 92.000 muertes por COVID-19 y m\u00e1s de 1,5 millones de casos, y muchos est\u00e1n cansados de las medidas de distanciamiento social que han afectado a la econom\u00eda m\u00e1s grande del mundo y han dejado a decenas de millones de personas sin empleo .<\/p>\n<p>Trump est\u00e1 ansioso por ver el final a las medidas de confinamiento en los EE. UU. con las elecciones presidenciales previstas para noviembre, y su secretario del Tesoro, Steven Mnuchin, advirti\u00f3 que la econom\u00eda estadounidense corre el riesgo de sufrir \u00abda\u00f1os permanentes\u00bb cuanto m\u00e1s se prolongue el confinamiento.<\/p>\n<p>Ca\u00edda dr\u00e1stica de CO2<\/p>\n<p>Desde que apareci\u00f3 por primera vez en el centro de China a fines del a\u00f1o pasado, el virus ha transformado la vida y los negocios en todo el mundo y su impacto se ha sentido de m\u00faltiples maneras, desde el silencio de los centros de las ciudades que alguna vez fueron ocupados hasta cambios ambientales significativos.<\/p>\n<p>Los investigadores informaron el martes que las emisiones globales de di\u00f3xido de carbono de los combustibles f\u00f3siles disminuir\u00e1n hasta un siete por ciento en 2020 debido a la pandemia, la disminuci\u00f3n m\u00e1s pronunciada desde la Segunda Guerra Mundial.<\/p>\n<ul>\n<li data-thumb=\" https:\/\/scx1.b-cdn.net\/csz\/news\/tmb\/2020\/intheusmanya.jpg\" data-src=\"https:\/\/scx2.b-cdn.net\/gfx\/news\/2020\/intheusmanya.jpg \" data-sub-html=\"En los EE. UU., muchos se est\u00e1n cansando de las medidas de distanciamiento social que han afectado a la econom\u00eda m\u00e1s grande del mundo y han dejado a decenas de millones de personas sin empleo yed\"> En los EE. UU., muchos se est\u00e1n cansando de las medidas de distanciamiento social que han afectado a la econom\u00eda m\u00e1s grande del mundo y han dejado a decenas de millones de desempleados <\/li>\n<li data-thumb=\"https:\/\/scx1.b-cdn.net\/ csz\/news\/tmb\/2020\/withcitystre.jpg\" data-src=\"https:\/\/scx2.b-cdn.net\/gfx\/news\/2020\/withcitystre.jpg\" data-sub-html=\"Con calles de la ciudad casi desiertas debido a la pandemia, los investigadores informaron que las emisiones globales de di\u00f3xido de carbono de los combustibles f\u00f3siles se reducir\u00e1n hasta un siete por ciento en 2020\"> Con las calles de la ciudad casi desiertas debido a la pandemia, los investigadores informaron que las emisiones globales de di\u00f3xido de carbono de los combustibles f\u00f3siles se reducir\u00e1n disminuir\u00e1 hasta en un siete por ciento en 2020 <\/li>\n<\/ul>\n<p>Pero la dr\u00e1stica ca\u00edda a\u00fan \u00abapenas har\u00eda mella en la acumulaci\u00f3n continua de di\u00f3xido de carbono en la atm\u00f3sfera\u00bb, dijo Richard Betts, jefe de investigaci\u00f3n sobre los impactos clim\u00e1ticos en el Centro Hadley de la Oficina Meteorol\u00f3gica de Gran Breta\u00f1a.<\/p>\n<p>Y a medida que Asia comenz\u00f3 a evaluar el da\u00f1o causado por la pandemia, algunos pa\u00edses se dieron cuenta de que hab\u00eda Ha habido algunos beneficios imprevistos, a pesar de la mayor destrucci\u00f3n econ\u00f3mica. <\/p>\n<p>Vietnam ha visto una ca\u00edda en el crimen durante su aislamiento nacional, Hong Kong ha aclamado el final temprano de su temporada anual de gripe, y ahora Tailandia, conocida por su gran n\u00famero de muertes en carretera, ha visto una notable mejora en la seguridad.<\/p>\n<p>\u00abLos accidentes han disminuido bastante\u00bb, dijo Banjerd Premjit, jefe de un equipo m\u00e9dico de emergencia que opera en las afueras de Bangkok, y atribuy\u00f3 la tendencia a las medidas contra el virus de Tailandia, incluida la prohibici\u00f3n de la venta de alcohol.<\/p>\n<p> \u00abLa gente bebe menos y es menos imprudente en las carreteras\u00bb. <\/p>\n<p>Explore m\u00e1s<\/p>\n<p> Siga las \u00faltimas noticias sobre el brote de coronavirus (COVID-19) <\/p>\n<p> 2020 AFP <\/p>\n<p> <strong>Cita<\/strong>: Las muertes por el virus de Brasil aumentan a medida que la pandemia afecta a Am\u00e9rica Latina (20 de mayo de 2020) recuperado el 31 de agosto de 2022 de https:\/\/medicalxpress.com\/news\/2020-05-brazil-virus-deaths-surge-pandemic.html Este documento est\u00e1 sujeto a derechos de autor. Aparte de cualquier trato justo con fines de estudio o investigaci\u00f3n privados, ninguna parte puede reproducirse sin el permiso por escrito. El contenido se proporciona \u00fanicamente con fines informativos.<\/p>\n","protected":false},"excerpt":{"rendered":"<p>Las infecciones en Brasil, que ya es la tercera m\u00e1s alta del mundo, est\u00e1n aumentando por miles, y se espera que el brote en el sexto pa\u00eds m\u00e1s grande del mundo se acelere y no alcance su punto m\u00e1ximo hasta principios de junio Brasil registr\u00f3 su mayor n\u00famero de muertes por coronavirus en un d\u00eda &hellip; <a href=\"https:\/\/www.biblia.work\/articulos-salud\/las-muertes-por-el-virus-de-brasil-aumentan-a-medida-que-la-pandemia-pica-en-america-latina\/\" class=\"more-link\">Continuar leyendo<span class=\"screen-reader-text\"> \u00abLas muertes por el virus de Brasil aumentan a medida que la pandemia pica en Am\u00e9rica Latina\u00bb<\/span><\/a><\/p>\n","protected":false},"author":1,"featured_media":0,"comment_status":"","ping_status":"","sticky":false,"template":"","format":"standard","meta":{"footnotes":""},"categories":[1],"tags":[],"class_list":["post-26481","post","type-post","status-publish","format-standard","hentry","category-general"],"_links":{"self":[{"href":"https:\/\/www.biblia.work\/articulos-salud\/wp-json\/wp\/v2\/posts\/26481","targetHints":{"allow":["GET"]}}],"collection":[{"href":"https:\/\/www.biblia.work\/articulos-salud\/wp-json\/wp\/v2\/posts"}],"about":[{"href":"https:\/\/www.biblia.work\/articulos-salud\/wp-json\/wp\/v2\/types\/post"}],"author":[{"embeddable":true,"href":"https:\/\/www.biblia.work\/articulos-salud\/wp-json\/wp\/v2\/users\/1"}],"replies":[{"embeddable":true,"href":"https:\/\/www.biblia.work\/articulos-salud\/wp-json\/wp\/v2\/comments?post=26481"}],"version-history":[{"count":0,"href":"https:\/\/www.biblia.work\/articulos-salud\/wp-json\/wp\/v2\/posts\/26481\/revisions"}],"wp:attachment":[{"href":"https:\/\/www.biblia.work\/articulos-salud\/wp-json\/wp\/v2\/media?parent=26481"}],"wp:term":[{"taxonomy":"category","embeddable":true,"href":"https:\/\/www.biblia.work\/articulos-salud\/wp-json\/wp\/v2\/categories?post=26481"},{"taxonomy":"post_tag","embeddable":true,"href":"https:\/\/www.biblia.work\/articulos-salud\/wp-json\/wp\/v2\/tags?post=26481"}],"curies":[{"name":"wp","href":"https:\/\/api.w.org\/{rel}","templated":true}]}}