{"id":26487,"date":"2022-08-31T14:27:43","date_gmt":"2022-08-31T19:27:43","guid":{"rendered":"https:\/\/www.biblia.work\/articulos-salud\/obligan-a-espanoles-mayores-de-seis-anos-a-usar-mascarillas\/"},"modified":"2022-08-31T14:27:43","modified_gmt":"2022-08-31T19:27:43","slug":"obligan-a-espanoles-mayores-de-seis-anos-a-usar-mascarillas","status":"publish","type":"post","link":"https:\/\/www.biblia.work\/articulos-salud\/obligan-a-espanoles-mayores-de-seis-anos-a-usar-mascarillas\/","title":{"rendered":"Obligan a espa\u00f1oles mayores de seis a\u00f1os a usar mascarillas"},"content":{"rendered":"<p> Credit: CC0 Public Domain Todas las personas en Espa\u00f1a mayores de seis a\u00f1os deben usar una mascarilla en p\u00fablico donde no sea posible el distanciamiento social, dijeron funcionarios el mi\u00e9rcoles cuando Barcelona reabri\u00f3 playas y parques para gente a dar un paseo. <\/p>\n<p>La nueva regla entrar\u00eda en vigencia a partir del jueves, dijo un decreto del gobierno, sin especificar las sanciones por incumplimiento. <\/p>\n<p>El uso de mascarillas ya es obligatorio en el transporte p\u00fablico en Espa\u00f1a, donde la epidemia se ha cobrado cerca de 28.000 vidas aunque la tasa de mortalidad se ha ralentizado y el confinamiento se est\u00e1 relajando progresivamente.<\/p>\n<p>\u00abUsar las mascarillas ser\u00e1n obligatorias en la calle, en los espacios abiertos y en cualquier lugar cerrado de uso p\u00fablico&#8230; cuando no sea posible mantener una distancia de seguridad de al menos dos metros\u201d, dec\u00eda el decreto.<\/p>\n<p>Como Adem\u00e1s de ser obligatorio para cualquier persona a partir de los seis a\u00f1os, el uso de mascarillas era \u00abrecomendado\u00bb para ni\u00f1os de entre tres y cinco a\u00f1os, dijo.<\/p>\n<p>Las personas con dificultades respiratorias o con una justificaci\u00f3n aceptable est\u00e1n exentas. <\/p>\n<p>Aunque el 70 por ciento del pa\u00eds ahora disfruta de algunas libertades limitadas, las medidas de flexibilizaci\u00f3n a\u00fan no han comenzado en las \u00e1reas m\u00e1s afectadas de Madrid y Barcelona. <\/p>\n<p>El mi\u00e9rcoles, sin embargo, Barcelona reabri\u00f3 sus playas y parques para que la gente pasee en una ligera flexibilizaci\u00f3n de las restricciones. <\/p>\n<p>Aunque las playas de la segunda ciudad de Espa\u00f1a hab\u00edan sido accesibles para hacer ejercicio por las ma\u00f1anas, el cambio significa que cualquiera que quiera dar un paseo por la arena ahora puede hacerlo entre las 6:00 y las 20:00 horas . <\/p>\n<p>\u00abDisfrutemos de la playa con responsabilidad. Recuerden que no est\u00e1 permitido nadar, tomar el sol ni hacer deporte en grupo\u00bb, tuite\u00f3 la polic\u00eda de la ciudad. <\/p>\n<p>Sin embargo, se pod\u00eda ver a muchas personas tumbadas al sol o tomando un caf\u00e9 en la arena, dijo un corresponsal de la AFP, y la polic\u00eda en gran medida hizo la vista gorda.<\/p>\n<p>\u00abNo he No he visto el mar durante dos meses\u00bb, dijo Helena Prades, una psic\u00f3loga de 43 a\u00f1os sentada en la arena con un colega, ambos con m\u00e1scaras.<\/p>\n<p>\u00abRealmente quer\u00edamos escuchar el sonido del mar\u00bb. olas y caminar un poco por la arena\u00bb.<\/p>\n<p>La ciudad tambi\u00e9n abri\u00f3 sus parques que han estado cerrados desde el inicio del confinamiento del 14 de marzo, como el Parque G\u00fcell, que fue dise\u00f1ado por el famoso arquitecto catal\u00e1n Antoni Chucher\u00eda. <\/p>\n<p>Explorar m\u00e1s<\/p>\n<p> Nuevas muertes por virus en Espa\u00f1a caen al m\u00ednimo de dos meses por debajo de 100 <\/p>\n<p> 2020 AFP <\/p>\n<p> <strong>Cita<\/strong>: Espa\u00f1oles mayores de seis a\u00f1os obligados a usar m\u00e1scaras ( 2020, 20 de mayo) recuperado el 31 de agosto de 2022 de https:\/\/medicalxpress.com\/news\/2020-05-spaniards-aged-masks.html Este documento est\u00e1 sujeto a derechos de autor. Aparte de cualquier trato justo con fines de estudio o investigaci\u00f3n privados, ninguna parte puede reproducirse sin el permiso por escrito. El contenido se proporciona \u00fanicamente con fines informativos.<\/p>\n","protected":false},"excerpt":{"rendered":"<p>Credit: CC0 Public Domain Todas las personas en Espa\u00f1a mayores de seis a\u00f1os deben usar una mascarilla en p\u00fablico donde no sea posible el distanciamiento social, dijeron funcionarios el mi\u00e9rcoles cuando Barcelona reabri\u00f3 playas y parques para gente a dar un paseo. La nueva regla entrar\u00eda en vigencia a partir del jueves, dijo un decreto &hellip; <a href=\"https:\/\/www.biblia.work\/articulos-salud\/obligan-a-espanoles-mayores-de-seis-anos-a-usar-mascarillas\/\" class=\"more-link\">Continuar leyendo<span class=\"screen-reader-text\"> \u00abObligan a espa\u00f1oles mayores de seis a\u00f1os a usar mascarillas\u00bb<\/span><\/a><\/p>\n","protected":false},"author":1,"featured_media":0,"comment_status":"","ping_status":"","sticky":false,"template":"","format":"standard","meta":{"footnotes":""},"categories":[1],"tags":[],"class_list":["post-26487","post","type-post","status-publish","format-standard","hentry","category-general"],"_links":{"self":[{"href":"https:\/\/www.biblia.work\/articulos-salud\/wp-json\/wp\/v2\/posts\/26487","targetHints":{"allow":["GET"]}}],"collection":[{"href":"https:\/\/www.biblia.work\/articulos-salud\/wp-json\/wp\/v2\/posts"}],"about":[{"href":"https:\/\/www.biblia.work\/articulos-salud\/wp-json\/wp\/v2\/types\/post"}],"author":[{"embeddable":true,"href":"https:\/\/www.biblia.work\/articulos-salud\/wp-json\/wp\/v2\/users\/1"}],"replies":[{"embeddable":true,"href":"https:\/\/www.biblia.work\/articulos-salud\/wp-json\/wp\/v2\/comments?post=26487"}],"version-history":[{"count":0,"href":"https:\/\/www.biblia.work\/articulos-salud\/wp-json\/wp\/v2\/posts\/26487\/revisions"}],"wp:attachment":[{"href":"https:\/\/www.biblia.work\/articulos-salud\/wp-json\/wp\/v2\/media?parent=26487"}],"wp:term":[{"taxonomy":"category","embeddable":true,"href":"https:\/\/www.biblia.work\/articulos-salud\/wp-json\/wp\/v2\/categories?post=26487"},{"taxonomy":"post_tag","embeddable":true,"href":"https:\/\/www.biblia.work\/articulos-salud\/wp-json\/wp\/v2\/tags?post=26487"}],"curies":[{"name":"wp","href":"https:\/\/api.w.org\/{rel}","templated":true}]}}