{"id":27354,"date":"2022-08-31T15:20:19","date_gmt":"2022-08-31T20:20:19","guid":{"rendered":"https:\/\/www.biblia.work\/articulos-salud\/olfateando-un-fenomeno-inusualmente-comun-en-pacientes-con-covid-19\/"},"modified":"2022-08-31T15:20:19","modified_gmt":"2022-08-31T20:20:19","slug":"olfateando-un-fenomeno-inusualmente-comun-en-pacientes-con-covid-19","status":"publish","type":"post","link":"https:\/\/www.biblia.work\/articulos-salud\/olfateando-un-fenomeno-inusualmente-comun-en-pacientes-con-covid-19\/","title":{"rendered":"Olfateando un fen\u00f3meno inusualmente com\u00fan en pacientes con COVID-19"},"content":{"rendered":"<p>Cr\u00e9dito: Petr Kratochvil\/dominio p\u00fablico <\/p>\n<p>De todos los s\u00edntomas de COVID-19 que Benjamin Abella ve en la sala de emergencias, la p\u00e9rdida del olfato o del gusto es el m\u00e1s extra\u00f1o, pero no porque es causado por el virus. Se sabe que otros virus tienen el mismo efecto. M\u00e1s bien, se debe a que muchos pacientes lo experimentan y de diferentes maneras. <\/p>\n<p>\u00abTratamos a las personas afectadas por la gripe, los virus del resfriado y todo tipo de virus en la sala de emergencias. Y la mayor\u00eda de ellos no hacen esto\u00bb, dice Abella, profesora de medicina de emergencia en la Escuela de Medicina Perelman. \u00abCreo que es un ejemplo m\u00e1s de c\u00f3mo este virus realmente nos obliga a reexaminar lo que sabemos sobre los virus y c\u00f3mo funcionan\u00bb.<\/p>\n<p>Durante los \u00faltimos dos meses, la evidencia anecd\u00f3tica, los informes de casos y los testimonios de pacientes han document\u00f3 la disfunci\u00f3n del olfato y el gusto, lo que llev\u00f3 a los Centros para el Control y la Prevenci\u00f3n de Enfermedades a agregarlo recientemente a su lista oficial de s\u00edntomas de COVID-19, junto con otros cinco nuevos.<\/p>\n<p>El personal del departamento de emergencias de Penn ha comenz\u00f3 a preguntar cada vez m\u00e1s a los pacientes al respecto cuando est\u00e1n bajo su cuidado. Aunque aparece com\u00fanmente entre los pacientes, Abella ha observado que el grado de p\u00e9rdida y el tiempo de persistencia var\u00eda. Muchos lo notan antes de que se manifiesten otros s\u00edntomas. Algunos experimentan la p\u00e9rdida m\u00e1s intensamente. Para otros, sus sentidos no se recuperan por completo hasta despu\u00e9s de que se han recuperado.<\/p>\n<p>\u00abNos resulta muy dif\u00edcil que este virus tenga tal rango. Algunas personas no tienen s\u00edntomas, mientras que otras mueren dentro de uno o dos d\u00edas\u00bb, dice Abella. \u00abEsta p\u00e9rdida del olfato y del gusto es otra forma de desobedecer las reglas de los virus que conocemos\u00bb.<\/p>\n<p>La b\u00fasqueda de respuestas contin\u00faa. <\/p>\n<p>Explore m\u00e1s<\/p>\n<p> Siga las \u00faltimas noticias sobre el brote de coronavirus (COVID-19) Proporcionado por la Universidad de Pensilvania <strong>Cita<\/strong>: Detectar un fen\u00f3meno inusualmente com\u00fan en pacientes con COVID-19 (2020, 11 de mayo) recuperado el 31 de agosto de 2022 de https:\/\/medicalxpress.com\/news\/2020-05-sniffing-unused-common-phenomenon-covid-.html Este documento est\u00e1 sujeto a derechos de autor. Aparte de cualquier trato justo con fines de estudio o investigaci\u00f3n privados, ninguna parte puede reproducirse sin el permiso por escrito. El contenido se proporciona \u00fanicamente con fines informativos.<\/p>\n","protected":false},"excerpt":{"rendered":"<p>Cr\u00e9dito: Petr Kratochvil\/dominio p\u00fablico De todos los s\u00edntomas de COVID-19 que Benjamin Abella ve en la sala de emergencias, la p\u00e9rdida del olfato o del gusto es el m\u00e1s extra\u00f1o, pero no porque es causado por el virus. Se sabe que otros virus tienen el mismo efecto. M\u00e1s bien, se debe a que muchos pacientes &hellip; <a href=\"https:\/\/www.biblia.work\/articulos-salud\/olfateando-un-fenomeno-inusualmente-comun-en-pacientes-con-covid-19\/\" class=\"more-link\">Continuar leyendo<span class=\"screen-reader-text\"> \u00abOlfateando un fen\u00f3meno inusualmente com\u00fan en pacientes con COVID-19\u00bb<\/span><\/a><\/p>\n","protected":false},"author":1,"featured_media":0,"comment_status":"","ping_status":"","sticky":false,"template":"","format":"standard","meta":{"footnotes":""},"categories":[1],"tags":[],"class_list":["post-27354","post","type-post","status-publish","format-standard","hentry","category-general"],"_links":{"self":[{"href":"https:\/\/www.biblia.work\/articulos-salud\/wp-json\/wp\/v2\/posts\/27354","targetHints":{"allow":["GET"]}}],"collection":[{"href":"https:\/\/www.biblia.work\/articulos-salud\/wp-json\/wp\/v2\/posts"}],"about":[{"href":"https:\/\/www.biblia.work\/articulos-salud\/wp-json\/wp\/v2\/types\/post"}],"author":[{"embeddable":true,"href":"https:\/\/www.biblia.work\/articulos-salud\/wp-json\/wp\/v2\/users\/1"}],"replies":[{"embeddable":true,"href":"https:\/\/www.biblia.work\/articulos-salud\/wp-json\/wp\/v2\/comments?post=27354"}],"version-history":[{"count":0,"href":"https:\/\/www.biblia.work\/articulos-salud\/wp-json\/wp\/v2\/posts\/27354\/revisions"}],"wp:attachment":[{"href":"https:\/\/www.biblia.work\/articulos-salud\/wp-json\/wp\/v2\/media?parent=27354"}],"wp:term":[{"taxonomy":"category","embeddable":true,"href":"https:\/\/www.biblia.work\/articulos-salud\/wp-json\/wp\/v2\/categories?post=27354"},{"taxonomy":"post_tag","embeddable":true,"href":"https:\/\/www.biblia.work\/articulos-salud\/wp-json\/wp\/v2\/tags?post=27354"}],"curies":[{"name":"wp","href":"https:\/\/api.w.org\/{rel}","templated":true}]}}