{"id":27373,"date":"2022-08-31T15:21:10","date_gmt":"2022-08-31T20:21:10","guid":{"rendered":"https:\/\/www.biblia.work\/articulos-salud\/encuesta-global-de-4000-pacientes-con-coronavirus-respalda-el-vinculo-entre-covid-19-y-la-perdida-del-olfato-y-el-gusto\/"},"modified":"2022-08-31T15:21:10","modified_gmt":"2022-08-31T20:21:10","slug":"encuesta-global-de-4000-pacientes-con-coronavirus-respalda-el-vinculo-entre-covid-19-y-la-perdida-del-olfato-y-el-gusto","status":"publish","type":"post","link":"https:\/\/www.biblia.work\/articulos-salud\/encuesta-global-de-4000-pacientes-con-coronavirus-respalda-el-vinculo-entre-covid-19-y-la-perdida-del-olfato-y-el-gusto\/","title":{"rendered":"Encuesta global de 4000 pacientes con coronavirus respalda el v\u00ednculo entre COVID-19 y la p\u00e9rdida del olfato y el gusto"},"content":{"rendered":"<p>Cr\u00e9dito: CC0 Public Domain <\/p>\n<p>Una encuesta masiva de colaboraci\u00f3n abierta de pacientes con COVID-19 de m\u00e1s de 40 pa\u00edses proporciona la mayor evidencia hasta la fecha de el v\u00ednculo entre COVID-19 y la p\u00e9rdida del olfato, el gusto y la quimioestesia, la capacidad de percibir sensaciones refrescantes, de hormigueo y de ardor de estimulantes como los chiles y el mentol. Estos hallazgos eventualmente ayudar\u00e1n a distinguir a los pacientes con COVID-19 de aquellos con infecciones virales comunes, como el resfriado o la gripe, y ayudar\u00e1n a priorizar el suministro limitado de pruebas de COVID-19. <\/p>\n<p>La profesora Masha Niv, vicedecana de la Facultad de Agricultura, Alimentaci\u00f3n y Medio Ambiente de la Universidad Hebrea de Jerusal\u00e9n, es miembro l\u00edder del Consorcio Global para la Investigaci\u00f3n Quimiosensorial (GCCR) que lanz\u00f3 esta encuesta el 7 de abril de 2020. Extrajeron la base de datos el 18 de abril para conocer los hallazgos iniciales y han publicado sus resultados en medRxiv.<\/p>\n<p>Basado en 4039 participantes positivos para COVID-19 de todo el mundo, el GCCR encontr\u00f3 que el olfato, el gusto y la qu\u00edmica se reducen significativamente durante el enfermedad. La obstrucci\u00f3n nasal no parece estar asociada con estas p\u00e9rdidas de sentido, lo que sugiere que estos s\u00edntomas pueden ser una forma importante de distinguir la infecci\u00f3n por COVID-19 de otras infecciones virales.<\/p>\n<p>\u00abNuestros hallazgos muestran que COVID-19 afecta ampliamente funci\u00f3n quimiosensorial y no se limita a la p\u00e9rdida del olfato, y que la interrupci\u00f3n de estas funciones debe considerarse un posible indicador de COVID-19\u00bb, explic\u00f3 Niv.<\/p>\n<p>La encuesta en curso pide a los participantes diagnosticados con COVID-19 que cuantifiquen sus sentidos del olfato, gusto y quimioest\u00e9sicos tanto antes como durante la enfermedad, y para informar cualquier obstrucci\u00f3n nasal. Este proyecto se diferencia de estudios anteriores sobre quimiosensorial y COVID-19 en que aprovecha un enfoque multinacional de \u00abciencia abierta\u00bb. La encuesta est\u00e1 disponible en 27 idiomas, incluidos ingl\u00e9s, franc\u00e9s, espa\u00f1ol, alem\u00e1n, italiano, japon\u00e9s, \u00e1rabe, noruego, espa\u00f1ol, sueco y turco. Hasta la fecha, m\u00e1s de 30 000 respuestas se han obtenido mediante colaboraci\u00f3n colectiva a trav\u00e9s de la prensa tradicional, la televisi\u00f3n, la radio y las redes sociales.<\/p>\n<p>\u00abLo que se necesita para luchar contra una pandemia mundial es un enfoque global. Eso es lo que GCCR hace mejor. Hemos aprovechado cient\u00edficos, m\u00e9dicos y pacientes de todo el mundo para brindarnos una mejor comprensi\u00f3n del impacto de la enfermedad en varias poblaciones y brindarnos pistas significativas para un mejor diagn\u00f3stico y tratamiento de la enfermedad COVID-19\u00bb, concluy\u00f3 Niv.<\/p>\n<p>Para obtener informaci\u00f3n o participar en la encuesta, inicie sesi\u00f3n en https:\/\/gcchemosensr.org\/surveys\/ <\/p>\n<p>Explore m\u00e1s<\/p>\n<p> Siga las \u00faltimas noticias sobre el brote de coronavirus (COVID-19) <strong>M\u00e1s informaci\u00f3n:<\/strong> Valentina Parma et al. M\u00e1s que solo el olfato: COVID-19 est\u00e1 asociado con un deterioro grave del olfato, el gusto y la quemestesis (2020). DOI: 10.1101\/2020.05.04.20090902 Proporcionado por la Universidad Hebrea de Jerusal\u00e9n <strong>Cita<\/strong>: Encuesta global de 4000 pacientes con coronavirus respalda el v\u00ednculo entre COVID-19 y la p\u00e9rdida del olfato y el gusto (11 de mayo de 2020) consultado el 31 de agosto de 2022 de https:\/\/medicalxpress.com\/news\/2020-05-global-survey-coronavirus-patients-link.html Este documento est\u00e1 sujeto a derechos de autor. Aparte de cualquier trato justo con fines de estudio o investigaci\u00f3n privados, ninguna parte puede reproducirse sin el permiso por escrito. El contenido se proporciona \u00fanicamente con fines informativos.<\/p>\n","protected":false},"excerpt":{"rendered":"<p>Cr\u00e9dito: CC0 Public Domain Una encuesta masiva de colaboraci\u00f3n abierta de pacientes con COVID-19 de m\u00e1s de 40 pa\u00edses proporciona la mayor evidencia hasta la fecha de el v\u00ednculo entre COVID-19 y la p\u00e9rdida del olfato, el gusto y la quimioestesia, la capacidad de percibir sensaciones refrescantes, de hormigueo y de ardor de estimulantes como &hellip; <a href=\"https:\/\/www.biblia.work\/articulos-salud\/encuesta-global-de-4000-pacientes-con-coronavirus-respalda-el-vinculo-entre-covid-19-y-la-perdida-del-olfato-y-el-gusto\/\" class=\"more-link\">Continuar leyendo<span class=\"screen-reader-text\"> \u00abEncuesta global de 4000 pacientes con coronavirus respalda el v\u00ednculo entre COVID-19 y la p\u00e9rdida del olfato y el gusto\u00bb<\/span><\/a><\/p>\n","protected":false},"author":1,"featured_media":0,"comment_status":"","ping_status":"","sticky":false,"template":"","format":"standard","meta":{"footnotes":""},"categories":[1],"tags":[],"class_list":["post-27373","post","type-post","status-publish","format-standard","hentry","category-general"],"_links":{"self":[{"href":"https:\/\/www.biblia.work\/articulos-salud\/wp-json\/wp\/v2\/posts\/27373","targetHints":{"allow":["GET"]}}],"collection":[{"href":"https:\/\/www.biblia.work\/articulos-salud\/wp-json\/wp\/v2\/posts"}],"about":[{"href":"https:\/\/www.biblia.work\/articulos-salud\/wp-json\/wp\/v2\/types\/post"}],"author":[{"embeddable":true,"href":"https:\/\/www.biblia.work\/articulos-salud\/wp-json\/wp\/v2\/users\/1"}],"replies":[{"embeddable":true,"href":"https:\/\/www.biblia.work\/articulos-salud\/wp-json\/wp\/v2\/comments?post=27373"}],"version-history":[{"count":0,"href":"https:\/\/www.biblia.work\/articulos-salud\/wp-json\/wp\/v2\/posts\/27373\/revisions"}],"wp:attachment":[{"href":"https:\/\/www.biblia.work\/articulos-salud\/wp-json\/wp\/v2\/media?parent=27373"}],"wp:term":[{"taxonomy":"category","embeddable":true,"href":"https:\/\/www.biblia.work\/articulos-salud\/wp-json\/wp\/v2\/categories?post=27373"},{"taxonomy":"post_tag","embeddable":true,"href":"https:\/\/www.biblia.work\/articulos-salud\/wp-json\/wp\/v2\/tags?post=27373"}],"curies":[{"name":"wp","href":"https:\/\/api.w.org\/{rel}","templated":true}]}}