{"id":27392,"date":"2022-08-31T15:22:00","date_gmt":"2022-08-31T20:22:00","guid":{"rendered":"https:\/\/www.biblia.work\/articulos-salud\/vitores-y-lagrimas-cuando-los-ninos-de-europa-vuelven-a-la-escuela\/"},"modified":"2022-08-31T15:22:00","modified_gmt":"2022-08-31T20:22:00","slug":"vitores-y-lagrimas-cuando-los-ninos-de-europa-vuelven-a-la-escuela","status":"publish","type":"post","link":"https:\/\/www.biblia.work\/articulos-salud\/vitores-y-lagrimas-cuando-los-ninos-de-europa-vuelven-a-la-escuela\/","title":{"rendered":"V\u00edtores y l\u00e1grimas cuando los ni\u00f1os de Europa vuelven a la escuela"},"content":{"rendered":"<p>Cr\u00e9dito: CC0 Public Domain <\/p>\n<p>Los ni\u00f1os emocionados saludaron a sus amigos y los padres cansados se acostumbraron a comenzar temprano nuevamente cuando las escuelas en varios pa\u00edses europeos reabrieron despu\u00e9s de una pausa de coronavirus de casi dos meses. . <\/p>\n<p>Los alumnos cargaron sus mochilas por primera vez desde marzo en Francia y los Pa\u00edses Bajos cuando las escuelas primarias reabrieron parcialmente, con medidas estrictas para evitar una segunda ola de la pandemia.<\/p>\n<p>A medida que se suavizaron las medidas de confinamiento m\u00e1s amplias en todo el continente, las escuelas tambi\u00e9n reabrieron sus puertas en Suiza y los Balcanes, mientras que las escuelas secundarias en Grecia volv\u00edan a la vida.<\/p>\n<p>\u00abLos ni\u00f1os ten\u00edan muchas ganas de volver a la escuela. Saltaban con alegr\u00eda cuando volvieron a ver a sus amigos, estaban muy felices\u00bb, dijo a la AFP Manon, de 43 a\u00f1os, mientras dejaba a sus tres hijos en la escuela primaria Willemspark en La Haya.<\/p>\n<p>\u00abEs bueno para ellos. Hemos pasado por un per\u00edodo \u00fanico&#8230; les gustaba el tiempo libre pero, por supuesto, extra\u00f1aban mucho a sus amigos y la estructura que les dan las escuelas\u00bb, agreg\u00f3 la trabajadora de salud holandesa, quien pidi\u00f3 que no se usara su apellido. <\/p>\n<p>Agreg\u00f3 que la familia \u00abtuvo que madrugar, como lo hicimos antes\u00bb.<\/p>\n<p> Para evitar cualquier resurgimiento del virus, las escuelas holandesas permit\u00edan solo la mitad del n\u00famero normal de ni\u00f1os a la vez, y los ni\u00f1os asist\u00edan a las sesiones de la ma\u00f1ana o la tarde, o entraban en d\u00edas alternos. <\/p>\n<p>Tambi\u00e9n se estaban tomando medidas para desinfectar las escuelas, pero Manon dijo que \u00abafortunadamente los ni\u00f1os pueden acercarse unos a otros sin tener que respetar la regla de 1,5 metros (distanciamiento social). Realmente aprecian eso, pueden tocar y juega sin preocuparte\u00bb.<\/p>\n<p>&#8216;No ir\u00e9&#8217;<\/p>\n<p>Los pa\u00edses escandinavos y Austria lideraron el camino con la reapertura de las escuelas a principios de este mes, en parte debido a que los ni\u00f1os parecen menos susceptibles a la enfermedad.<\/p>\n<p>Pero todav\u00eda existe la preocupaci\u00f3n de que la ola de reaperturas del lunes haya llegado demasiado pronto.<\/p>\n<p>La decisi\u00f3n del presidente franc\u00e9s, Emmanuel Macron, de reabrir las escuelas ha generado cr\u00edticas, incluso en regiones donde la el n\u00famero de casos es especialmente bajo, por temor a que provoque un nuevo aumento en las infecciones.<\/p>\n<p>Italia y Espa\u00f1a, duramente golpeados por el coronavirus, se encuentran entre al menos media docena de pa\u00edses que han cancelado clases hasta septiembre. Gran Breta\u00f1a ha dicho que algunos estudiantes de primaria podr\u00edan regresar a partir de junio.<\/p>\n<p>En Grecia, donde solo los estudiantes del \u00faltimo a\u00f1o de secundaria regresar\u00e1n el lunes, hubo preocupaciones similares.<\/p>\n<p>\u00abNo ir\u00e9. La mayor\u00eda de los alumnos que conozco no ir\u00e1n\u00bb, dijo a la AFP Anastasia Kyriazis, una alumna de 17 a\u00f1os de Nea Manolada, en el oeste de Grecia. <\/p>\n<p>\u00abSi volvi\u00e9ramos, asistir\u00edamos a clases durante aproximadamente un mes. Prefiero quedarme en casa y estudiar antes de los ex\u00e1menes\u00bb.<\/p>\n<p>En la escuela secundaria Ninth Athens en el coraz\u00f3n de la capital griega, pocos estudiantes llevaban m\u00e1scaras. Peque\u00f1os grupos de estudiantes parec\u00edan felices de volver a verse despu\u00e9s del descanso. <\/p>\n<p>En Suiza, el ambiente era similar al de las largas vacaciones de verano, aunque con la reapertura de las escuelas con medios grupos y con medidas de higiene adicionales y distanciamiento social.<\/p>\n<p>En una escuela de Ginebra, algunos ni\u00f1os peque\u00f1os lloraban al tener que dejar los brazos de sus padres, seg\u00fan pudo comprobar un reportero de la AFP. A los padres no se les permit\u00eda entrar al patio de recreo con sus hijos, y la polic\u00eda que estaba cerca hac\u00eda cumplir las reglas.<\/p>\n<p>&#8216;Estamos listos&#8217;<\/p>\n<p>Muchas escuelas tambi\u00e9n estaban regresando en los Balcanes. .<\/p>\n<p>En Croacia, las guarder\u00edas y escuelas para ni\u00f1os de 6 a 10 a\u00f1os se permitieron de nuevo de forma opcional, por ejemplo, si ambos padres trabajan fuera de casa y no tienen otros medios para cuidar a su hijo. El tama\u00f1o de las clases tambi\u00e9n se reduce a la mitad.<\/p>\n<p>Sin embargo, la medida provoc\u00f3 un acalorado debate ya que la responsabilidad recay\u00f3 en los padres, mientras que muchos advirtieron que ser\u00eda imposible que los ni\u00f1os y los maestros siguieran las normas de distanciamiento social.<\/p>\n<p>Las escuelas primarias y guarder\u00edas serbias tambi\u00e9n reabrieron el lunes, pero de forma igualmente opcional y con restricciones. Los ni\u00f1os tambi\u00e9n requer\u00edan un certificado m\u00e9dico para regresar.<\/p>\n<p>Olivera Zubic, de 37 a\u00f1os, que dirige una peque\u00f1a escuela primaria privada en Belgrado, dijo que se esperaba que alrededor de un tercio de sus alumnos regresaran. <\/p>\n<p>\u00abHemos hecho todos los preparativos y los padres vendr\u00e1n en horarios fijos, una pareja por uno. Los recibir\u00e1 una enfermera que les tomar\u00e1 la temperatura y la de sus hijos\u00bb, dijo. <\/p>\n<p>\u00abEstamos listos, pero queda por ver c\u00f3mo funcionar\u00e1 en la pr\u00e1ctica\u00bb. <\/p>\n<p>Explore m\u00e1s<\/p>\n<p> Siga las \u00faltimas noticias sobre el brote de coronavirus (COVID-19) <\/p>\n<p> 2020 AFP <\/p>\n<p> <strong>Cita<\/strong>: Aplausos y l\u00e1grimas mientras los ni\u00f1os de Europa regresan a la escuela (2020, 11 de mayo) recuperado el 31 de agosto de 2022 de https:\/\/medicalxpress.com\/news\/2020-05-europe-kids-school.html Este documento est\u00e1 sujeto a derechos de autor. Aparte de cualquier trato justo con fines de estudio o investigaci\u00f3n privados, ninguna parte puede reproducirse sin el permiso por escrito. El contenido se proporciona \u00fanicamente con fines informativos.<\/p>\n","protected":false},"excerpt":{"rendered":"<p>Cr\u00e9dito: CC0 Public Domain Los ni\u00f1os emocionados saludaron a sus amigos y los padres cansados se acostumbraron a comenzar temprano nuevamente cuando las escuelas en varios pa\u00edses europeos reabrieron despu\u00e9s de una pausa de coronavirus de casi dos meses. . Los alumnos cargaron sus mochilas por primera vez desde marzo en Francia y los Pa\u00edses &hellip; <a href=\"https:\/\/www.biblia.work\/articulos-salud\/vitores-y-lagrimas-cuando-los-ninos-de-europa-vuelven-a-la-escuela\/\" class=\"more-link\">Continuar leyendo<span class=\"screen-reader-text\"> \u00abV\u00edtores y l\u00e1grimas cuando los ni\u00f1os de Europa vuelven a la escuela\u00bb<\/span><\/a><\/p>\n","protected":false},"author":1,"featured_media":0,"comment_status":"","ping_status":"","sticky":false,"template":"","format":"standard","meta":{"footnotes":""},"categories":[1],"tags":[],"class_list":["post-27392","post","type-post","status-publish","format-standard","hentry","category-general"],"_links":{"self":[{"href":"https:\/\/www.biblia.work\/articulos-salud\/wp-json\/wp\/v2\/posts\/27392","targetHints":{"allow":["GET"]}}],"collection":[{"href":"https:\/\/www.biblia.work\/articulos-salud\/wp-json\/wp\/v2\/posts"}],"about":[{"href":"https:\/\/www.biblia.work\/articulos-salud\/wp-json\/wp\/v2\/types\/post"}],"author":[{"embeddable":true,"href":"https:\/\/www.biblia.work\/articulos-salud\/wp-json\/wp\/v2\/users\/1"}],"replies":[{"embeddable":true,"href":"https:\/\/www.biblia.work\/articulos-salud\/wp-json\/wp\/v2\/comments?post=27392"}],"version-history":[{"count":0,"href":"https:\/\/www.biblia.work\/articulos-salud\/wp-json\/wp\/v2\/posts\/27392\/revisions"}],"wp:attachment":[{"href":"https:\/\/www.biblia.work\/articulos-salud\/wp-json\/wp\/v2\/media?parent=27392"}],"wp:term":[{"taxonomy":"category","embeddable":true,"href":"https:\/\/www.biblia.work\/articulos-salud\/wp-json\/wp\/v2\/categories?post=27392"},{"taxonomy":"post_tag","embeddable":true,"href":"https:\/\/www.biblia.work\/articulos-salud\/wp-json\/wp\/v2\/tags?post=27392"}],"curies":[{"name":"wp","href":"https:\/\/api.w.org\/{rel}","templated":true}]}}