{"id":27396,"date":"2022-08-31T15:22:10","date_gmt":"2022-08-31T20:22:10","guid":{"rendered":"https:\/\/www.biblia.work\/articulos-salud\/disminucion-de-los-diagnosticos-de-cancer-debido-a-la-crisis-del-coronavirus\/"},"modified":"2022-08-31T15:22:10","modified_gmt":"2022-08-31T20:22:10","slug":"disminucion-de-los-diagnosticos-de-cancer-debido-a-la-crisis-del-coronavirus","status":"publish","type":"post","link":"https:\/\/www.biblia.work\/articulos-salud\/disminucion-de-los-diagnosticos-de-cancer-debido-a-la-crisis-del-coronavirus\/","title":{"rendered":"Disminuci\u00f3n de los diagn\u00f3sticos de c\u00e1ncer debido a la crisis del coronavirus"},"content":{"rendered":"<p>Cr\u00e9dito: Universidad de Twente <\/p>\n<p>La atenci\u00f3n del c\u00e1ncer ha cambiado dr\u00e1sticamente como resultado de las medidas tomadas durante la pandemia de COVID-19: muchos pacientes no han ido a sus m\u00e9dicos de cabecera ni se han puesto apagado, y han sido remitidos al hospital m\u00e1s tarde. En consecuencia, se ha diagnosticado una cuarta parte menos de casos de c\u00e1ncer durante varias semanas, seg\u00fan lo informado por el Registro de C\u00e1ncer de los Pa\u00edses Bajos en base a los diagn\u00f3sticos iniciales en la base de datos de patolog\u00eda PALGA. <\/p>\n<p>Dra. Avinash Dinmohamed de la Organizaci\u00f3n Integral del C\u00e1ncer de los Pa\u00edses Bajos (IKNL en holand\u00e9s) y el prof. Sabine Siesling de IKNL y la Universidad de Twente y sus colegas informan esta disminuci\u00f3n en los diagn\u00f3sticos en The Lancet Oncology. El Prof. Siesling dice: \u00abEsta informaci\u00f3n sobre diagn\u00f3sticos de c\u00e1ncer en los Pa\u00edses Bajos es una de las m\u00e1s exclusivas del mundo debido a la cobertura nacional y la prontitud con la que est\u00e1 disponible. Con base en ella, podemos responder r\u00e1pidamente a la disminuci\u00f3n de diagn\u00f3sticos. Otros pa\u00edses pueden confirmar sus sentimientos sospechosos sobre los efectos de la crisis en funci\u00f3n de las tendencias holandesas y tomar medidas para garantizar que se reanude la atenci\u00f3n regular que cubre todas las partes de la v\u00eda de atenci\u00f3n\u00bb.<\/p>\n<p>Compartir los datos holandeses con profesionales de la salud e investigadores de todo el mundo permiten que otros pa\u00edses que no tienen registros (nacionales) actualizados respondan a la disminuci\u00f3n de los diagn\u00f3sticos. Gracias a la colaboraci\u00f3n estrecha y de larga data entre IKNL y el archivo patol\u00f3gico nacional PALGA, el n\u00famero de diagn\u00f3sticos de c\u00e1ncer en los Pa\u00edses Bajos se informa solo dos semanas despu\u00e9s de que se toman las biopsias. Este sistema es uno de los m\u00e1s singulares del mundo. Los datos muestran que los diagn\u00f3sticos han disminuido y, por lo tanto, el gobierno ha pedido a las personas que acudan a su m\u00e9dico de cabecera si tienen quejas. Tambi\u00e9n ha llevado a los hospitales y m\u00e9dicos de cabecera a hacer grandes esfuerzos para reanudar la atenci\u00f3n no relacionada con COVID y, m\u00e1s espec\u00edficamente, la atenci\u00f3n del c\u00e1ncer. Los datos m\u00e1s recientes muestran un aumento en el diagn\u00f3stico de c\u00e1ncer de piel y de mama, pero para la mayor\u00eda de los otros tipos de c\u00e1ncer, no se puede observar un aumento.<\/p>\n<p>Disminuci\u00f3n en los diagn\u00f3sticos<\/p>\n<p>En el punto m\u00e1s bajo de la crisis de la corona, los diagn\u00f3sticos de c\u00e1ncer, excluyendo el c\u00e1ncer de piel, fueron aproximadamente una cuarta parte menos que el n\u00famero habitual por semana. La disminuci\u00f3n probablemente se debi\u00f3 a las consultas y remisiones diferidas del m\u00e9dico de cabecera y al aplazamiento del diagn\u00f3stico hospitalario.<\/p>\n<p>En el caso del c\u00e1ncer de piel, el n\u00famero de diagn\u00f3sticos se redujo a m\u00e1s de la mitad durante varias semanas. Los tipos m\u00e1s comunes de c\u00e1ncer de piel, como los carcinomas de c\u00e9lulas escamosas, se encuentran particularmente en los ancianos, quienes pueden evitar visitar a su m\u00e9dico de cabecera por temor a la COVID-19. El da\u00f1o potencial causado por el diagn\u00f3stico tard\u00edo de estos tipos m\u00e1s comunes de c\u00e1ncer de piel parece ser limitado, ya que rara vez ponen en peligro la vida. Sin embargo, existe un atraso en la atenci\u00f3n que debe brindarse. Para muchos otros tipos de c\u00e1ncer, sigue habiendo menos diagn\u00f3sticos y ser\u00e1 necesario abordar el retraso para evitar los efectos adversos de un diagn\u00f3stico y tratamiento tard\u00edos.<\/p>\n<p>Datos \u00fanicos a nivel internacional<\/p>\n<p>Gracias Debido al proceso acelerado de revisi\u00f3n y publicaci\u00f3n de The Lancet Oncology, los resultados se publicaron hasta el final de la semana 15. Estos resultados llamaron la atenci\u00f3n de investigadores y profesionales de la salud de todo el mundo, quienes pueden tomar medidas en funci\u00f3n de la informaci\u00f3n para cumplir con los requisitos. desaf\u00edo de mantener la atenci\u00f3n del c\u00e1ncer durante la pandemia en sus respectivos pa\u00edses. El Registro de C\u00e1ncer de los Pa\u00edses Bajos y PALGA son \u00fanicos a nivel internacional debido a la cobertura nacional y la prontitud con la que se ponen a disposici\u00f3n los datos. A partir de los datos, los investigadores est\u00e1n aprendiendo c\u00f3mo mejorar progresivamente la atenci\u00f3n m\u00e9dica. Adem\u00e1s, brinda informaci\u00f3n r\u00e1pida sobre el n\u00famero de diagn\u00f3sticos durante la crisis del coronavirus. Seg\u00fan las tendencias que observamos en los Pa\u00edses Bajos, otros pa\u00edses pueden evaluar qu\u00e9 efecto est\u00e1 teniendo la crisis en la atenci\u00f3n del c\u00e1ncer.<\/p>\n<p>Adem\u00e1s de la cantidad de diagn\u00f3sticos, IKNL monitorea los efectos de la crisis de COVID-19 en el tratamiento patrones y, en \u00faltima instancia, los resultados del tratamiento. Las actualizaciones semanales se publican en www.iknl.nl\/COVID-19. <\/p>\n<p>Explore m\u00e1s<\/p>\n<p> Siga las \u00faltimas noticias sobre el brote de coronavirus (COVID-19) <strong>M\u00e1s informaci\u00f3n:<\/strong> Avinash G Dinmohamed et al. Menos diagn\u00f3sticos de c\u00e1ncer durante la epidemia de COVID-19 en los Pa\u00edses Bajos, The Lancet Oncology (2020). DOI: 10.1016\/s1470-2045(20)30265-5 <strong>Informaci\u00f3n de la revista:<\/strong> Lancet Oncology <\/p>\n<p> Proporcionado por la Universidad de Twente <strong>Cita<\/strong>: Disminuci\u00f3n en los diagn\u00f3sticos de c\u00e1ncer debido a la corona crisis (2020, 11 de mayo) consultado el 31 de agosto de 2022 de https:\/\/medicalxpress.com\/news\/2020-05-decline-cancer-due-corona-crisis.html Este documento est\u00e1 sujeto a derechos de autor. Aparte de cualquier trato justo con fines de estudio o investigaci\u00f3n privados, ninguna parte puede reproducirse sin el permiso por escrito. El contenido se proporciona \u00fanicamente con fines informativos.<\/p>\n","protected":false},"excerpt":{"rendered":"<p>Cr\u00e9dito: Universidad de Twente La atenci\u00f3n del c\u00e1ncer ha cambiado dr\u00e1sticamente como resultado de las medidas tomadas durante la pandemia de COVID-19: muchos pacientes no han ido a sus m\u00e9dicos de cabecera ni se han puesto apagado, y han sido remitidos al hospital m\u00e1s tarde. En consecuencia, se ha diagnosticado una cuarta parte menos de &hellip; <a href=\"https:\/\/www.biblia.work\/articulos-salud\/disminucion-de-los-diagnosticos-de-cancer-debido-a-la-crisis-del-coronavirus\/\" class=\"more-link\">Continuar leyendo<span class=\"screen-reader-text\"> \u00abDisminuci\u00f3n de los diagn\u00f3sticos de c\u00e1ncer debido a la crisis del coronavirus\u00bb<\/span><\/a><\/p>\n","protected":false},"author":1,"featured_media":0,"comment_status":"","ping_status":"","sticky":false,"template":"","format":"standard","meta":{"footnotes":""},"categories":[1],"tags":[],"class_list":["post-27396","post","type-post","status-publish","format-standard","hentry","category-general"],"_links":{"self":[{"href":"https:\/\/www.biblia.work\/articulos-salud\/wp-json\/wp\/v2\/posts\/27396","targetHints":{"allow":["GET"]}}],"collection":[{"href":"https:\/\/www.biblia.work\/articulos-salud\/wp-json\/wp\/v2\/posts"}],"about":[{"href":"https:\/\/www.biblia.work\/articulos-salud\/wp-json\/wp\/v2\/types\/post"}],"author":[{"embeddable":true,"href":"https:\/\/www.biblia.work\/articulos-salud\/wp-json\/wp\/v2\/users\/1"}],"replies":[{"embeddable":true,"href":"https:\/\/www.biblia.work\/articulos-salud\/wp-json\/wp\/v2\/comments?post=27396"}],"version-history":[{"count":0,"href":"https:\/\/www.biblia.work\/articulos-salud\/wp-json\/wp\/v2\/posts\/27396\/revisions"}],"wp:attachment":[{"href":"https:\/\/www.biblia.work\/articulos-salud\/wp-json\/wp\/v2\/media?parent=27396"}],"wp:term":[{"taxonomy":"category","embeddable":true,"href":"https:\/\/www.biblia.work\/articulos-salud\/wp-json\/wp\/v2\/categories?post=27396"},{"taxonomy":"post_tag","embeddable":true,"href":"https:\/\/www.biblia.work\/articulos-salud\/wp-json\/wp\/v2\/tags?post=27396"}],"curies":[{"name":"wp","href":"https:\/\/api.w.org\/{rel}","templated":true}]}}