{"id":27405,"date":"2022-08-31T15:22:33","date_gmt":"2022-08-31T20:22:33","guid":{"rendered":"https:\/\/www.biblia.work\/articulos-salud\/covid-19-aumenta-el-estres-prenatal-en-la-madre-y-el-nino-que-podria-tener-un-impacto-duradero\/"},"modified":"2022-08-31T15:22:33","modified_gmt":"2022-08-31T20:22:33","slug":"covid-19-aumenta-el-estres-prenatal-en-la-madre-y-el-nino-que-podria-tener-un-impacto-duradero","status":"publish","type":"post","link":"https:\/\/www.biblia.work\/articulos-salud\/covid-19-aumenta-el-estres-prenatal-en-la-madre-y-el-nino-que-podria-tener-un-impacto-duradero\/","title":{"rendered":"COVID-19 aumenta el estr\u00e9s prenatal en la madre y el ni\u00f1o que podr\u00eda tener un impacto duradero"},"content":{"rendered":"<p>Cr\u00e9dito: CC0 Public Domain <\/p>\n<p>Un consorcio internacional de investigadores ha identificado fuentes particulares de estr\u00e9s prenatal, tal como lo experimentan las madres, que tienen un efecto directo en la salud mental posterior de un ni\u00f1o. Los hallazgos surgieron del proyecto DREAM-BIG (Investigaci\u00f3n de desarrollo en adversidad ambiental, salud mental, susceptibilidad biol\u00f3gica y g\u00e9nero) y se publican en el Journal of the American Academy of Child &amp; Adolescent Psychiatry. <\/p>\n<p>\u00abYa entendimos que las bases para la salud mental de por vida se establecen en los primeros a\u00f1os de vida, pero hemos validado a\u00fan m\u00e1s la idea de que el estr\u00e9s prenatal, el bienestar psicol\u00f3gico de la madre durante el embarazo, es un factor importante \u201d, dijo la Dra. Ashley Wazana, investigadora principal de DREAM-BIG y directora del Hospital de D\u00eda de Trastornos de la Primera Infancia en el Hospital General Jud\u00edo. \u00abCon datos que respalden el impacto del estr\u00e9s prenatal, podemos buscar medidas de protecci\u00f3n que podr\u00edan ayudar a las madres a aislar a sus beb\u00e9s\u00bb.<\/p>\n<p>El documento identifica cuatro factores maternos prenatales. Un factor de s\u00edntomas afectivos generales y tres factores espec\u00edficos: un factor de ansiedad\/depresi\u00f3n, un factor som\u00e1tico y un factor de preocupaciones espec\u00edficas del embarazo.<\/p>\n<p>Los autores concluyen: \u00abLos hallazgos de este art\u00edculo subrayan la importancia de intervenir en el per\u00edodo prenatal, incluidas las preocupaciones espec\u00edficas del embarazo. Actualmente, hay pocas intervenciones prenatales para reducir la depresi\u00f3n, la ansiedad o el estr\u00e9s maternos, y a\u00fan menos estudios que rastreen los efectos a largo plazo en los hijos cuyas madres reciben tales intervenciones\u00bb. <\/p>\n<p>Por mucho que la ansiedad y el estr\u00e9s influyan en el embarazo durante tiempos normales, la actual pandemia de COVID-19 es un factor estresante adicional y, adem\u00e1s, hace que las futuras madres se adapten a las disposiciones de distanciamiento social.<\/p>\n<p>\u00abPor supuesto, hay m\u00faltiples factores en juego, incluidos la gen\u00e9tica, el sexo y el g\u00e9nero, y el entorno despu\u00e9s del nacimiento, pero cuando se combina el estr\u00e9s materno con esta adversidad ambiental en particular, existe el potencial para una mejor salud mental desaf\u00edos para los ni\u00f1os que nacen en este mundo pospand\u00e9mico\u00bb, dijo la Dra. Eszter Szekely, becaria de investigaci\u00f3n postdoctoral en el Instituto Lady Davis (LDI) y el Departamento de Psiquiatr\u00eda de la Universidad McGill, la primera autora del art\u00edculo.<\/p>\n<p>Los s\u00edntomas afectivos generales, que se relacionan con el estado de \u00e1nimo general de la madre, durante el embarazo son predictivos de problemas de salud mental que surgen entre los cuatro y los ocho a\u00f1os. Alrededor del cincuenta por ciento de los trastornos de salud mental surgen antes de los cinco a\u00f1os, mientras que el setenta y cinco por ciento son evidentes antes de la edad adulta. Para ofrecer una perspectiva sobre la carga de los problemas de salud mental, a nivel mundial, constituyen la principal causa de discapacidad.<\/p>\n<p>\u00abCreemos que la salud mental debe ser una parte fundamental de la salud prenatal\u00bb, dijo el Dr. Wazana, investigador del LDI y profesor asistente de psiquiatr\u00eda en McGill, hablando sobre la preocupaci\u00f3n de DREAM-BIG con el entorno m\u00e1s temprano que experimentan los ni\u00f1os. \u00abEl embarazo no es un capullo y el estr\u00e9s puede ser un factor importante en la salud mental infantil. Necesitamos apreciar la importancia de las necesidades de salud mental a lo largo de la vida, comenzando con el embarazo. Nos gustar\u00eda ver que las madres tengan acceso a recursos de salud mental prenatal, pero, desafortunadamente, el tiempo de espera para dichos servicios puede ser m\u00e1s largo que el per\u00edodo de gestaci\u00f3n\u00bb. <\/p>\n<p>Explore m\u00e1s<\/p>\n<p> Siga las \u00faltimas noticias sobre el brote de coronavirus (COVID-19) <strong>M\u00e1s informaci\u00f3n:<\/strong> Eszter Szekely et al, Maternal Prenatal Mood, Pregnancy-Specific Worries, and Early Child Psychopathology : Hallazgos del DREAM BIG Consortium, Revista de la Academia Estadounidense de Psiquiatr\u00eda Infantil y Adolescente (2020). DOI: 10.1016\/j.jaac.2020.02.017 <strong>Informaci\u00f3n de la revista:<\/strong> Revista de la Academia Estadounidense de Psiquiatr\u00eda Infantil y Adolescente <\/p>\n<p> Proporcionado por la Universidad McGill <strong>Cita<\/strong>: COVID- 19 lugares agregaron estr\u00e9s prenatal en la madre y el ni\u00f1o que podr\u00edan tener un impacto duradero (11 de mayo de 2020) recuperado el 31 de agosto de 2022 de https:\/\/medicalxpress.com\/news\/2020-05-covid-added-prenatal-stress-mother.html Este documento est\u00e1 sujeto a derechos de autor. Aparte de cualquier trato justo con fines de estudio o investigaci\u00f3n privados, ninguna parte puede reproducirse sin el permiso por escrito. El contenido se proporciona \u00fanicamente con fines informativos.<\/p>\n","protected":false},"excerpt":{"rendered":"<p>Cr\u00e9dito: CC0 Public Domain Un consorcio internacional de investigadores ha identificado fuentes particulares de estr\u00e9s prenatal, tal como lo experimentan las madres, que tienen un efecto directo en la salud mental posterior de un ni\u00f1o. Los hallazgos surgieron del proyecto DREAM-BIG (Investigaci\u00f3n de desarrollo en adversidad ambiental, salud mental, susceptibilidad biol\u00f3gica y g\u00e9nero) y se &hellip; <a href=\"https:\/\/www.biblia.work\/articulos-salud\/covid-19-aumenta-el-estres-prenatal-en-la-madre-y-el-nino-que-podria-tener-un-impacto-duradero\/\" class=\"more-link\">Continuar leyendo<span class=\"screen-reader-text\"> \u00abCOVID-19 aumenta el estr\u00e9s prenatal en la madre y el ni\u00f1o que podr\u00eda tener un impacto duradero\u00bb<\/span><\/a><\/p>\n","protected":false},"author":1,"featured_media":0,"comment_status":"","ping_status":"","sticky":false,"template":"","format":"standard","meta":{"footnotes":""},"categories":[1],"tags":[],"class_list":["post-27405","post","type-post","status-publish","format-standard","hentry","category-general"],"_links":{"self":[{"href":"https:\/\/www.biblia.work\/articulos-salud\/wp-json\/wp\/v2\/posts\/27405","targetHints":{"allow":["GET"]}}],"collection":[{"href":"https:\/\/www.biblia.work\/articulos-salud\/wp-json\/wp\/v2\/posts"}],"about":[{"href":"https:\/\/www.biblia.work\/articulos-salud\/wp-json\/wp\/v2\/types\/post"}],"author":[{"embeddable":true,"href":"https:\/\/www.biblia.work\/articulos-salud\/wp-json\/wp\/v2\/users\/1"}],"replies":[{"embeddable":true,"href":"https:\/\/www.biblia.work\/articulos-salud\/wp-json\/wp\/v2\/comments?post=27405"}],"version-history":[{"count":0,"href":"https:\/\/www.biblia.work\/articulos-salud\/wp-json\/wp\/v2\/posts\/27405\/revisions"}],"wp:attachment":[{"href":"https:\/\/www.biblia.work\/articulos-salud\/wp-json\/wp\/v2\/media?parent=27405"}],"wp:term":[{"taxonomy":"category","embeddable":true,"href":"https:\/\/www.biblia.work\/articulos-salud\/wp-json\/wp\/v2\/categories?post=27405"},{"taxonomy":"post_tag","embeddable":true,"href":"https:\/\/www.biblia.work\/articulos-salud\/wp-json\/wp\/v2\/tags?post=27405"}],"curies":[{"name":"wp","href":"https:\/\/api.w.org\/{rel}","templated":true}]}}