{"id":27410,"date":"2022-08-31T15:22:52","date_gmt":"2022-08-31T20:22:52","guid":{"rendered":"https:\/\/www.biblia.work\/articulos-salud\/menos-de-1000-pacientes-con-virus-en-cuidados-intensivos-en-italia\/"},"modified":"2022-08-31T15:22:52","modified_gmt":"2022-08-31T20:22:52","slug":"menos-de-1000-pacientes-con-virus-en-cuidados-intensivos-en-italia","status":"publish","type":"post","link":"https:\/\/www.biblia.work\/articulos-salud\/menos-de-1000-pacientes-con-virus-en-cuidados-intensivos-en-italia\/","title":{"rendered":"Menos de 1000 pacientes con virus en cuidados intensivos en Italia"},"content":{"rendered":"<p>Esta imagen de microscopio electr\u00f3nico de transmisi\u00f3n muestra el SARS-CoV-2, tambi\u00e9n conocido como 2019-nCoV, el virus que causa el COVID-19, aislado de un paciente en EE. UU. Se muestran part\u00edculas de virus emergiendo de la superficie de las c\u00e9lulas cultivadas en el laboratorio. Los picos en el borde exterior de las part\u00edculas de virus dan a los coronavirus su nombre, en forma de corona. Cr\u00e9dito: NIAID-RML <\/p>\n<p>El lunes, Italia report\u00f3 menos de 1,000 personas en tratamiento de cuidados intensivos por el nuevo coronavirus por primera vez desde el 10 de marzo cuando el pa\u00eds entr\u00f3 en confinamiento, dijo la agencia de protecci\u00f3n civil. <\/p>\n<p>La cantidad de muertes diarias aument\u00f3 levemente a 179 desde el \u00faltimo informe de 165, pero a\u00fan as\u00ed fue el tercer d\u00eda consecutivo por debajo de las 200 muertes, dijo.<\/p>\n<p>El 3 de abril, la cantidad de pacientes con COVID-19 en unidades de cuidados intensivos en todo el pa\u00eds alcanz\u00f3 un m\u00e1ximo de 4.068.<\/p>\n<p>En ese momento, Italia era el epicentro del brote de coronavirus y el sistema hospitalario en el norte del pa\u00eds, la regi\u00f3n m\u00e1s afectada, estaba a punto de descomponi\u00e9ndose.<\/p>\n<p>Italia ha registrado ahora 30.739 muertes relacionadas con el virus, la tercera cifra m\u00e1s alta detr\u00e1s de Estados Unidos y Gran Breta\u00f1a, de un total de 219.814 casos. <\/p>\n<p>El gobierno alivi\u00f3 levemente las restricciones de confinamiento por el virus el 4 de mayo, pero se ha programado una reapertura a mayor escala para la pr\u00f3xima semana, cuando vuelvan a abrir museos, tiendas, sitios culturales, iglesias y bibliotecas.<\/p>\n<p> Los bares y restaurantes reabrir\u00e1n a partir del 1 de junio, junto con los salones de belleza y peluquer\u00eda. <\/p>\n<p>Las autoridades contin\u00faan dici\u00e9ndole a la gente que tenga cuidado para evitar una segunda ola del virus.<\/p>\n<p>\u00abHay demasiada gente afuera, y desafortunadamente demasiadas sin m\u00e1scaras o que no est\u00e1n respetando el distanciamiento social\u00bb, dijo Roberto Cauda, jefe del departamento de enfermedades infecciosas del hospital Gemeli de Roma, a la emisora estatal Rai3.<\/p>\n<p>El primer ministro Giuseppe Conte, en una entrevista con el peri\u00f3dico Corriere della Sera el domingo. , dijo que \u00abno tendremos que quedarnos en nuestros balcones este verano, y la belleza de Italia no estar\u00e1 en cuarentena\u00bb.<\/p>\n<p>Sin embargo, dijo que las vacaciones de verano ser\u00e1n diferentes este a\u00f1o, con todav\u00eda existen algunas reglas y se requiere prudencia. <\/p>\n<p>Explore m\u00e1s<\/p>\n<p> Siga las \u00faltimas noticias sobre el brote de coronavirus (COVID-19) <\/p>\n<p> 2020 AFP <\/p>\n<p> <strong>Cita<\/strong>: Menos de 1000 pacientes con el virus en cuidados intensivos en Italia (2020, 11 de mayo) recuperado el 31 de agosto de 2022 de https:\/\/medicalxpress.com\/news\/2020-05-virus-patients-intensive-italy.html Este documento est\u00e1 sujeto a derechos de autor. Aparte de cualquier trato justo con fines de estudio o investigaci\u00f3n privados, ninguna parte puede reproducirse sin el permiso por escrito. El contenido se proporciona \u00fanicamente con fines informativos.<\/p>\n","protected":false},"excerpt":{"rendered":"<p>Esta imagen de microscopio electr\u00f3nico de transmisi\u00f3n muestra el SARS-CoV-2, tambi\u00e9n conocido como 2019-nCoV, el virus que causa el COVID-19, aislado de un paciente en EE. UU. Se muestran part\u00edculas de virus emergiendo de la superficie de las c\u00e9lulas cultivadas en el laboratorio. Los picos en el borde exterior de las part\u00edculas de virus dan &hellip; <a href=\"https:\/\/www.biblia.work\/articulos-salud\/menos-de-1000-pacientes-con-virus-en-cuidados-intensivos-en-italia\/\" class=\"more-link\">Continuar leyendo<span class=\"screen-reader-text\"> \u00abMenos de 1000 pacientes con virus en cuidados intensivos en Italia\u00bb<\/span><\/a><\/p>\n","protected":false},"author":1,"featured_media":0,"comment_status":"","ping_status":"","sticky":false,"template":"","format":"standard","meta":{"footnotes":""},"categories":[1],"tags":[],"class_list":["post-27410","post","type-post","status-publish","format-standard","hentry","category-general"],"_links":{"self":[{"href":"https:\/\/www.biblia.work\/articulos-salud\/wp-json\/wp\/v2\/posts\/27410","targetHints":{"allow":["GET"]}}],"collection":[{"href":"https:\/\/www.biblia.work\/articulos-salud\/wp-json\/wp\/v2\/posts"}],"about":[{"href":"https:\/\/www.biblia.work\/articulos-salud\/wp-json\/wp\/v2\/types\/post"}],"author":[{"embeddable":true,"href":"https:\/\/www.biblia.work\/articulos-salud\/wp-json\/wp\/v2\/users\/1"}],"replies":[{"embeddable":true,"href":"https:\/\/www.biblia.work\/articulos-salud\/wp-json\/wp\/v2\/comments?post=27410"}],"version-history":[{"count":0,"href":"https:\/\/www.biblia.work\/articulos-salud\/wp-json\/wp\/v2\/posts\/27410\/revisions"}],"wp:attachment":[{"href":"https:\/\/www.biblia.work\/articulos-salud\/wp-json\/wp\/v2\/media?parent=27410"}],"wp:term":[{"taxonomy":"category","embeddable":true,"href":"https:\/\/www.biblia.work\/articulos-salud\/wp-json\/wp\/v2\/categories?post=27410"},{"taxonomy":"post_tag","embeddable":true,"href":"https:\/\/www.biblia.work\/articulos-salud\/wp-json\/wp\/v2\/tags?post=27410"}],"curies":[{"name":"wp","href":"https:\/\/api.w.org\/{rel}","templated":true}]}}