{"id":27411,"date":"2022-08-31T15:22:55","date_gmt":"2022-08-31T20:22:55","guid":{"rendered":"https:\/\/www.biblia.work\/articulos-salud\/la-apertura-de-escuelas-no-ha-reavivado-la-epidemia-en-noruega-oficial\/"},"modified":"2022-08-31T15:22:55","modified_gmt":"2022-08-31T20:22:55","slug":"la-apertura-de-escuelas-no-ha-reavivado-la-epidemia-en-noruega-oficial","status":"publish","type":"post","link":"https:\/\/www.biblia.work\/articulos-salud\/la-apertura-de-escuelas-no-ha-reavivado-la-epidemia-en-noruega-oficial\/","title":{"rendered":"La apertura de escuelas no ha reavivado la epidemia en Noruega: oficial"},"content":{"rendered":"<p>Cr\u00e9dito: CC0 Public Domain <\/p>\n<p>La apertura de guarder\u00edas y escuelas primarias no ha reavivado la nueva epidemia de coronavirus en Noruega, dijeron el lunes las autoridades sanitarias. <\/p>\n<p>Noruega fue uno de los primeros pa\u00edses de Europa en abrir jardines de infancia el 20 de abril, seguido de escuelas para los alumnos m\u00e1s peque\u00f1os, de entre 6 y 10 a\u00f1os, la semana siguiente.<\/p>\n<p>La reapertura de las escuelas , que cerr\u00f3 el 12 de marzo, suscit\u00f3 originalmente preocupaci\u00f3n entre los padres.<\/p>\n<p>Un grupo de Facebook llamado \u00abMi hijo no deber\u00eda ser un conejillo de Indias para el COVID-19\u00bb gan\u00f3 casi 30\u00a0000 miembros.<\/p>\n<p>\u00abHasta ahora no hemos visto que la apertura de guarder\u00edas y escuelas haya tenido un efecto negativo en la situaci\u00f3n de la infecci\u00f3n\u00bb, dijo Frode Forland, un alto funcionario del Instituto Noruego de Salud P\u00fablica, en una rueda de prensa diaria.<\/p>\n<p>\u00abSi la apertura hubiera tenido un efecto negativo, habr\u00edamos comenzado a ver eso en un mayor n\u00famero de infecciones\u00bb, agreg\u00f3 Forland.<\/p>\n<p>Lo mismo parec\u00eda ser cierto para las peluquer\u00edas, los fisioterapeutas, como as\u00ed como algunas otras profesiones relacionadas con la atenci\u00f3n m\u00e9dica a las que se les ha permitido operar desde el 27 de abril, seg\u00fan Forland.<\/p>\n<p>Forland, sin embargo, destaca Se dijo que podr\u00eda ser demasiado pronto para evaluar si la apertura conducir\u00eda a un aumento en las hospitalizaciones.<\/p>\n<p>El resto de las escuelas primarias, secundarias y universidades del pa\u00eds reabrir\u00e1n m\u00e1s adelante en la semana. <\/p>\n<p>Los ni\u00f1os que han regresado a las aulas y guarder\u00edas lo han hecho bajo estrictas nuevas pautas de salud.<\/p>\n<p>Los ni\u00f1os deben mantenerse en grupos peque\u00f1os que no interact\u00faen f\u00edsicamente entre s\u00ed, distanciamiento f\u00edsico se han introducido medidas y se enfatiza la higiene.<\/p>\n<p>Hasta el lunes, Noruega hab\u00eda confirmado 8.106 casos del nuevo coronavirus y 224 personas hab\u00edan muerto en el pa\u00eds de 5,4 millones de habitantes. <\/p>\n<p>Explore m\u00e1s<\/p>\n<p> Siga las \u00faltimas noticias sobre el brote de coronavirus (COVID-19) <\/p>\n<p> 2020 AFP <\/p>\n<p> <strong>Cita<\/strong>: La apertura de escuelas no ha reavivado la epidemia en Noruega: funcionario (2020, 11 de mayo) recuperado el 31 de agosto de 2022 de https:\/\/medicalxpress.com\/news\/2020-05-schools-rekindled-epidemic-norway.html Este documento est\u00e1 sujeto a derechos de autor. Aparte de cualquier trato justo con fines de estudio o investigaci\u00f3n privados, ninguna parte puede reproducirse sin el permiso por escrito. El contenido se proporciona \u00fanicamente con fines informativos.<\/p>\n","protected":false},"excerpt":{"rendered":"<p>Cr\u00e9dito: CC0 Public Domain La apertura de guarder\u00edas y escuelas primarias no ha reavivado la nueva epidemia de coronavirus en Noruega, dijeron el lunes las autoridades sanitarias. Noruega fue uno de los primeros pa\u00edses de Europa en abrir jardines de infancia el 20 de abril, seguido de escuelas para los alumnos m\u00e1s peque\u00f1os, de entre &hellip; <a href=\"https:\/\/www.biblia.work\/articulos-salud\/la-apertura-de-escuelas-no-ha-reavivado-la-epidemia-en-noruega-oficial\/\" class=\"more-link\">Continuar leyendo<span class=\"screen-reader-text\"> \u00abLa apertura de escuelas no ha reavivado la epidemia en Noruega: oficial\u00bb<\/span><\/a><\/p>\n","protected":false},"author":1,"featured_media":0,"comment_status":"","ping_status":"","sticky":false,"template":"","format":"standard","meta":{"footnotes":""},"categories":[1],"tags":[],"class_list":["post-27411","post","type-post","status-publish","format-standard","hentry","category-general"],"_links":{"self":[{"href":"https:\/\/www.biblia.work\/articulos-salud\/wp-json\/wp\/v2\/posts\/27411","targetHints":{"allow":["GET"]}}],"collection":[{"href":"https:\/\/www.biblia.work\/articulos-salud\/wp-json\/wp\/v2\/posts"}],"about":[{"href":"https:\/\/www.biblia.work\/articulos-salud\/wp-json\/wp\/v2\/types\/post"}],"author":[{"embeddable":true,"href":"https:\/\/www.biblia.work\/articulos-salud\/wp-json\/wp\/v2\/users\/1"}],"replies":[{"embeddable":true,"href":"https:\/\/www.biblia.work\/articulos-salud\/wp-json\/wp\/v2\/comments?post=27411"}],"version-history":[{"count":0,"href":"https:\/\/www.biblia.work\/articulos-salud\/wp-json\/wp\/v2\/posts\/27411\/revisions"}],"wp:attachment":[{"href":"https:\/\/www.biblia.work\/articulos-salud\/wp-json\/wp\/v2\/media?parent=27411"}],"wp:term":[{"taxonomy":"category","embeddable":true,"href":"https:\/\/www.biblia.work\/articulos-salud\/wp-json\/wp\/v2\/categories?post=27411"},{"taxonomy":"post_tag","embeddable":true,"href":"https:\/\/www.biblia.work\/articulos-salud\/wp-json\/wp\/v2\/tags?post=27411"}],"curies":[{"name":"wp","href":"https:\/\/api.w.org\/{rel}","templated":true}]}}