{"id":27434,"date":"2022-08-31T15:24:22","date_gmt":"2022-08-31T20:24:22","guid":{"rendered":"https:\/\/www.biblia.work\/articulos-salud\/explorando-por-que-algunos-pacientes-con-covid-19-pierden-el-sentido-del-olfato\/"},"modified":"2022-08-31T15:24:22","modified_gmt":"2022-08-31T20:24:22","slug":"explorando-por-que-algunos-pacientes-con-covid-19-pierden-el-sentido-del-olfato","status":"publish","type":"post","link":"https:\/\/www.biblia.work\/articulos-salud\/explorando-por-que-algunos-pacientes-con-covid-19-pierden-el-sentido-del-olfato\/","title":{"rendered":"Explorando por qu\u00e9 algunos pacientes con COVID-19 pierden el sentido del olfato"},"content":{"rendered":"<p>Una micrograf\u00eda electr\u00f3nica de barrido coloreada del virus SARS-CoV-2. Cr\u00e9dito: NIAID <\/p>\n<p>Los m\u00e9dicos informaron que la p\u00e9rdida parcial o total del sentido del olfato suele ser un s\u00edntoma temprano de infecci\u00f3n por SARS-CoV-2, el virus que causa el COVID-19. Ahora, los investigadores que informan en ACS Chemical Neuroscience han demostrado que en ratones, las c\u00e9lulas de la cavidad nasal que contribuyen a la detecci\u00f3n de olores producen dos prote\u00ednas necesarias para la entrada del SARS-CoV-2. Adem\u00e1s, se producen mayores cantidades de prote\u00ednas en los animales mayores que en los m\u00e1s j\u00f3venes. <\/p>\n<p>El nuevo coronavirus todav\u00eda guarda muchos secretos, uno de los cuales es c\u00f3mo puede causar p\u00e9rdida del olfato incluso en personas infectadas que no tienen otros s\u00edntomas de COVID-19. El SARS-CoV-2 secuestra dos prote\u00ednas para invadir las c\u00e9lulas humanas: el receptor de superficie celular ACE2 y la proteasa TMPRSS2. Sin embargo, los cient\u00edficos a\u00fan no est\u00e1n seguros de qu\u00e9 c\u00e9lulas del epitelio olfativo (el tejido que recubre la cavidad nasal) expresan estas prote\u00ednas y podr\u00edan estar potencialmente infectadas por el virus. <\/p>\n<p>Descubrir podr\u00eda ayudar a explicar los s\u00edntomas y ayudar en el desarrollo de pruebas de diagn\u00f3stico m\u00e1s precisas. Entonces, Rafal Butowt y sus colegas estudiaron la expresi\u00f3n de las prote\u00ednas en ratones y c\u00f3mo sus niveles cambian con la edad.<\/p>\n<p>Usando varios m\u00e9todos, los investigadores encontraron que ACE2 y TMPRSS2 se expresan en c\u00e9lulas sustentaculares de la nariz que ayudan a transferir los olores. del aire a las neuronas. Los ratones m\u00e1s viejos produjeron m\u00e1s de las dos prote\u00ednas en las c\u00e9lulas nasales que los ratones m\u00e1s j\u00f3venes. Si tambi\u00e9n es cierto en humanos, este resultado podr\u00eda explicar por qu\u00e9 las personas mayores son m\u00e1s susceptibles al SARS-CoV-2, dicen los investigadores. Tambi\u00e9n se\u00f1alan que los estudios futuros deber\u00edan examinar si las c\u00e9lulas sustentaculares pueden transmitir el virus a las neuronas, lo que podr\u00eda proporcionar al SARS-CoV-2 una ruta para infectar el cerebro. <\/p>\n<p>Explore m\u00e1s<\/p>\n<p> Rusia crea sus propios ratones humanizados para probar vacunas y f\u00e1rmacos contra el COVID-19 <strong>M\u00e1s informaci\u00f3n:<\/strong> Katarzyna Bilinska et al. Expresi\u00f3n de las prote\u00ednas de entrada del SARS-CoV-2, ACE2 y TMPRSS2, en c\u00e9lulas del epitelio olfativo: identificaci\u00f3n de tipos de c\u00e9lulas y tendencias con la edad., ACS Chemical Neuroscience (2020). DOI: 10.1021\/acschemneuro.0c00210 <strong>Informaci\u00f3n de la revista:<\/strong> ACS Chemical Neuroscience <\/p>\n<p> Proporcionado por la American Chemical Society <strong>Cita<\/strong>: Explorando por qu\u00e9 algunos pacientes con COVID-19 pierden el sentido del olfato (2020, 11 de mayo) recuperado el 31 de agosto de 2022 de https:\/\/medicalxpress.com\/news\/2020-05-exploring-covid-patients.html Este documento est\u00e1 sujeto a derechos de autor. Aparte de cualquier trato justo con fines de estudio o investigaci\u00f3n privados, ninguna parte puede reproducirse sin el permiso por escrito. El contenido se proporciona \u00fanicamente con fines informativos.<\/p>\n","protected":false},"excerpt":{"rendered":"<p>Una micrograf\u00eda electr\u00f3nica de barrido coloreada del virus SARS-CoV-2. Cr\u00e9dito: NIAID Los m\u00e9dicos informaron que la p\u00e9rdida parcial o total del sentido del olfato suele ser un s\u00edntoma temprano de infecci\u00f3n por SARS-CoV-2, el virus que causa el COVID-19. Ahora, los investigadores que informan en ACS Chemical Neuroscience han demostrado que en ratones, las c\u00e9lulas &hellip; <a href=\"https:\/\/www.biblia.work\/articulos-salud\/explorando-por-que-algunos-pacientes-con-covid-19-pierden-el-sentido-del-olfato\/\" class=\"more-link\">Continuar leyendo<span class=\"screen-reader-text\"> \u00abExplorando por qu\u00e9 algunos pacientes con COVID-19 pierden el sentido del olfato\u00bb<\/span><\/a><\/p>\n","protected":false},"author":1,"featured_media":0,"comment_status":"","ping_status":"","sticky":false,"template":"","format":"standard","meta":{"footnotes":""},"categories":[1],"tags":[],"class_list":["post-27434","post","type-post","status-publish","format-standard","hentry","category-general"],"_links":{"self":[{"href":"https:\/\/www.biblia.work\/articulos-salud\/wp-json\/wp\/v2\/posts\/27434","targetHints":{"allow":["GET"]}}],"collection":[{"href":"https:\/\/www.biblia.work\/articulos-salud\/wp-json\/wp\/v2\/posts"}],"about":[{"href":"https:\/\/www.biblia.work\/articulos-salud\/wp-json\/wp\/v2\/types\/post"}],"author":[{"embeddable":true,"href":"https:\/\/www.biblia.work\/articulos-salud\/wp-json\/wp\/v2\/users\/1"}],"replies":[{"embeddable":true,"href":"https:\/\/www.biblia.work\/articulos-salud\/wp-json\/wp\/v2\/comments?post=27434"}],"version-history":[{"count":0,"href":"https:\/\/www.biblia.work\/articulos-salud\/wp-json\/wp\/v2\/posts\/27434\/revisions"}],"wp:attachment":[{"href":"https:\/\/www.biblia.work\/articulos-salud\/wp-json\/wp\/v2\/media?parent=27434"}],"wp:term":[{"taxonomy":"category","embeddable":true,"href":"https:\/\/www.biblia.work\/articulos-salud\/wp-json\/wp\/v2\/categories?post=27434"},{"taxonomy":"post_tag","embeddable":true,"href":"https:\/\/www.biblia.work\/articulos-salud\/wp-json\/wp\/v2\/tags?post=27434"}],"curies":[{"name":"wp","href":"https:\/\/api.w.org\/{rel}","templated":true}]}}