{"id":27442,"date":"2022-08-31T15:24:53","date_gmt":"2022-08-31T20:24:53","guid":{"rendered":"https:\/\/www.biblia.work\/articulos-salud\/europa-se-prepara-para-reabrir-a-pesar-de-los-temores-de-una-segunda-ola-del-virus\/"},"modified":"2022-08-31T15:24:53","modified_gmt":"2022-08-31T20:24:53","slug":"europa-se-prepara-para-reabrir-a-pesar-de-los-temores-de-una-segunda-ola-del-virus","status":"publish","type":"post","link":"https:\/\/www.biblia.work\/articulos-salud\/europa-se-prepara-para-reabrir-a-pesar-de-los-temores-de-una-segunda-ola-del-virus\/","title":{"rendered":"Europa se prepara para reabrir a pesar de los temores de una segunda ola del virus"},"content":{"rendered":"<p>Cr\u00e9dito: CC0 Public Domain <\/p>\n<p>Millones de europeos se estaban preparando para un regreso a la normalidad parcial el domingo, un d\u00eda antes de que los funcionarios relajaran algunas de las medidas de bloqueo de coronavirus m\u00e1s duras del mundo. <\/p>\n<p>Pero el riesgo de una segunda ola mortal se puso de relieve el domingo por el resurgimiento del virus en Se\u00fal, la capital de Corea del Sur, donde todos los bares y discotecas cerraron despu\u00e9s de que surgieran decenas de casos confirmados. <\/p>\n<p>Y China inform\u00f3 la primera infecci\u00f3n en m\u00e1s de un mes el domingo en Wuhan, la ciudad donde el brote comenz\u00f3 a fines del a\u00f1o pasado.<\/p>\n<p>Con millones de personas sin trabajo y econom\u00edas estancadas, incluso en el Estados Unidos, donde 20 millones perdieron sus empleos en abril, los gobiernos est\u00e1n desesperados por reabrir, pero la mayor\u00eda elige un enfoque gradual.<\/p>\n<p>En Francia, peluquer\u00edas, tiendas de ropa, florister\u00edas y librer\u00edas volver\u00e1n a abrir el lunes, pero los bares, restaurantes, teatros y cines permanecen cerrados.<\/p>\n<p>La mitad de los 47 millones de espa\u00f1oles podr\u00e1n reunirse con familiares o amigos en reuniones de hasta 10 y los bares y restaurantes con espacio al aire libre podr\u00e1n reabrir.<\/p>\n<p>Los funcionarios europeos se han envalentonado por la disminuci\u00f3n de las tasas de mortalidad. El n\u00famero de v\u00edctimas de Francia de 80 el s\u00e1bado fue el m\u00e1s bajo desde principios de abril y las muertes diarias de Espa\u00f1a han ca\u00eddo por debajo de 200. <\/p>\n<p>Bazares bulliciosos<\/p>\n<p>Para Gaelle Cathou , que al igual que decenas de miles de otros hab\u00edan optado por abandonar la capital francesa al comienzo de la encierro, es hora de volver a Par\u00eds. <\/p>\n<p>\u00abEstoy feliz de encontrar mi hogar y orientarme de nuevo\u00bb, dijo a la AFP. \u00abPero estoy un poco aprensivo porque va a ser una nueva vida\u00bb. <\/p>\n<p>En Espa\u00f1a, aproximadamente la mitad de la poblaci\u00f3n podr\u00e1 salir el lunes y los restaurantes podr\u00e1n ofrecer alg\u00fan servicio al aire libre, pero las personas en puntos de acceso urbano como Madrid y Barcelona permanecer\u00e1n encerradas. <\/p>\n<p>B\u00e9lgica, Alemania y Grecia se encuentran entre otras naciones europeas que aliviar\u00e1n sus bloqueos el lunes. <\/p>\n<p>\u00abMa\u00f1ana, las escuelas vuelven a abrir para nosotros, pero yo no ir\u00e9\u00bb, dijo a la AFP la griega Anastasia Kyriazis, de 17 a\u00f1os, y explic\u00f3 que solo quedaban unas pocas semanas de clase antes de los ex\u00e1menes. \u00abLa mayor\u00eda de los alumnos que conozco no van&#8230; Prefiero quedarme en casa y estudiar\u00bb. <\/p>\n<p>El pa\u00eds m\u00e1s afectado de Medio Oriente, Ir\u00e1n, tambi\u00e9n relaj\u00f3 sus medidas de confinamiento y los bazares y centros comerciales en la capital, Teher\u00e1n, volvieron a estar llenos de actividad despu\u00e9s de haber estado casi desiertos durante semanas, para disgusto de algunos. <\/p>\n<p>\u00abTodos estos clientes que entran pondr\u00e1n en peligro nuestra vida a los que nos vemos obligados a venir\u00bb a trabajar, dijo a la AFP el comerciante Milad, de 22 a\u00f1os. <\/p>\n<p>El portavoz del Ministerio de Salud, Kianoush Jahanpour, advirti\u00f3 que la situaci\u00f3n \u00abde ninguna manera debe considerarse normal\u00bb, ya que algunas regiones registraron tasas de mortalidad que aumentaron y reinstauraron los bloqueos.<\/p>\n<p>Subrayando la incertidumbre, al menos una distrito en Alemania se vio obligado a volver a imponer restricciones el s\u00e1bado despu\u00e9s de un brote en una planta procesadora de carne.<\/p>\n<p>Seg\u00fan los informes, los funcionarios brit\u00e1nicos est\u00e1n considerando una cuarentena obligatoria de 14 d\u00edas para las llegadas internacionales cuando anuncien planes para salir de su bloqueo m\u00e1s adelante Domingo. <\/p>\n<p>Jet-skiing president<\/p>\n<p>Pero mientras algunos de los pa\u00edses m\u00e1s afectados se preparan para relajar sus restricciones, est\u00e1n surgiendo otros puntos cr\u00edticos globales, Rusia y Brasil alcanzaron hitos sombr\u00edos el domingo. <\/p>\n<p>El n\u00famero de casos de Rusia super\u00f3 los 200.000 y se espera que se convierta en la cifra m\u00e1s alta de Europa en cuesti\u00f3n de d\u00edas, pero las autoridades dicen que muestra la eficacia del r\u00e9gimen de pruebas de Rusia en lugar de la gravedad del brote. <\/p>\n<p>El n\u00famero de muertes en Rusia sigue siendo relativamente bajo, poco m\u00e1s de 1.900. <\/p>\n<p>Para Brasil, las se\u00f1ales son m\u00e1s siniestras.<\/p>\n<p>Las autoridades confirmaron que m\u00e1s de 10.000 han muerto en el pa\u00eds latinoamericano m\u00e1s afectado, pero los cient\u00edficos advierten que las cifras reales podr\u00edan ser muchas veces m\u00e1s alto, dada la falta de pruebas generalizadas. <\/p>\n<p>En una se\u00f1al de que los funcionarios a\u00fan no est\u00e1n enfrentando la crisis, el presidente Jair Bolsonaro, quien compar\u00f3 el coronavirus con una \u00abpeque\u00f1a gripe\u00bb, fue visto en moto acu\u00e1tica. <\/p>\n<p>&#8216;Desastre ca\u00f3tico absoluto&#8217;<\/p>\n<p>Brasil se encuentra entre los pa\u00edses cuyas econom\u00edas se han visto paralizadas por la pandemia. El Fondo Monetario Internacional (FMI) predice una contracci\u00f3n del 5,3 % en la producci\u00f3n este a\u00f1o. <\/p>\n<p>El presidente Donald Trump, aliado de Bolsonaro, ha pedido repetidamente que se reabra la econom\u00eda incluso cuando el virus todav\u00eda se cobra m\u00e1s de 1,000 vidas diarias en los EE. UU.<\/p>\n<p>La enfermedad tambi\u00e9n se ha trasladado a el c\u00edrculo interno de la Casa Blanca, con el principal experto en enfermedades del gobierno, Anthony Fauci, supuestamente con la intenci\u00f3n de autoaislarse despu\u00e9s de una posible exposici\u00f3n a un asistente de la Casa Blanca infectado. <\/p>\n<p>Trump se ha enfrentado a fuertes cr\u00edticas de su predecesor, Barack Obama, quien dijo en una cinta filtrada que el manejo de la crisis por parte de Trump fue un \u00abdesastre ca\u00f3tico absoluto\u00bb. <\/p>\n<p>Mientras tanto, peque\u00f1as protestas contra el confinamiento se han extendido por todo el mundo. Algunos manifestantes argumentan que tales restricciones violan sus derechos y otros promueven teor\u00edas de conspiraci\u00f3n sobre la pandemia.<\/p>\n<p>Diez personas fueron arrestadas y un polic\u00eda oficial herido en la ciudad australiana de Melbourne el domingo en la \u00faltima protesta de este tipo, donde alrededor de 150 personas se reunieron para exigir el fin del cierre. <\/p>\n<p>Los participantes promov\u00edan teor\u00edas de conspiraci\u00f3n, incluida la vinculaci\u00f3n de la red m\u00f3vil 5G con la enfermedad. <\/p>\n<p>El director m\u00e9dico australiano, Brendan Murphy, dijo que hab\u00eda \u00abmucha informaci\u00f3n err\u00f3nea muy tonta\u00bb, y agreg\u00f3: \u00abEs una completa tonter\u00eda. 5G no tiene nada que ver con el coronavirus\u00bb. <\/p>\n<p>Explore m\u00e1s<\/p>\n<p> Siga las \u00faltimas noticias sobre el brote de coronavirus (COVID-19) <\/p>\n<p> 2020 AFP <\/p>\n<p> <strong>Cita<\/strong>: Europa se prepara para reabrir a pesar de los temores de una segunda ola del virus (10 de mayo de 2020) recuperado el 31 de agosto de 2022 de https:\/\/medicalxpress.com\/news\/2020-05-europe-reopen-virus.html Este documento est\u00e1 sujeto a derechos de autor. Aparte de cualquier trato justo con fines de estudio o investigaci\u00f3n privados, ninguna parte puede reproducirse sin el permiso por escrito. El contenido se proporciona \u00fanicamente con fines informativos.<\/p>\n","protected":false},"excerpt":{"rendered":"<p>Cr\u00e9dito: CC0 Public Domain Millones de europeos se estaban preparando para un regreso a la normalidad parcial el domingo, un d\u00eda antes de que los funcionarios relajaran algunas de las medidas de bloqueo de coronavirus m\u00e1s duras del mundo. Pero el riesgo de una segunda ola mortal se puso de relieve el domingo por el &hellip; <a href=\"https:\/\/www.biblia.work\/articulos-salud\/europa-se-prepara-para-reabrir-a-pesar-de-los-temores-de-una-segunda-ola-del-virus\/\" class=\"more-link\">Continuar leyendo<span class=\"screen-reader-text\"> \u00abEuropa se prepara para reabrir a pesar de los temores de una segunda ola del virus\u00bb<\/span><\/a><\/p>\n","protected":false},"author":1,"featured_media":0,"comment_status":"","ping_status":"","sticky":false,"template":"","format":"standard","meta":{"footnotes":""},"categories":[1],"tags":[],"class_list":["post-27442","post","type-post","status-publish","format-standard","hentry","category-general"],"_links":{"self":[{"href":"https:\/\/www.biblia.work\/articulos-salud\/wp-json\/wp\/v2\/posts\/27442","targetHints":{"allow":["GET"]}}],"collection":[{"href":"https:\/\/www.biblia.work\/articulos-salud\/wp-json\/wp\/v2\/posts"}],"about":[{"href":"https:\/\/www.biblia.work\/articulos-salud\/wp-json\/wp\/v2\/types\/post"}],"author":[{"embeddable":true,"href":"https:\/\/www.biblia.work\/articulos-salud\/wp-json\/wp\/v2\/users\/1"}],"replies":[{"embeddable":true,"href":"https:\/\/www.biblia.work\/articulos-salud\/wp-json\/wp\/v2\/comments?post=27442"}],"version-history":[{"count":0,"href":"https:\/\/www.biblia.work\/articulos-salud\/wp-json\/wp\/v2\/posts\/27442\/revisions"}],"wp:attachment":[{"href":"https:\/\/www.biblia.work\/articulos-salud\/wp-json\/wp\/v2\/media?parent=27442"}],"wp:term":[{"taxonomy":"category","embeddable":true,"href":"https:\/\/www.biblia.work\/articulos-salud\/wp-json\/wp\/v2\/categories?post=27442"},{"taxonomy":"post_tag","embeddable":true,"href":"https:\/\/www.biblia.work\/articulos-salud\/wp-json\/wp\/v2\/tags?post=27442"}],"curies":[{"name":"wp","href":"https:\/\/api.w.org\/{rel}","templated":true}]}}