{"id":27454,"date":"2022-08-31T15:25:39","date_gmt":"2022-08-31T20:25:39","guid":{"rendered":"https:\/\/www.biblia.work\/articulos-salud\/aumento-de-infecciones-por-virus-en-alemania-genera-preocupacion\/"},"modified":"2022-08-31T15:25:39","modified_gmt":"2022-08-31T20:25:39","slug":"aumento-de-infecciones-por-virus-en-alemania-genera-preocupacion","status":"publish","type":"post","link":"https:\/\/www.biblia.work\/articulos-salud\/aumento-de-infecciones-por-virus-en-alemania-genera-preocupacion\/","title":{"rendered":"Aumento de infecciones por virus en Alemania genera preocupaci\u00f3n"},"content":{"rendered":"<p>Coronavirus. Cr\u00e9dito: Centros Europeos para el Control de Enfermedades <\/p>\n<p>La propagaci\u00f3n del coronavirus en Alemania parece estar acelerando nuevamente, seg\u00fan mostraron datos oficiales el domingo, pocos d\u00edas despu\u00e9s de que la canciller Angela Merkel dijera que el pa\u00eds podr\u00eda volver gradualmente a la normalidad. <\/p>\n<p>El Instituto Robert Koch para la salud p\u00fablica dijo que la tasa de reproducci\u00f3n (R0) observada de cerca en Alemania hab\u00eda subido a 1,1, lo que significa que 10 personas con COVID-19 infectan en promedio a otras 11.<\/p>\n<p>El RKI advirti\u00f3 que para Para que la tasa de infecci\u00f3n se considere bajo control y se est\u00e9 desacelerando, R0 tiene que permanecer por debajo de uno. <\/p>\n<p>Recientemente, el mi\u00e9rcoles, el n\u00famero de Alemania era de 0,65.<\/p>\n<p>Pero desde entonces, el pa\u00eds ha informado grupos de nuevos casos en mataderos y residencias de ancianos.<\/p>\n<p>El RKI advirti\u00f3 que era demasiado pronto para sacar conclusiones, pero dijo que la cantidad de nuevas infecciones \u00abdeber\u00eda ser vigilada muy de cerca en los pr\u00f3ximos d\u00edas\u00bb.<\/p>\n<p>Los \u00faltimos datos generaron alarma despu\u00e9s de que Merkel solo el mi\u00e9rcoles declar\u00f3 que Alemania hab\u00eda dejado atr\u00e1s la \u00abprimera fase\u00bb de la pandemia y los estados federales anunciaron la flexibilizaci\u00f3n de las restricciones sociales.<\/p>\n<p>La mayor\u00eda de las tiendas y parques infantiles han reabierto, los ni\u00f1os est\u00e1n regresando gradualmente a las aulas y los estados est\u00e1n reapertura de restaurantes, gimnasios y lugares de culto en diversos grados.<\/p>\n<p>Sin embargo, las autoridades locales alemanas acordaron aplicar un \u00abfreno de emergencia\u00bb y volver a imponer restricciones sociales si la tasa de infecci\u00f3n supera los 50 casos por cada 100.000 residentes durante una semana. <\/p>\n<p>Eso ya ha sucedido en al menos tres distritos en los \u00faltimos d\u00edas. s, seg\u00fan el RKI.<\/p>\n<p>F\u00fatbol, mataderos<\/p>\n<p>En el estado m\u00e1s poblado de Alemania, Renania del Norte-Westfalia, ha habido un aumento de casos en un matadero en el distrito de Coesfeld , donde alrededor de 200 de los 1.200 empleados han dado positivo por el virus.<\/p>\n<p>Muchos de ellos son trabajadores extranjeros del este de Europa que viv\u00edan en viviendas compartidas.<\/p>\n<p>El Gobierno regional ha ordenado a los trabajadores en todos los mataderos del estado para someterse a pruebas. Tambi\u00e9n ha retrasado la flexibilizaci\u00f3n de algunas medidas de confinamiento en el distrito.<\/p>\n<p>Un brote de COVID-19 en un matadero en el estado norte\u00f1o de Schleswig-Holstein tambi\u00e9n ha empujado al distrito de Steinburg por encima del umbral de infecci\u00f3n. <\/p>\n<p>En el estado oriental de Turingia, el distrito de Greiz ha informado de un aumento en las infecciones entre los residentes y empleados de varias residencias de ancianos y un hospital geri\u00e1trico.<\/p>\n<p>Tambi\u00e9n hubo nuevos temores por el plan reinicio de la temporada de f\u00fatbol de la Bundesliga el 16 de mayo despu\u00e9s de que se ordenara al Dynamo Dresden de segundo nivel que entrara en cuarentena por dos casos de coronavirus.<\/p>\n<p>Protestas<\/p>\n<p>A pesar de las crecientes preocupaciones, algunos alemanes creen que el el pa\u00eds no se est\u00e1 moviendo lo suficientemente r\u00e1pido para aliviar las medidas de confinamiento.<\/p>\n<p>Miles de personas salieron a las calles en ciudades de todo el pa\u00eds el fin de semana para protestar contra las restricciones restantes, como usar una m\u00e1scara en el transporte p\u00fablico y limitar los contactos sociales. .<\/p>\n<p>Aument\u00f3 la tensi\u00f3n en un mitin en Berl\u00edn el s\u00e1bado, donde cientos de manifestantes corearon \u00abLibertad, libertad\u00bb y algunos arrojaron botellas a la polic\u00eda. Varias decenas de personas fueron detenidas.<\/p>\n<p>En M\u00fanich, donde el s\u00e1bado se reunieron unos 3.000 manifestantes, la polic\u00eda critic\u00f3 a los participantes por no cumplir las normas de distanciamiento social.<\/p>\n<p>Las manifestaciones, que han crecido m\u00e1s grandes en las \u00faltimas semanas, han atra\u00eddo principalmente a una mezcla de simpatizantes de extrema derecha y extrema izquierda. <\/p>\n<p>Pero cada vez son m\u00e1s populares.<\/p>\n<p>Un conocido pol\u00edtico del partido liberal Dem\u00f3cratas Libres (FDP), Thomas Kemmerich, fue criticado por unirse a una protesta en el estado de Turingia. a la que tambi\u00e9n asistieron miembros del partido de extrema derecha AfD. <\/p>\n<p>Explore m\u00e1s<\/p>\n<p> Siga las \u00faltimas noticias sobre el brote de coronavirus (COVID-19) <\/p>\n<p> 2020 AFP <\/p>\n<p> <strong>Cita<\/strong>: El aumento de las infecciones por virus en Alemania genera preocupaci\u00f3n (2020, 10 de mayo) recuperado el 31 de agosto de 2022 de https:\/\/medicalxpress.com\/news\/2020-05-german-virus-infections-spurs.html Este documento est\u00e1 sujeto a derechos de autor. Aparte de cualquier trato justo con fines de estudio o investigaci\u00f3n privados, ninguna parte puede reproducirse sin el permiso por escrito. El contenido se proporciona \u00fanicamente con fines informativos.<\/p>\n","protected":false},"excerpt":{"rendered":"<p>Coronavirus. Cr\u00e9dito: Centros Europeos para el Control de Enfermedades La propagaci\u00f3n del coronavirus en Alemania parece estar acelerando nuevamente, seg\u00fan mostraron datos oficiales el domingo, pocos d\u00edas despu\u00e9s de que la canciller Angela Merkel dijera que el pa\u00eds podr\u00eda volver gradualmente a la normalidad. El Instituto Robert Koch para la salud p\u00fablica dijo que la &hellip; <a href=\"https:\/\/www.biblia.work\/articulos-salud\/aumento-de-infecciones-por-virus-en-alemania-genera-preocupacion\/\" class=\"more-link\">Continuar leyendo<span class=\"screen-reader-text\"> \u00abAumento de infecciones por virus en Alemania genera preocupaci\u00f3n\u00bb<\/span><\/a><\/p>\n","protected":false},"author":1,"featured_media":0,"comment_status":"","ping_status":"","sticky":false,"template":"","format":"standard","meta":{"footnotes":""},"categories":[1],"tags":[],"class_list":["post-27454","post","type-post","status-publish","format-standard","hentry","category-general"],"_links":{"self":[{"href":"https:\/\/www.biblia.work\/articulos-salud\/wp-json\/wp\/v2\/posts\/27454","targetHints":{"allow":["GET"]}}],"collection":[{"href":"https:\/\/www.biblia.work\/articulos-salud\/wp-json\/wp\/v2\/posts"}],"about":[{"href":"https:\/\/www.biblia.work\/articulos-salud\/wp-json\/wp\/v2\/types\/post"}],"author":[{"embeddable":true,"href":"https:\/\/www.biblia.work\/articulos-salud\/wp-json\/wp\/v2\/users\/1"}],"replies":[{"embeddable":true,"href":"https:\/\/www.biblia.work\/articulos-salud\/wp-json\/wp\/v2\/comments?post=27454"}],"version-history":[{"count":0,"href":"https:\/\/www.biblia.work\/articulos-salud\/wp-json\/wp\/v2\/posts\/27454\/revisions"}],"wp:attachment":[{"href":"https:\/\/www.biblia.work\/articulos-salud\/wp-json\/wp\/v2\/media?parent=27454"}],"wp:term":[{"taxonomy":"category","embeddable":true,"href":"https:\/\/www.biblia.work\/articulos-salud\/wp-json\/wp\/v2\/categories?post=27454"},{"taxonomy":"post_tag","embeddable":true,"href":"https:\/\/www.biblia.work\/articulos-salud\/wp-json\/wp\/v2\/tags?post=27454"}],"curies":[{"name":"wp","href":"https:\/\/api.w.org\/{rel}","templated":true}]}}