{"id":27458,"date":"2022-08-31T15:25:54","date_gmt":"2022-08-31T20:25:54","guid":{"rendered":"https:\/\/www.biblia.work\/articulos-salud\/europa-se-prepara-para-la-reapertura-a-pesar-de-los-temores-de-una-segunda-ola-de-virus\/"},"modified":"2022-08-31T15:25:54","modified_gmt":"2022-08-31T20:25:54","slug":"europa-se-prepara-para-la-reapertura-a-pesar-de-los-temores-de-una-segunda-ola-de-virus","status":"publish","type":"post","link":"https:\/\/www.biblia.work\/articulos-salud\/europa-se-prepara-para-la-reapertura-a-pesar-de-los-temores-de-una-segunda-ola-de-virus\/","title":{"rendered":"Europa se prepara para la reapertura a pesar de los temores de una segunda ola de virus"},"content":{"rendered":"<p>Cr\u00e9dito: CC0 Public Domain <\/p>\n<p>Millones de personas en Francia y Espa\u00f1a hicieron la cuenta regresiva el lunes para la relajaci\u00f3n de los estrictos bloqueos de coronavirus, esperanzas de liberaci\u00f3n de sus hogares mezcladas con temores de una segunda ola de una pandemia que ha matado a m\u00e1s de 280.000 personas en todo el mundo y ha provocado un desastre econ\u00f3mico. <\/p>\n<p>En Francia, las personas podr\u00e1n caminar afuera por primera vez en casi ocho semanas sin completar un permiso, los maestros comenzar\u00e1n a regresar a las escuelas y algunas tiendas reabrir\u00e1n.<\/p>\n<p>Bares, Sin embargo, los restaurantes, teatros y cines permanecer\u00e1n cerrados.<\/p>\n<p>Los espa\u00f1oles fuera de los puntos de acceso urbano como Madrid y Barcelona, que permanecen encerrados, hicieron planes con entusiasmo para reunirse con amigos y familiares en bares y restaurantes que tienen espacios al aire libre. Pero la anticipaci\u00f3n de la libertad recuperada estaba te\u00f1ida de preocupaci\u00f3n.<\/p>\n<p>Con millones de personas sin trabajo y econom\u00edas estancadas, incluso en los Estados Unidos, donde 20 millones perdieron sus empleos en abril, los gobiernos est\u00e1n desesperados por reabrir, pero la mayor\u00eda est\u00e1 eligiendo un cambio gradual. enfoque.<\/p>\n<p>Los funcionarios europeos se han envalentonado por la disminuci\u00f3n de las tasas de mortalidad. El n\u00famero de muertos en Francia de 70 el domingo fue el m\u00e1s bajo desde principios de abril y las muertes diarias en Espa\u00f1a han ca\u00eddo por debajo de 200.<\/p>\n<p>Pero el riesgo de un La segunda ola se vio subrayada por un resurgimiento en Corea del Sur, ampliamente elogiada por su manejo de un brote inicial, pero ahora se vio obligada a cerrar todos los bares y clubes en la capital, Se\u00fal, luego de que se confirmara un grupo de infecciones<\/p>\n<p>China inform\u00f3 que primera infecci\u00f3n en m\u00e1s de un mes el domingo en Wuhan, donde el brote comenz\u00f3 a fines del a\u00f1o pasado antes de infectar a m\u00e1s de cuatro millones en todo el mundo.<\/p>\n<p>Y en Alemania tambi\u00e9n hab\u00eda incertidumbre con al menos un distrito obligado a volver a imponer la restricci\u00f3n s despu\u00e9s de un brote en una planta procesadora de carne.<\/p>\n<p>Bazares bulliciosos<\/p>\n<p>\u00abYa hemos fijado una fecha para cenar el mi\u00e9rcoles, solo 10 de nosotros. No puedo esperar para tocar a alguien, besar y ser besada\u00bb, dijo la profesora Beatriz Gonz\u00e1lez, de 66 a\u00f1os, en la ciudad espa\u00f1ola de Las Palmas en las Islas Canarias. <\/p>\n<p>B\u00e9lgica, Alemania y Grecia est\u00e1n entre otras naciones europeas que aliviar\u00e1n los confinamientos el lunes.<\/p>\n<p>Turqu\u00eda ya hab\u00eda suavizado algunas restricciones y dej\u00f3 salir a los mayores de 65 a\u00f1os por primera vez el domingo.<\/p>\n<p>\u00abEs la primera vez que He salido desde marzo y estoy muy feliz, lleno de alegr\u00eda\u00bb, dijo a la AFP una residente de Ankara llamada Ayse.<\/p>\n<p>El pa\u00eds m\u00e1s afectado de Medio Oriente, Ir\u00e1n, tambi\u00e9n ha relajado sus las medidas de confinamiento y los bazares y centros comerciales de la capital, Teher\u00e1n, volv\u00edan a estar llenos de actividad despu\u00e9s de haber estado casi desiertos durante semanas.<\/p>\n<p>Pero el portavoz del Ministerio de Salud, Kianoush Jahanpour, advirti\u00f3 que la situaci\u00f3n \u00abde ninguna manera debe considerarse normal\u00bb, ya que una regi\u00f3n registr\u00f3 un aumento en las tasas de mortalidad y volvi\u00f3 a imponer un bloqueo.<\/p>\n<p>Y la reanudaci\u00f3n de la liga de f\u00fatbol en Europa recibi\u00f3 un duro golpe despu\u00e9s de la confirmaci\u00f3n de grupos o f infecciones entre jugadores en Espa\u00f1a, Alemania y Portugal.<\/p>\n<p>Los jefes de f\u00fatbol en los tres pa\u00edses, sin embargo, insistieron en que los reinicios de temporada planeados para las pr\u00f3ximas semanas todav\u00eda estaban en camino.<\/p>\n<p>Jet- presidente de esqu\u00ed<\/p>\n<p>Mientras algunos de los pa\u00edses m\u00e1s afectados se preparan para relajar sus restricciones, la recuperaci\u00f3n de Gran Breta\u00f1a se mantuvo ligeramente por detr\u00e1s de sus contrapartes europeas.<\/p>\n<p>El primer ministro Boris Johnson deb\u00eda anunciar su visi\u00f3n para saliendo del bloqueo m\u00e1s tarde el domingo, que seg\u00fan se informa incluir\u00e1 una cuarentena obligatoria de 14 d\u00edas para todas las llegadas internacionales. <\/p>\n<p>A\u00fan m\u00e1s rezagados est\u00e1n Rusia y Brasil, que superaron hitos sombr\u00edos el domingo. <\/p>\n<p>El n\u00famero de casos de Rusia super\u00f3 los 200\u00a0000 y se espera que se convierta en la cifra m\u00e1s alta de Europa en unos d\u00edas, incluso cuando el n\u00famero de muertes sigue siendo relativamente bajo, menos de 2000. <\/p>\n<p>Si bien los funcionarios dicen que las cifras revelan la eficacia del r\u00e9gimen de pruebas de Rusia, un sindicato de m\u00e9dicos aliado de la oposici\u00f3n dijo que las autoridades no estaban informando las muertes de los m\u00e9dicos. <\/p>\n<p>Para Brasil, las se\u00f1ales son m\u00e1s siniestras.<\/p>\n<p>Las autoridades confirmaron que m\u00e1s de 10.000 personas hab\u00edan muerto en el pa\u00eds latinoamericano m\u00e1s afectado, pero los cient\u00edficos advirtieron que las cifras reales podr\u00edan ser muchas veces m\u00e1s alto, dada la falta de pruebas generalizadas. <\/p>\n<p>En una se\u00f1al de que los funcionarios a\u00fan no estaban enfrentando la crisis, el presidente Jair Bolsonaro, quien compar\u00f3 el coronavirus con una \u00abpeque\u00f1a gripe\u00bb y critic\u00f3 los cierres regionales, supuestamente fue visto en moto acu\u00e1tica. <\/p>\n<p>&#8216;Desastre ca\u00f3tico absoluto&#8217;<\/p>\n<p>Bolsonaro y su aliado, el presidente Donald Trump, han pedido reiteradamente que sus econom\u00edas se reabran incluso cuando el virus se propaga entre sus poblaciones. M\u00e1s de 1000 personas mueren cada d\u00eda. en los EE. UU.<\/p>\n<p>La enfermedad tambi\u00e9n se ha trasladado al c\u00edrculo interno de la Casa Blanca, y el principal experto en enfermedades del gobierno de los EE. UU., Anthony Fauci, supuestamente tiene la intenci\u00f3n de autoaislarse despu\u00e9s de una posible exposici\u00f3n a un asistente de la Casa Blanca infectado. <\/p>\n<p>Los estadounidenses son cada vez m\u00e1s esc\u00e9pticos sobre el historial de Trump en el tema, m\u00e1s de la mitad lo desaprueba seg\u00fan un promedio de encuestas de RealClearPolitics del 6 de mayo.<\/p>\n<p>Tambi\u00e9n ha enfrentado fuertes cr\u00edticas de su predecesor Barack Obama, quien dijo en una cinta filtrada que el manejo de la crisis por parte de Trump fue un \u00abdesastre ca\u00f3tico absoluto\u00bb.<\/p>\n<p>Pero sus asesores estaban en vigor el domingo, apareciendo en programas de entrevistas para presionar por el fin de la bloqueos impuestos. <\/p>\n<p>El secretario del Tesoro, Steven Mnuchin, le dijo a Fox que el peligro real era no reabrir y agreg\u00f3: \u00abEst\u00e1s hablando de lo que ser\u00eda un da\u00f1o econ\u00f3mico permanente para el p\u00fablico estadounidense\u00bb.<\/p>\n<p>Peque\u00f1o anti Mientras tanto, las protestas de confinamiento se han extendido por todo el mundo, y algunos manifestantes argumentan que tales restricciones violan sus derechos.<\/p>\n<p>Diez personas fueron arrestadas y un oficial de polic\u00eda result\u00f3 herido en la ciudad australiana de Melbourne el domingo en la \u00faltima protesta de este tipo. donde se reunieron alrededor de 150 personas. <\/p>\n<p>Los participantes promov\u00edan teor\u00edas de conspiraci\u00f3n, incluida la vinculaci\u00f3n de la red m\u00f3vil 5G con la enfermedad. <\/p>\n<p>El director m\u00e9dico australiano, Brendan Murphy, dijo que hab\u00eda \u00abmucha informaci\u00f3n err\u00f3nea muy tonta\u00bb, y agreg\u00f3: \u00abEs una completa tonter\u00eda. 5G no tiene nada que ver con el coronavirus\u00bb. <\/p>\n<p>Explore m\u00e1s<\/p>\n<p> Siga las \u00faltimas noticias sobre el brote de coronavirus (COVID-19) <\/p>\n<p> 2020 AFP <\/p>\n<p> <strong>Cita<\/strong>: Europa se prepara para la reapertura a pesar de los temores de una segunda ola del virus (10 de mayo de 2020) recuperado el 31 de agosto de 2022 de https:\/\/medicalxpress.com\/news\/2020-05-europe-braces-reopening-virus.html Este documento est\u00e1 sujeto a derechos de autor. Aparte de cualquier trato justo con fines de estudio o investigaci\u00f3n privados, ninguna parte puede reproducirse sin el permiso por escrito. El contenido se proporciona \u00fanicamente con fines informativos.<\/p>\n","protected":false},"excerpt":{"rendered":"<p>Cr\u00e9dito: CC0 Public Domain Millones de personas en Francia y Espa\u00f1a hicieron la cuenta regresiva el lunes para la relajaci\u00f3n de los estrictos bloqueos de coronavirus, esperanzas de liberaci\u00f3n de sus hogares mezcladas con temores de una segunda ola de una pandemia que ha matado a m\u00e1s de 280.000 personas en todo el mundo y &hellip; <a href=\"https:\/\/www.biblia.work\/articulos-salud\/europa-se-prepara-para-la-reapertura-a-pesar-de-los-temores-de-una-segunda-ola-de-virus\/\" class=\"more-link\">Continuar leyendo<span class=\"screen-reader-text\"> \u00abEuropa se prepara para la reapertura a pesar de los temores de una segunda ola de virus\u00bb<\/span><\/a><\/p>\n","protected":false},"author":1,"featured_media":0,"comment_status":"","ping_status":"","sticky":false,"template":"","format":"standard","meta":{"footnotes":""},"categories":[1],"tags":[],"class_list":["post-27458","post","type-post","status-publish","format-standard","hentry","category-general"],"_links":{"self":[{"href":"https:\/\/www.biblia.work\/articulos-salud\/wp-json\/wp\/v2\/posts\/27458","targetHints":{"allow":["GET"]}}],"collection":[{"href":"https:\/\/www.biblia.work\/articulos-salud\/wp-json\/wp\/v2\/posts"}],"about":[{"href":"https:\/\/www.biblia.work\/articulos-salud\/wp-json\/wp\/v2\/types\/post"}],"author":[{"embeddable":true,"href":"https:\/\/www.biblia.work\/articulos-salud\/wp-json\/wp\/v2\/users\/1"}],"replies":[{"embeddable":true,"href":"https:\/\/www.biblia.work\/articulos-salud\/wp-json\/wp\/v2\/comments?post=27458"}],"version-history":[{"count":0,"href":"https:\/\/www.biblia.work\/articulos-salud\/wp-json\/wp\/v2\/posts\/27458\/revisions"}],"wp:attachment":[{"href":"https:\/\/www.biblia.work\/articulos-salud\/wp-json\/wp\/v2\/media?parent=27458"}],"wp:term":[{"taxonomy":"category","embeddable":true,"href":"https:\/\/www.biblia.work\/articulos-salud\/wp-json\/wp\/v2\/categories?post=27458"},{"taxonomy":"post_tag","embeddable":true,"href":"https:\/\/www.biblia.work\/articulos-salud\/wp-json\/wp\/v2\/tags?post=27458"}],"curies":[{"name":"wp","href":"https:\/\/api.w.org\/{rel}","templated":true}]}}