{"id":27460,"date":"2022-08-31T15:26:02","date_gmt":"2022-08-31T20:26:02","guid":{"rendered":"https:\/\/www.biblia.work\/articulos-salud\/rayos-x-y-tc-de-la-enfermedad-pediatrica-por-coronavirus-covid-19-en-revision-de-nuevos-trastornos-pulmonares\/"},"modified":"2022-08-31T15:26:02","modified_gmt":"2022-08-31T20:26:02","slug":"rayos-x-y-tc-de-la-enfermedad-pediatrica-por-coronavirus-covid-19-en-revision-de-nuevos-trastornos-pulmonares","status":"publish","type":"post","link":"https:\/\/www.biblia.work\/articulos-salud\/rayos-x-y-tc-de-la-enfermedad-pediatrica-por-coronavirus-covid-19-en-revision-de-nuevos-trastornos-pulmonares\/","title":{"rendered":"Rayos X y TC de la enfermedad pedi\u00e1trica por coronavirus (COVID-19) en revisi\u00f3n de nuevos trastornos pulmonares"},"content":{"rendered":"<p>La prueba de reacci\u00f3n en cadena de la polimerasa con transcripci\u00f3n inversa confirm\u00f3 el diagn\u00f3stico del s\u00edndrome respiratorio agudo severo coronavirus 2 (SARS-CoV-2). A, La radiograf\u00eda de t\u00f3rax frontal obtenida en la presentaci\u00f3n inicial muestra consolidaciones predominantes en la zona pulmonar inferior bilateral y, en menor medida, opacidades en vidrio deslustrado. B, Radiograf\u00eda de t\u00f3rax frontal obtenida 2 d\u00edas despu\u00e9s del ingreso hospitalario que muestra un aumento del intervalo en la consolidaci\u00f3n en las zonas pulmonares inferiores bilaterales. C, Radiograf\u00eda de t\u00f3rax frontal obtenida 6 d\u00edas despu\u00e9s del ingreso hospitalario y el tratamiento que muestra una mejor\u00eda en las consolidaciones en las zonas pulmonares inferiores bilaterales. Cr\u00e9dito: American Journal of Roentgenology (AJR) <\/p>\n<p>Aunque los s\u00edntomas cl\u00ednicos de los nuevos trastornos pulmonares pedi\u00e1tricos, como el s\u00edndrome respiratorio agudo severo (SARS), la influenza A de origen porcino (H1N1), el s\u00edndrome respiratorio del Medio Oriente (MERS), e- la lesi\u00f3n pulmonar asociada al uso de cigarrillos o productos de vapeo (EVALI) y la neumon\u00eda por enfermedad por coronavirus (COVID-19) pueden ser inespec\u00edficas, algunos hallazgos caracter\u00edsticos de im\u00e1genes \u00abhan surgido o est\u00e1n surgiendo actualmente\u00bb, seg\u00fan un art\u00edculo de acceso abierto en el American Journal de Roentgenolog\u00eda (AJR). <\/p>\n<p>\u00abAunque hay algunas caracter\u00edsticas de im\u00e1genes superpuestas de estos trastornos\u00bb, escribi\u00f3 la primera autora Alexandra M. Foust del Boston Children&#8217;s Hospital y la Escuela de Medicina de Harvard, \u00abuna evaluaci\u00f3n cuidadosa de la distribuci\u00f3n, la preferencia de la zona pulmonar y la simetr\u00eda de las anomal\u00edas con un Est\u00e9 atento a algunas caracter\u00edsticas diferenciadoras \u00fanicas de im\u00e1genes, como el signo del halo que se observa en COVID-19 y la conservaci\u00f3n subpleural y el signo del atol\u00f3n que se observa en EVALI, que pueden permitir al radi\u00f3logo ofrecer un diagn\u00f3stico diferencial m\u00e1s estrecho en pacientes pedi\u00e1tricos, lo que lleva a una atenci\u00f3n \u00f3ptima del paciente. \u00ab<\/p>\n<p>En la mayor\u00eda de las instituciones, mientras que el primer estudio de im\u00e1genes realizado en pacientes con sospecha cl\u00ednica de COVID-19 es la radiograf\u00eda de t\u00f3rax, la revisi\u00f3n de la literatura cl\u00ednica realizada por Foust y sus colegas encontr\u00f3 que los estudios sobre hallazgos de radiograf\u00eda de t\u00f3rax en pacientes con COVID-19 -19 fueron relativamente escasos.<\/p>\n<p>Con respecto a los estudios limitados de pacientes pedi\u00e1tricos con COVID-19, Foust et al. se\u00f1al\u00f3 que la radiograf\u00eda de t\u00f3rax \u00abpuede mostrar hallazgos normales; opacidad en vidrio deslustrado bilateral irregular (GGO), consolidaci\u00f3n o ambos; predominio de la zona pulmonar perif\u00e9rica e inferior\u00bb.<\/p>\n<p> La prueba de reacci\u00f3n en cadena de la polimerasa con transcripci\u00f3n inversa confirm\u00f3 el diagn\u00f3stico de s\u00edndrome respiratorio agudo severo coronavirus 2 (SARS-CoV-2). AD, im\u00e1genes axiales (A y B), coronal (C) y sagital (D) de TC con ajuste de ventana pulmonar que muestran una opacidad en vidrio esmerilado subpleural posterior con un peque\u00f1o componente de consolidaci\u00f3n dentro del l\u00f3bulo inferior izquierdo. Cr\u00e9dito: American Journal of Roentgenology (AJR) <\/p>\n<p>Del mismo modo, si bien la literatura que describe los hallazgos de la TC de t\u00f3rax en pacientes con COVID-19 es m\u00e1s s\u00f3lida que la que describe los hallazgos de la radiograf\u00eda de t\u00f3rax, solo unos pocos art\u00edculos han informado hallazgos de TC de COVID-19 en ni\u00f1os.<\/p>\n<p>Un estudio de 20 pacientes pedi\u00e1tricos con COVID-19 inform\u00f3 que las anomal\u00edas observadas con mayor frecuencia en la TC fueron lesiones subpleurales (100 % de los pacientes), pulmonares unilaterales (30 %) o bilaterales (50 %). lesiones, GGO (60 %) y consolidaci\u00f3n con un borde de GGO que lo rodea, tambi\u00e9n conocido como el signo del halo (50 %).<\/p>\n<p>Los autores de este art\u00edculo de AJR tambi\u00e9n se\u00f1alaron un estudio m\u00e1s peque\u00f1o de cinco pacientes pedi\u00e1tricos con COVID-19, donde los investigadores informaron GGO en parches modestos, uno con compromiso subpleural perif\u00e9rico, en tres pacientes que se resolvieron en el examen de seguimiento por TC. <\/p>\n<p>Explore m\u00e1s<\/p>\n<p> AJR: las caracter\u00edsticas de im\u00e1genes del nuevo coronavirus (COVID-19) se superponen con el SARS y el MERS <strong>M\u00e1s informaci\u00f3n:<\/strong> Alexandra M. Foust et al, Pediatric SARS, H1N1, MERS, EVALI , y ahora Neumon\u00eda por la enfermedad del coronavirus (COVID-19): lo que los radi\u00f3logos necesitan saber, American Journal of Roentgenology (2020). DOI: 10.2214\/AJR.20.23267 <strong>Informaci\u00f3n de la revista:<\/strong> American Journal of Roentgenology <\/p>\n<p> Proporcionado por American Roentgen Ray Society <strong>Cita<\/strong>: Enfermedad pedi\u00e1trica por coronavirus (COVID-19) X- ray, CT en revisi\u00f3n de nuevos trastornos pulmonares (2020, 9 de mayo) recuperado el 31 de agosto de 2022 de https:\/\/medicalxpress.com\/news\/2020-05-pediatric-coronavirus-disease-covid-x-ray.html Este documento es sujeto a derechos de autor. Aparte de cualquier trato justo con fines de estudio o investigaci\u00f3n privados, ninguna parte puede reproducirse sin el permiso por escrito. El contenido se proporciona \u00fanicamente con fines informativos.<\/p>\n","protected":false},"excerpt":{"rendered":"<p>La prueba de reacci\u00f3n en cadena de la polimerasa con transcripci\u00f3n inversa confirm\u00f3 el diagn\u00f3stico del s\u00edndrome respiratorio agudo severo coronavirus 2 (SARS-CoV-2). A, La radiograf\u00eda de t\u00f3rax frontal obtenida en la presentaci\u00f3n inicial muestra consolidaciones predominantes en la zona pulmonar inferior bilateral y, en menor medida, opacidades en vidrio deslustrado. B, Radiograf\u00eda de t\u00f3rax &hellip; <a href=\"https:\/\/www.biblia.work\/articulos-salud\/rayos-x-y-tc-de-la-enfermedad-pediatrica-por-coronavirus-covid-19-en-revision-de-nuevos-trastornos-pulmonares\/\" class=\"more-link\">Continuar leyendo<span class=\"screen-reader-text\"> \u00abRayos X y TC de la enfermedad pedi\u00e1trica por coronavirus (COVID-19) en revisi\u00f3n de nuevos trastornos pulmonares\u00bb<\/span><\/a><\/p>\n","protected":false},"author":1,"featured_media":0,"comment_status":"","ping_status":"","sticky":false,"template":"","format":"standard","meta":{"footnotes":""},"categories":[1],"tags":[],"class_list":["post-27460","post","type-post","status-publish","format-standard","hentry","category-general"],"_links":{"self":[{"href":"https:\/\/www.biblia.work\/articulos-salud\/wp-json\/wp\/v2\/posts\/27460","targetHints":{"allow":["GET"]}}],"collection":[{"href":"https:\/\/www.biblia.work\/articulos-salud\/wp-json\/wp\/v2\/posts"}],"about":[{"href":"https:\/\/www.biblia.work\/articulos-salud\/wp-json\/wp\/v2\/types\/post"}],"author":[{"embeddable":true,"href":"https:\/\/www.biblia.work\/articulos-salud\/wp-json\/wp\/v2\/users\/1"}],"replies":[{"embeddable":true,"href":"https:\/\/www.biblia.work\/articulos-salud\/wp-json\/wp\/v2\/comments?post=27460"}],"version-history":[{"count":0,"href":"https:\/\/www.biblia.work\/articulos-salud\/wp-json\/wp\/v2\/posts\/27460\/revisions"}],"wp:attachment":[{"href":"https:\/\/www.biblia.work\/articulos-salud\/wp-json\/wp\/v2\/media?parent=27460"}],"wp:term":[{"taxonomy":"category","embeddable":true,"href":"https:\/\/www.biblia.work\/articulos-salud\/wp-json\/wp\/v2\/categories?post=27460"},{"taxonomy":"post_tag","embeddable":true,"href":"https:\/\/www.biblia.work\/articulos-salud\/wp-json\/wp\/v2\/tags?post=27460"}],"curies":[{"name":"wp","href":"https:\/\/api.w.org\/{rel}","templated":true}]}}