{"id":27471,"date":"2022-08-31T15:26:50","date_gmt":"2022-08-31T20:26:50","guid":{"rendered":"https:\/\/www.biblia.work\/articulos-salud\/primer-ministro-de-canada-preocupado-por-situacion-en-montreal\/"},"modified":"2022-08-31T15:26:50","modified_gmt":"2022-08-31T20:26:50","slug":"primer-ministro-de-canada-preocupado-por-situacion-en-montreal","status":"publish","type":"post","link":"https:\/\/www.biblia.work\/articulos-salud\/primer-ministro-de-canada-preocupado-por-situacion-en-montreal\/","title":{"rendered":"Primer ministro de Canad\u00e1 &#8216;preocupado&#8217; por situaci\u00f3n en Montreal"},"content":{"rendered":"<p>Cr\u00e9dito: CC0 Dominio p\u00fablico <\/p>\n<p>El primer ministro Justin Trudeau llam\u00f3 el s\u00e1bado a la cautela y expres\u00f3 su preocupaci\u00f3n por relajar las medidas de confinamiento en Montreal, el epicentro del brote de coronavirus en Canad\u00e1. <\/p>\n<p>\u00abTenemos que asegurarnos de avanzar de manera progresiva, lenta y gradual en cualquier reapertura\u00bb, dijo Trudeau, recordando a los periodistas que \u00e9l mismo es un quebequense.<\/p>\n<p>\u00abPor supuesto, estoy preocupado \u201d, dijo Trudeau.<\/p>\n<p>Mientras varias provincias canadienses, incluida Quebec, preparan medidas de reapertura y una reactivaci\u00f3n gradual de sus econom\u00edas, Trudeau hizo hincapi\u00e9 en la prudencia y dijo que el pa\u00eds a\u00fan no est\u00e1 fuera de peligro.<\/p>\n<p>\u00abNuestro enfoque en este momento es reconocer que a\u00fan no estamos en la fase de recuperaci\u00f3n. Ni siquiera estamos completamente en la fase de reinicio todav\u00eda. Todav\u00eda estamos en la fase de emergencia\u00bb, dijo Trudeau.<\/p>\n<p>\u00abTener mucho cuidado, paso a paso, va a ser muy importante\u00bb, dijo.<\/p>\n<p>Quebec es la provincia m\u00e1s afectada de Canad\u00e1, con m\u00e1s de la mitad de los 67.000 casos del pa\u00eds de coronavirus y 4.700 muertos.<\/p>\n<p>Montreal y sus alrededores han sufrido un elevado n\u00famero de casos, especialmente en residencias de ancianos.<\/p>\n<p>Autoridades de Quebec el jueves dela anunci\u00f3 la reapertura de las escuelas y tiendas de Montreal por segunda vez, adelantando la fecha hasta el 25 de mayo.<\/p>\n<p>Los ancianos de Canad\u00e1 han pagado un precio particularmente alto por la enfermedad, dijo la directora de salud p\u00fablica del pa\u00eds, Theresa Tam. el s\u00e1bado, calificando la escala y el impacto como \u00abnada menos que una tragedia nacional\u00bb.<\/p>\n<p>Dijo que el 20 por ciento de los casos de coronavirus en Canad\u00e1 estaban relacionados con hogares de cuidado a largo plazo y que el 80 por ciento de las muertes est\u00e1n \u00aben personas mayores en estos entornos\u00bb.<\/p>\n<p>\u00abTenemos que hacerlo mejor como naci\u00f3n\u00bb, dijo, y reiter\u00f3 que los problemas con los hogares de ancianos deben abordarse despu\u00e9s de la pandemia. <\/p>\n<p>Explore m\u00e1s<\/p>\n<p> Siga las \u00faltimas noticias sobre el brote de coronavirus (COVID-19) <\/p>\n<p> 2020 AFP <\/p>\n<p> <strong>Cita<\/strong>: PM de Canad\u00e1 &#8216;preocupado&#8217; por la situaci\u00f3n en Montreal ( 2020, 9 de mayo) recuperado el 31 de agosto de 2022 de https:\/\/medicalxpress.com\/news\/2020-05-canada-pm-situation-montreal.html Este documento est\u00e1 sujeto a derechos de autor. Aparte de cualquier trato justo con fines de estudio o investigaci\u00f3n privados, ninguna parte puede reproducirse sin el permiso por escrito. El contenido se proporciona \u00fanicamente con fines informativos.<\/p>\n","protected":false},"excerpt":{"rendered":"<p>Cr\u00e9dito: CC0 Dominio p\u00fablico El primer ministro Justin Trudeau llam\u00f3 el s\u00e1bado a la cautela y expres\u00f3 su preocupaci\u00f3n por relajar las medidas de confinamiento en Montreal, el epicentro del brote de coronavirus en Canad\u00e1. \u00abTenemos que asegurarnos de avanzar de manera progresiva, lenta y gradual en cualquier reapertura\u00bb, dijo Trudeau, recordando a los periodistas &hellip; <a href=\"https:\/\/www.biblia.work\/articulos-salud\/primer-ministro-de-canada-preocupado-por-situacion-en-montreal\/\" class=\"more-link\">Continuar leyendo<span class=\"screen-reader-text\"> \u00abPrimer ministro de Canad\u00e1 &#8216;preocupado&#8217; por situaci\u00f3n en Montreal\u00bb<\/span><\/a><\/p>\n","protected":false},"author":1,"featured_media":0,"comment_status":"","ping_status":"","sticky":false,"template":"","format":"standard","meta":{"footnotes":""},"categories":[1],"tags":[],"class_list":["post-27471","post","type-post","status-publish","format-standard","hentry","category-general"],"_links":{"self":[{"href":"https:\/\/www.biblia.work\/articulos-salud\/wp-json\/wp\/v2\/posts\/27471","targetHints":{"allow":["GET"]}}],"collection":[{"href":"https:\/\/www.biblia.work\/articulos-salud\/wp-json\/wp\/v2\/posts"}],"about":[{"href":"https:\/\/www.biblia.work\/articulos-salud\/wp-json\/wp\/v2\/types\/post"}],"author":[{"embeddable":true,"href":"https:\/\/www.biblia.work\/articulos-salud\/wp-json\/wp\/v2\/users\/1"}],"replies":[{"embeddable":true,"href":"https:\/\/www.biblia.work\/articulos-salud\/wp-json\/wp\/v2\/comments?post=27471"}],"version-history":[{"count":0,"href":"https:\/\/www.biblia.work\/articulos-salud\/wp-json\/wp\/v2\/posts\/27471\/revisions"}],"wp:attachment":[{"href":"https:\/\/www.biblia.work\/articulos-salud\/wp-json\/wp\/v2\/media?parent=27471"}],"wp:term":[{"taxonomy":"category","embeddable":true,"href":"https:\/\/www.biblia.work\/articulos-salud\/wp-json\/wp\/v2\/categories?post=27471"},{"taxonomy":"post_tag","embeddable":true,"href":"https:\/\/www.biblia.work\/articulos-salud\/wp-json\/wp\/v2\/tags?post=27471"}],"curies":[{"name":"wp","href":"https:\/\/api.w.org\/{rel}","templated":true}]}}