{"id":27472,"date":"2022-08-31T15:26:54","date_gmt":"2022-08-31T20:26:54","guid":{"rendered":"https:\/\/www.biblia.work\/articulos-salud\/francia-registra-80-nuevas-muertes-por-el-virus-la-cifra-diaria-mas-baja-en-un-mes\/"},"modified":"2022-08-31T15:26:54","modified_gmt":"2022-08-31T20:26:54","slug":"francia-registra-80-nuevas-muertes-por-el-virus-la-cifra-diaria-mas-baja-en-un-mes","status":"publish","type":"post","link":"https:\/\/www.biblia.work\/articulos-salud\/francia-registra-80-nuevas-muertes-por-el-virus-la-cifra-diaria-mas-baja-en-un-mes\/","title":{"rendered":"Francia registra 80 nuevas muertes por el virus, la cifra diaria m\u00e1s baja en un mes"},"content":{"rendered":"<p>Cr\u00e9dito: CC0 Dominio p\u00fablico <\/p>\n<p>Las autoridades sanitarias francesas anunciaron el s\u00e1bado otras 80 muertes por el nuevo coronavirus, la cifra m\u00e1s baja registrada en 24 horas desde principios de abril. <\/p>\n<p>Las cifras de personas en cuidados intensivos tambi\u00e9n cayeron, con 38 personas ingresadas en cuidados intensivos.<\/p>\n<p>El n\u00famero de muertos en Francia ahora es de 26.310, uno de los m\u00e1s altos de Europa.<\/p>\n<p> Solo cuatro de las \u00faltimas muertes se registraron en hogares de ancianos, una ca\u00edda espectacular en comparaci\u00f3n con las cifras diarias de las \u00faltimas semanas, contra 76 que murieron en el hospital.<\/p>\n<p>Francia comenzar\u00e1 el lunes a relajar las restricciones de confinamiento impuestas hace ocho semanas. hace y las autoridades sanitarias ahora notan presiones muy reducidas sobre los servicios de cuidados intensivos en comparaci\u00f3n con el punto \u00e1lgido de la crisis.<\/p>\n<p>En total, 22.614 pacientes siguen hospitalizados, incluidas 265 nuevas admisiones el viernes.<\/p>\n<p> Un total de 95.829 personas han sido hospitalizadas desde el comienzo de la epidemia y, hasta la fecha, 56.038 personas han regresado a casa despu\u00e9s del tratamiento.<\/p>\n<p>\u00abLa epidemia sigue activa y est\u00e1 evolucionando y el virus est\u00e1 circulando en muchas zonas de todo el pa\u00eds\u00bb, advirti\u00f3 la direcci\u00f3n general de salud de Francia, diciendo que el distanciamiento social g debe mantenerse incluso cuando comienza el desconfinamiento.<\/p>\n<p>Aunque Francia espera que lo peor haya pasado ya que revierte algunas restricciones, el parlamento adopt\u00f3 definitivamente el s\u00e1bado por la noche un proyecto de ley que extiende el estado de emergencia de salud del pa\u00eds hasta el 10 de julio. .<\/p>\n<p>El Senado de la c\u00e1mara alta hab\u00eda respaldado anteriormente el texto a pesar de los temores de algunos opositores de que las medidas para rastrear a las personas infectadas con el virus y sus contactos pudieran infringir su privacidad.<\/p>\n<p>Datos recopilados con el prop\u00f3sito tendr\u00e1 que ser descartado por ley despu\u00e9s de tres meses.<\/p>\n<p>A medida que el n\u00famero diario de muertes y el volumen de casos retroceden, Francia espera que la relajaci\u00f3n de las restricciones pueda aliviar la par\u00e1lisis econ\u00f3mica virtual, unos 12 millones de empleados han sido suspendidos, avivando los temores de la mayor recesi\u00f3n desde Segunda Guerra Mundial, a pesar de que todav\u00eda no hay vacuna.<\/p>\n<p>Se animar\u00e1 a los que puedan seguir trabajando desde casa a que lo hagan, mientras que los que tomen el transporte p\u00fablico estar\u00e1n obligados a llevar mascarilla para sus desplazamientos. <\/p>\n<p>Una vez en el trabajo, se aplicar\u00e1n reglas estrictas de distanciamiento social y seguir\u00e1n haci\u00e9ndolo en las tiendas.<\/p>\n<p>\u00abLa situaci\u00f3n sigue siendo tensa, tenemos muy poco margen de maniobra\u00bb, advirti\u00f3 Philippe Juvin, jefe de servicios de emergencia en el hospital Georges Pompidou de Par\u00eds, enfatizando la necesidad de estar preparados para enfrentar un posible brote de segunda ola.<\/p>\n<p>Cuatro regiones francesas, incluida la regi\u00f3n de Ile de France que abarca Par\u00eds, siguen codificadas en rojo pero el vir\u00f3logo Marie-Paule Kieny dijo que las zonas \u00abverdes\u00bb, aunque en menor riesgo, a\u00fan no estaban fuera de peligro.<\/p>\n<p>Sigue habiendo preocupaciones sobre la disponibilidad de una cantidad suficiente de m\u00e1scaras faciales a medida que se reduce el confinamiento, pero El ministro del Interior, Christophe Castaner, dijo que el estado pondr\u00eda 10 millones a disposici\u00f3n de los usuarios del transporte p\u00fablico, alrededor de la mitad en los alrededores de Par\u00eds.<\/p>\n<p>Los legisladores de la oposici\u00f3n criticaron el s\u00e1bado la mala calidad de las m\u00e1scaras que el ayuntamiento de Par\u00eds iba a distribuir. a los ancianos.<\/p>\n<p>\u00abNo est\u00e1n dise\u00f1ando ned para las personas mayores y el sistema de distribuci\u00f3n es impactante\u00bb, se quej\u00f3 la concejala de centro derecha Marie-Claire Carrere-Gee en un tuit. Otro legislador local critic\u00f3 las m\u00e1scaras por ser tan robustas como un \u00abrollo de cocina\u00bb. <\/p>\n<p>El ayuntamiento respondi\u00f3 con el compromiso de distribuir m\u00e1scaras de calidad quir\u00fargica para los ancianos.<\/p>\n<p>La reapertura de las escuelas ha sido un tema candente, pero m\u00e1s de las tres cuartas partes se deben a abrir\u00e1n sus puertas el lunes a alrededor de un mill\u00f3n de estudiantes, seg\u00fan el ministro de Salud, Olivier Veran, aunque no todas las clases regresar\u00e1n de inmediato. <\/p>\n<p>Explore m\u00e1s<\/p>\n<p> Siga las \u00faltimas noticias sobre el brote de coronavirus (COVID-19) <\/p>\n<p> 2020 AFP <\/p>\n<p> <strong>Cita<\/strong>: Francia registra 80 nuevas muertes por virus, el n\u00famero diario m\u00e1s bajo en un mes (9 de mayo de 2020) recuperado el 31 de agosto de 2022 de https:\/\/medicalxpress.com\/news\/2020-05-france-virus-deaths-lowest-daily.html Este documento est\u00e1 sujeto a derechos de autor. Aparte de cualquier trato justo con fines de estudio o investigaci\u00f3n privados, ninguna parte puede reproducirse sin el permiso por escrito. El contenido se proporciona \u00fanicamente con fines informativos.<\/p>\n","protected":false},"excerpt":{"rendered":"<p>Cr\u00e9dito: CC0 Dominio p\u00fablico Las autoridades sanitarias francesas anunciaron el s\u00e1bado otras 80 muertes por el nuevo coronavirus, la cifra m\u00e1s baja registrada en 24 horas desde principios de abril. Las cifras de personas en cuidados intensivos tambi\u00e9n cayeron, con 38 personas ingresadas en cuidados intensivos. El n\u00famero de muertos en Francia ahora es de &hellip; <a href=\"https:\/\/www.biblia.work\/articulos-salud\/francia-registra-80-nuevas-muertes-por-el-virus-la-cifra-diaria-mas-baja-en-un-mes\/\" class=\"more-link\">Continuar leyendo<span class=\"screen-reader-text\"> \u00abFrancia registra 80 nuevas muertes por el virus, la cifra diaria m\u00e1s baja en un mes\u00bb<\/span><\/a><\/p>\n","protected":false},"author":1,"featured_media":0,"comment_status":"","ping_status":"","sticky":false,"template":"","format":"standard","meta":{"footnotes":""},"categories":[1],"tags":[],"class_list":["post-27472","post","type-post","status-publish","format-standard","hentry","category-general"],"_links":{"self":[{"href":"https:\/\/www.biblia.work\/articulos-salud\/wp-json\/wp\/v2\/posts\/27472","targetHints":{"allow":["GET"]}}],"collection":[{"href":"https:\/\/www.biblia.work\/articulos-salud\/wp-json\/wp\/v2\/posts"}],"about":[{"href":"https:\/\/www.biblia.work\/articulos-salud\/wp-json\/wp\/v2\/types\/post"}],"author":[{"embeddable":true,"href":"https:\/\/www.biblia.work\/articulos-salud\/wp-json\/wp\/v2\/users\/1"}],"replies":[{"embeddable":true,"href":"https:\/\/www.biblia.work\/articulos-salud\/wp-json\/wp\/v2\/comments?post=27472"}],"version-history":[{"count":0,"href":"https:\/\/www.biblia.work\/articulos-salud\/wp-json\/wp\/v2\/posts\/27472\/revisions"}],"wp:attachment":[{"href":"https:\/\/www.biblia.work\/articulos-salud\/wp-json\/wp\/v2\/media?parent=27472"}],"wp:term":[{"taxonomy":"category","embeddable":true,"href":"https:\/\/www.biblia.work\/articulos-salud\/wp-json\/wp\/v2\/categories?post=27472"},{"taxonomy":"post_tag","embeddable":true,"href":"https:\/\/www.biblia.work\/articulos-salud\/wp-json\/wp\/v2\/tags?post=27472"}],"curies":[{"name":"wp","href":"https:\/\/api.w.org\/{rel}","templated":true}]}}