{"id":27481,"date":"2022-08-31T15:27:29","date_gmt":"2022-08-31T20:27:29","guid":{"rendered":"https:\/\/www.biblia.work\/articulos-salud\/al-tercer-dia-la-mayoria-de-las-personas-con-covid-19-pierden-el-sentido-del-olfato\/"},"modified":"2022-08-31T15:27:29","modified_gmt":"2022-08-31T20:27:29","slug":"al-tercer-dia-la-mayoria-de-las-personas-con-covid-19-pierden-el-sentido-del-olfato","status":"publish","type":"post","link":"https:\/\/www.biblia.work\/articulos-salud\/al-tercer-dia-la-mayoria-de-las-personas-con-covid-19-pierden-el-sentido-del-olfato\/","title":{"rendered":"Al tercer d\u00eda, la mayor\u00eda de las personas con COVID-19 pierden el sentido del olfato"},"content":{"rendered":"<p>Ahmad Sedaghat, MD, PhD, en el Instituto de Neurociencia Gardner de la Universidad de Cincinnati. Cr\u00e9dito: Colleen Kelley\/UC Creative + Brand <\/p>\n<p>Un investigador de la Universidad de Cincinnati dice que un estudio de pacientes con COVID-19 muestra que es m\u00e1s probable que la p\u00e9rdida del sentido del olfato ocurra al tercer d\u00eda de la infecci\u00f3n con el nuevo virus. La mayor\u00eda de estos pacientes tambi\u00e9n experimentan una p\u00e9rdida del sentido del gusto. <\/p>\n<p>El estudio telef\u00f3nico transversal prospectivo examin\u00f3 las caracter\u00edsticas y los s\u00edntomas de 103 pacientes a los que se les diagnostic\u00f3 COVID-19 durante un per\u00edodo de seis semanas en Kantonsspital Aarau en Aarau, Suiza. Se les pregunt\u00f3 a los pacientes cu\u00e1ntos d\u00edas hab\u00edan tenido s\u00edntomas de COVID-19 y tambi\u00e9n se les pidi\u00f3 que describieran el momento y la gravedad de la p\u00e9rdida o la reducci\u00f3n del sentido del olfato junto con otros s\u00edntomas.<\/p>\n<p>Al menos el 61 % de los pacientes informaron una reducci\u00f3n o perdi\u00f3 el sentido del olfato, dice Ahmad Sedaghat, MD, Ph.D., profesor asociado en el Departamento de Otorrinolaringolog\u00eda-Cirug\u00eda de Cabeza y Cuello de la Facultad de Medicina de la UC y m\u00e9dico de UC Health que se especializa en enfermedades de la nariz y los senos paranasales, quien fue el investigador principal del estudio. El inicio medio de la reducci\u00f3n o p\u00e9rdida del sentido del olfato fue de 3,4 d\u00edas.<\/p>\n<p>Los hallazgos est\u00e1n disponibles en l\u00ednea en la revista acad\u00e9mica Otolaryngology-Head and Neck Surgery. La primera autora de la investigaci\u00f3n es Marlene Speth, MD, del hospital de Suiza.<\/p>\n<p>\u00abEn este estudio tambi\u00e9n encontramos que la gravedad de la p\u00e9rdida del olfato se correlaciona con la gravedad de los otros s\u00edntomas de COVID-19&#8243;. ser\u00e1\u00bb, dice Sedaghat. \u00abSi la anosmia, tambi\u00e9n conocida como p\u00e9rdida del olfato, es peor, los pacientes reportaron una mayor dificultad para respirar y fiebre y tos m\u00e1s severas\u00bb.<\/p>\n<p>\u00ab\u00bfDeber\u00eda preocupar eso a los pacientes?\u00bb dice Sedaghat. \u00abLa relaci\u00f3n entre la disminuci\u00f3n del sentido del olfato y el resto del COVID-19 es algo a tener en cuenta. Si alguien tiene un sentido del olfato disminuido con COVID-19, sabemos que est\u00e1 dentro de la primera semana del curso de la enfermedad y hay todav\u00eda una o dos semanas m\u00e1s\u00bb.<\/p>\n<p>Sedaghat dice que un medicamento antiviral experimental, remdesivir, desarrollado por Gilead Sciences para tratar inicialmente el \u00e9bola, se muestra prometedor en el tratamiento de pacientes con COVID-19. La Administraci\u00f3n de Drogas y Alimentos de EE. UU. le otorg\u00f3 la aprobaci\u00f3n de emergencia para tratar a pacientes gravemente enfermos con COVID-19, ya que un ensayo cl\u00ednico patrocinado por los Institutos Nacionales de Salud mostr\u00f3 que los pacientes experimentaron un tiempo de recuperaci\u00f3n m\u00e1s corto cuando tomaron remdesivir en comparaci\u00f3n con un placebo.<\/p>\n<p>Sedaghat dice que tener un tratamiento antiviral disponible para COVID-19 puede significar que es mucho m\u00e1s importante tener un indicador de pron\u00f3stico y cu\u00e1nto ha progresado la enfermedad en los pacientes.<\/p>\n<p>\u00abLos medicamentos antivirales tienen hist\u00f3ricamente funcion\u00f3 mejor cuando se administr\u00f3 temprano durante una infecci\u00f3n viral. Se supone que lo mismo es cierto para el remdesivir\u00bb, dice Sedaghat. \u00abNuestro estudio indica que una disminuci\u00f3n del sentido del olfato puede ser un indicador de los pacientes en las primeras etapas del curso de la enfermedad, as\u00ed como de aquellos que pueden desarrollar s\u00edntomas m\u00e1s graves, como dificultad para respirar, m\u00e1s adelante\u00bb. , la disminuci\u00f3n del sentido del olfato puede, por lo tanto, identificar a los pacientes que ser\u00edan excelentes candidatos para el medicamento\u00bb, dice.<\/p>\n<p>Sedaghat advierte que si bien la p\u00e9rdida del olfato es un indicador de COVID-19, no es el \u00fanico factor \u00abCuando comienzas a experimentar s\u00edntomas graves de COVID-19, que incluyen dificultad para respirar y dificultad respiratoria, es cuando debes alarmarte\u00bb, agrega.<\/p>\n<p>El estudio tambi\u00e9n encontr\u00f3 que los pacientes m\u00e1s j\u00f3venes y las mujeres en los del estudio tambi\u00e9n ten\u00edan m\u00e1s probabilidades de experimentar una disminuci\u00f3n de la p\u00e9rdida del olfato, dice Sedaghat.<\/p>\n<p>Adem\u00e1s, alrededor del 50 % de los pacientes del estudio experimentaron congesti\u00f3n nasal y el 35 % experimentaron secreci\u00f3n nasal. Sedaghat dice que esto es importante porque estudios previos indicaron que estos s\u00edntomas nasales os eran raros en COVID-19 y estos s\u00edntomas se atribuyeron a la alergia y no al nuevo coronavirus.<\/p>\n<p>\u00abEsto solo significa que se necesita una mayor conciencia de los s\u00edntomas nasales de COVID-19 para que las personas no est\u00e9n estornudando en p\u00fablico y pensando que est\u00e1 bien, ya que se trata solo de alergias\u00bb, dice Sedaghat. \u00abMuy bien podr\u00eda ser COVID-19 y usar m\u00e1scaras como equipo de protecci\u00f3n para otras personas con las que te encuentres es una buena idea\u00bb.<\/p>\n<p>Sedaghat dice que comprender m\u00e1s sobre la p\u00e9rdida del olfato y COVID-19 es importante para la salud p\u00fablica. perspectiva.<\/p>\n<p>\u00abNadie va a morir debido a la p\u00e9rdida del sentido del olfato y no es el s\u00edntoma que matar\u00e1 a nadie\u00bb, dice Sedaghat. \u00abSin embargo, es importante porque nos ayuda a identificar a estos pacientes con COVID-19 como portadores asintom\u00e1ticos para que no transmitan la enfermedad a otros. Ahora podemos identificarlos potencialmente temprano durante la enfermedad para comenzar con medicamentos antivirales y, en \u00faltima instancia, maximizar nuestra capacidad\u00bb. para tratar eficazmente a estos pacientes\u00bb. <\/p>\n<p>Explore m\u00e1s<\/p>\n<p> Su nariz puede saber m\u00e1s cuando se trata de COVID-19 Proporcionado por la Universidad de Cincinnati <strong>Cita<\/strong>: Para el tercer d\u00eda, la mayor\u00eda de las personas con COVID-19 pierden el sentido del olfato (2020 , 8 de mayo) recuperado el 31 de agosto de 2022 de https:\/\/medicalxpress.com\/news\/2020-05-day-covid-.html Este documento est\u00e1 sujeto a derechos de autor. Aparte de cualquier trato justo con fines de estudio o investigaci\u00f3n privados, ninguna parte puede reproducirse sin el permiso por escrito. El contenido se proporciona \u00fanicamente con fines informativos.<\/p>\n","protected":false},"excerpt":{"rendered":"<p>Ahmad Sedaghat, MD, PhD, en el Instituto de Neurociencia Gardner de la Universidad de Cincinnati. Cr\u00e9dito: Colleen Kelley\/UC Creative + Brand Un investigador de la Universidad de Cincinnati dice que un estudio de pacientes con COVID-19 muestra que es m\u00e1s probable que la p\u00e9rdida del sentido del olfato ocurra al tercer d\u00eda de la infecci\u00f3n &hellip; <a href=\"https:\/\/www.biblia.work\/articulos-salud\/al-tercer-dia-la-mayoria-de-las-personas-con-covid-19-pierden-el-sentido-del-olfato\/\" class=\"more-link\">Continuar leyendo<span class=\"screen-reader-text\"> \u00abAl tercer d\u00eda, la mayor\u00eda de las personas con COVID-19 pierden el sentido del olfato\u00bb<\/span><\/a><\/p>\n","protected":false},"author":1,"featured_media":0,"comment_status":"","ping_status":"","sticky":false,"template":"","format":"standard","meta":{"footnotes":""},"categories":[1],"tags":[],"class_list":["post-27481","post","type-post","status-publish","format-standard","hentry","category-general"],"_links":{"self":[{"href":"https:\/\/www.biblia.work\/articulos-salud\/wp-json\/wp\/v2\/posts\/27481","targetHints":{"allow":["GET"]}}],"collection":[{"href":"https:\/\/www.biblia.work\/articulos-salud\/wp-json\/wp\/v2\/posts"}],"about":[{"href":"https:\/\/www.biblia.work\/articulos-salud\/wp-json\/wp\/v2\/types\/post"}],"author":[{"embeddable":true,"href":"https:\/\/www.biblia.work\/articulos-salud\/wp-json\/wp\/v2\/users\/1"}],"replies":[{"embeddable":true,"href":"https:\/\/www.biblia.work\/articulos-salud\/wp-json\/wp\/v2\/comments?post=27481"}],"version-history":[{"count":0,"href":"https:\/\/www.biblia.work\/articulos-salud\/wp-json\/wp\/v2\/posts\/27481\/revisions"}],"wp:attachment":[{"href":"https:\/\/www.biblia.work\/articulos-salud\/wp-json\/wp\/v2\/media?parent=27481"}],"wp:term":[{"taxonomy":"category","embeddable":true,"href":"https:\/\/www.biblia.work\/articulos-salud\/wp-json\/wp\/v2\/categories?post=27481"},{"taxonomy":"post_tag","embeddable":true,"href":"https:\/\/www.biblia.work\/articulos-salud\/wp-json\/wp\/v2\/tags?post=27481"}],"curies":[{"name":"wp","href":"https:\/\/api.w.org\/{rel}","templated":true}]}}