{"id":277,"date":"2022-08-29T22:28:45","date_gmt":"2022-08-30T03:28:45","guid":{"rendered":"https:\/\/www.biblia.work\/articulos-salud\/la-perdida-de-audicion-y-el-vinculo-con-la-demencia\/"},"modified":"2022-08-29T22:28:45","modified_gmt":"2022-08-30T03:28:45","slug":"la-perdida-de-audicion-y-el-vinculo-con-la-demencia","status":"publish","type":"post","link":"https:\/\/www.biblia.work\/articulos-salud\/la-perdida-de-audicion-y-el-vinculo-con-la-demencia\/","title":{"rendered":"La p\u00e9rdida de audici\u00f3n y el v\u00ednculo con la demencia"},"content":{"rendered":"<p>La p\u00e9rdida de audici\u00f3n es una parte natural del envejecimiento que a nadie le gusta admitir que est\u00e1 ocurriendo. Pero sucede que sucede e ignorarlo tiene un costo. Podr\u00eda ponerlo en riesgo de otra consecuencia temida del envejecimiento: la demencia. <\/p>\n<p>\u00abCuanto mayor sea su p\u00e9rdida auditiva, m\u00e1s probable es que desarrolle demencia\u00bb, dijo el Dr. Alexander Chern, otorrinolaring\u00f3logo del New York-Presbyterian Hospital en la ciudad de Nueva York.<\/p>\n<p>A los 70 a\u00f1os, las investigaciones muestran que 2 de cada 3 adultos estadounidenses han perdido algo de audici\u00f3n. Sin embargo, la gran mayor\u00eda, m\u00e1s del 80%, no busca tratamiento. La p\u00e9rdida de audici\u00f3n relacionada con la edad es el mayor factor de riesgo modificable de demencia, seg\u00fan un informe de 2020 de la Comisi\u00f3n Lancet sobre prevenci\u00f3n y atenci\u00f3n de la demencia. La p\u00e9rdida auditiva en la mediana edad representa aproximadamente el 8,2 % de todos los casos de demencia.<\/p>\n<p>Pero a\u00fan no est\u00e1 claro por qu\u00e9.<\/p>\n<p>As\u00ed como hay muchas causas para la demencia, tambi\u00e9n hay muchas mecanismos que relacionan la p\u00e9rdida auditiva con una disminuci\u00f3n de la salud cerebral, dicen los expertos. Y al igual que con la demencia, es posible que m\u00e1s de uno est\u00e9 operando al mismo tiempo, dijo Timothy Griffiths, profesor de neurolog\u00eda cognitiva en la Universidad de Newcastle en Newcastle Upon Tyne, Inglaterra.<\/p>\n<p>Una posibilidad es que la misma enfermedad El proceso que hace que la audici\u00f3n se deteriore tambi\u00e9n da\u00f1a la cognici\u00f3n, dijo Griffiths, coautor de un estudio de 2020 en la revista Neuron que revisa la evidencia que vincula a los dos. Por ejemplo, los peque\u00f1os accidentes cerebrovasculares que causan la demencia vascular podr\u00edan estar afectando el o\u00eddo interno, dijo. Otra posibilidad es que la p\u00e9rdida de audici\u00f3n disminuya la actividad en regiones clave del cerebro responsables del pensamiento, lo que lleva a un aumento de la neurodegeneraci\u00f3n.<\/p>\n<p>\u00abPodr\u00eda haber un efecto estimulante en el cerebro al poder escuchar, lo que le permite procesar mejor las se\u00f1ales auditivas y experimentar el habla y la comunicaci\u00f3n y la comunicaci\u00f3n emocional\u00bb, dijo. \u00abLa entrada empobrecida conduce a una reserva cerebral empobrecida, lo que conduce a un mayor riesgo de demencia\u00bb.<\/p>\n<p>Una tercera posibilidad es que la p\u00e9rdida auditiva obligue a una persona a drenar otros recursos cognitivos, dijo Griffiths. \u00abUna gran cantidad de estudios sugieren que escuchar en condiciones dif\u00edciles dificulta la realizaci\u00f3n de otras tareas que requieren atenci\u00f3n. Tienes que usar mucho m\u00e1s esfuerzo cerebral para escuchar cosas, y ese esfuerzo mental est\u00e1 restando la cantidad de recursos que tienes\u00bb. podr\u00eda dedicarse a otras actividades\u00bb.<\/p>\n<p>O podr\u00eda ser que el aumento de la actividad en la parte del cerebro responsable de escuchar en condiciones dif\u00edciles desencadene la aceleraci\u00f3n del proceso de la enfermedad en el \u00e1rea del cerebro responsable de la funci\u00f3n cognitiva. , dijo.<\/p>\n<p>Todav\u00eda no est\u00e1 claro si el tratamiento de la p\u00e9rdida auditiva retardar\u00eda o detendr\u00eda la progresi\u00f3n a la demencia.<\/p>\n<p>\u00abNo podemos decir eso definitivamente todav\u00eda\u00bb, dijo Chern, coautor de un Revisi\u00f3n de 2021 publicada en The Laryngoscope sobre la investigaci\u00f3n sobre la eficacia de los aud\u00edfonos para reducir el riesgo de demencia. Hay alguna evidencia de que los aud\u00edfonos pueden proteger a las personas con p\u00e9rdida auditiva y deterioro cognitivo leve de un mayor deterioro, dijo. \u00abPero los datos son mixtos\u00bb.<\/p>\n<p>No obstante, el art\u00edculo de revisi\u00f3n de Chern concluy\u00f3 que se debe alentar el uso de aud\u00edfonos, porque solo puede ayudar, no da\u00f1ar, a las personas con p\u00e9rdida auditiva. El informe de la Comisi\u00f3n Lancet tambi\u00e9n fomenta el uso de aud\u00edfonos para reducir el riesgo de demencia.<\/p>\n<p>Parte de la raz\u00f3n de los resultados mixtos, dijo Griffiths, podr\u00eda ser que hay muchas v\u00edas posibles involucradas.<\/p>\n<p>\u00abSi recuperas la audici\u00f3n, ya no est\u00e1s escuchando en condiciones dif\u00edciles, as\u00ed que si ese es el problema, el riesgo de demencia podr\u00eda desaparecer\u00bb, dijo. Pero, si la dificultad para escuchar est\u00e1 desencadenando el proceso de la enfermedad responsable de la demencia, \u00abpodr\u00eda ser demasiado tarde\u00bb.<\/p>\n<p>Aunque los investigadores a\u00fan no tienen claro por qu\u00e9 sucede o c\u00f3mo reducirlo, dicen que existe una fuerte evidencia de el v\u00ednculo entre la p\u00e9rdida auditiva y la demencia.<\/p>\n<p>Estudios longitudinales han demostrado que \u00abla p\u00e9rdida auditiva es lo primero\u00bb, dijo Chern. Y otros han concluido que \u00abcuanto mayor es la gravedad de la p\u00e9rdida auditiva, mayor es el riesgo de demencia\u00bb.<\/p>\n<p>La p\u00e9rdida auditiva tambi\u00e9n puede dificultar la socializaci\u00f3n de las personas y se ha demostrado que el aislamiento social aumenta el riesgo de demencia en aproximadamente un 50%.<\/p>\n<p>Usar un aud\u00edfono puede reducir el aislamiento social, pero las personas se resisten a hacerlo porque \u00abse percibe mucho estigma. Piensan que ser\u00e1n vistos como viejos o discapacitados\u00bb, Chern dijo.<\/p>\n<p>\u00abPero en realidad, es m\u00e1s probable que la gente piense que eres viejo si no puedes escucharlos\u00bb. <\/p>\n<p>Explore m\u00e1s<\/p>\n<p> La p\u00e9rdida auditiva aumenta el riesgo de demencia en personas taiwanesas <strong>Informaci\u00f3n de la revista:<\/strong> Neuron , Laryngoscope <\/p>\n<p> Copyright 2021 HealthDay. Reservados todos los derechos. <\/p>\n<p> <strong>Cita<\/strong>: La p\u00e9rdida auditiva y el v\u00ednculo con la demencia (21 de octubre de 2021) consultado el 29 de agosto de 2022 en https:\/\/medicalxpress.com\/news\/2021-10-loss-link-dementia .html Este documento est\u00e1 sujeto a derechos de autor. Aparte de cualquier trato justo con fines de estudio o investigaci\u00f3n privados, ninguna parte puede reproducirse sin el permiso por escrito. El contenido se proporciona \u00fanicamente con fines informativos.<\/p>\n","protected":false},"excerpt":{"rendered":"<p>La p\u00e9rdida de audici\u00f3n es una parte natural del envejecimiento que a nadie le gusta admitir que est\u00e1 ocurriendo. Pero sucede que sucede e ignorarlo tiene un costo. Podr\u00eda ponerlo en riesgo de otra consecuencia temida del envejecimiento: la demencia. \u00abCuanto mayor sea su p\u00e9rdida auditiva, m\u00e1s probable es que desarrolle demencia\u00bb, dijo el Dr. &hellip; <a href=\"https:\/\/www.biblia.work\/articulos-salud\/la-perdida-de-audicion-y-el-vinculo-con-la-demencia\/\" class=\"more-link\">Continuar leyendo<span class=\"screen-reader-text\"> \u00abLa p\u00e9rdida de audici\u00f3n y el v\u00ednculo con la demencia\u00bb<\/span><\/a><\/p>\n","protected":false},"author":1,"featured_media":0,"comment_status":"","ping_status":"","sticky":false,"template":"","format":"standard","meta":{"footnotes":""},"categories":[1],"tags":[],"class_list":["post-277","post","type-post","status-publish","format-standard","hentry","category-general"],"_links":{"self":[{"href":"https:\/\/www.biblia.work\/articulos-salud\/wp-json\/wp\/v2\/posts\/277","targetHints":{"allow":["GET"]}}],"collection":[{"href":"https:\/\/www.biblia.work\/articulos-salud\/wp-json\/wp\/v2\/posts"}],"about":[{"href":"https:\/\/www.biblia.work\/articulos-salud\/wp-json\/wp\/v2\/types\/post"}],"author":[{"embeddable":true,"href":"https:\/\/www.biblia.work\/articulos-salud\/wp-json\/wp\/v2\/users\/1"}],"replies":[{"embeddable":true,"href":"https:\/\/www.biblia.work\/articulos-salud\/wp-json\/wp\/v2\/comments?post=277"}],"version-history":[{"count":0,"href":"https:\/\/www.biblia.work\/articulos-salud\/wp-json\/wp\/v2\/posts\/277\/revisions"}],"wp:attachment":[{"href":"https:\/\/www.biblia.work\/articulos-salud\/wp-json\/wp\/v2\/media?parent=277"}],"wp:term":[{"taxonomy":"category","embeddable":true,"href":"https:\/\/www.biblia.work\/articulos-salud\/wp-json\/wp\/v2\/categories?post=277"},{"taxonomy":"post_tag","embeddable":true,"href":"https:\/\/www.biblia.work\/articulos-salud\/wp-json\/wp\/v2\/tags?post=277"}],"curies":[{"name":"wp","href":"https:\/\/api.w.org\/{rel}","templated":true}]}}