{"id":27733,"date":"2022-08-31T15:43:59","date_gmt":"2022-08-31T20:43:59","guid":{"rendered":"https:\/\/www.biblia.work\/articulos-salud\/enfermeros-atienden-a-pacientes-con-covid-19-quien-se-ocupa-de-las-enfermeras\/"},"modified":"2022-08-31T15:43:59","modified_gmt":"2022-08-31T20:43:59","slug":"enfermeros-atienden-a-pacientes-con-covid-19-quien-se-ocupa-de-las-enfermeras","status":"publish","type":"post","link":"https:\/\/www.biblia.work\/articulos-salud\/enfermeros-atienden-a-pacientes-con-covid-19-quien-se-ocupa-de-las-enfermeras\/","title":{"rendered":"Enfermeros atienden a pacientes con COVID-19. \u00bfQui\u00e9n se ocupa de las enfermeras?"},"content":{"rendered":"<p>Van Pelt, decano de la Escuela de Enfermer\u00eda de Northeastern, tambi\u00e9n es una enfermera anestesista certificada que trabaja un d\u00eda a la semana en el hospital. Durante el \u00faltimo mes, ha estado desplegada en la unidad de cuidados intensivos, atendiendo a pacientes que dieron positivo por COVID-19. Cr\u00e9dito: Maria van Pelt <\/p>\n<p>Veinte respiraciones profundas. Es un recordatorio que aparece en la lista de Maria van Pelt casi todas las ma\u00f1anas. Y algunos d\u00edas, 20 respiraciones es todo lo que tiene tiempo en medio de un ajetreado turno de 12 horas en el Hospital General de Massachusetts en Boston. <\/p>\n<p>Van Pelt, decano de la Escuela de Enfermer\u00eda de Northeastern, tambi\u00e9n es un enfermero anestesista certificado que trabaja un d\u00eda a la semana en el hospital. Durante el \u00faltimo mes, ha estado desplegada en la unidad de cuidados intensivos, atendiendo a pacientes que dieron positivo por SARS-CoV-2, el virus que causa el COVID-19. El resto del tiempo, ella est\u00e1 al mando de la escuela de enfermer\u00eda.<\/p>\n<p>Es f\u00e1cil ver por qu\u00e9 necesita una lista as\u00ed, ll\u00e1mela la lista de \u00abcosas que le permiten a Mar\u00eda mantener la cordura durante todo el d\u00eda\u00bb. \u00bb En medio de un evento angustioso, establecer incluso metas peque\u00f1as de cuidado personal es imperativo para la salud mental y f\u00edsica de los proveedores de atenci\u00f3n m\u00e9dica de primera l\u00ednea como ella, dice.<\/p>\n<p>Van Pelt es un defensor y educador desde hace mucho tiempo. , e investigador en el desarrollo de pol\u00edticas que aborden los protocolos de apoyo a los profesionales de la salud despu\u00e9s de los eventos adversos. En el Hospital General de Massachusetts, ayud\u00f3 a desarrollar e implementar un programa que capacita a los profesionales de la salud en el departamento de anestesia, cuidados intensivos y medicina del dolor para brindar apoyo entre pares a los m\u00e9dicos durante y despu\u00e9s de los eventos adversos, que ahora incluye la pandemia de COVID-19. Ahora forma parte del comit\u00e9 asesor que est\u00e1 expandiendo activamente el programa en toda la instituci\u00f3n.<\/p>\n<p>\u00abMi mayor mensaje ser\u00e1 practicar la autocompasi\u00f3n y que est\u00e1 bien no estar bien\u00bb, dice van Pelt. . \u00abComo profesionales de la salud, estamos arraigados de manera innata a cuidar a los dem\u00e1s y mostrar compasi\u00f3n y brindar apoyo porque eso es lo que hace nuestra profesi\u00f3n. Pero con demasiada frecuencia, los profesionales de la salud ponen su propia salud en un segundo plano para cuidar a los dem\u00e1s\u00bb.<\/p>\n<p>Van Pelt es un firme defensor de tomar descansos regulares de las noticias y las redes sociales, y de la meditaci\u00f3n, incluso en peque\u00f1as dosis. Pero una de las cosas m\u00e1s importantes que pueden hacer los profesionales de la salud en este momento, dice, es controlarse a s\u00ed mismos con frecuencia acerca de sus niveles de estr\u00e9s.<\/p>\n<p>Aquellos que atienden a pacientes con COVID-19 podr\u00edan correr un riesgo especial -trastorno de estr\u00e9s traum\u00e1tico, depresi\u00f3n y aumento del abuso de sustancias, dice ella. Ya hay signos de un empeoramiento de la crisis de salud mental en el horizonte para esta poblaci\u00f3n con las muertes recientes por suicidio de dos trabajadores de la salud en la ciudad de Nueva York.<\/p>\n<p>No es de extra\u00f1ar por qu\u00e9 algunos en el campo de la medicina se encuentran luchando hacer frente Los hospitales que manejan una afluencia de pacientes con COVID-19 est\u00e1n experimentando una escasez de enfermeras, as\u00ed como el suministro de recursos cr\u00edticos que les permiten hacer su trabajo de manera segura, como ventiladores y equipos de protecci\u00f3n personal.<\/p>\n<p>Las enfermeras que trabajan en las unidades de cuidados intensivos est\u00e1n asumiendo cada vez m\u00e1s responsabilidades al tratar de comprender y adaptarse a una enfermedad que a\u00fan no se comprende muy bien. El trabajo es f\u00edsicamente agotador, dice van Pelt, para las enfermeras y los proveedores de atenci\u00f3n m\u00e9dica en general, ya que les exige estar de pie durante largos turnos con muy pocos descansos, si es que los hay, y ahora incluso soportan moretones por usar las m\u00e1scaras N95 todo el d\u00eda.<\/p>\n<p>\u00abEs agotador\u00bb, dice van Pelt. \u00abLa fatiga, la coacci\u00f3n del uso prolongado del equipo, es un desaf\u00edo, y est\u00e1s sudando. Hay organizaciones de atenci\u00f3n m\u00e9dica que se re\u00fanen para abordar estrategias de deshidrataci\u00f3n. F\u00edsicamente, te afecta el uso de todo ese equipo\u00bb. <\/p>\n<p>Una carga adicional para las enfermeras proviene de tener que brindar apoyo emocional a los pacientes con enfermedades terminales, cuyas familias no pueden estar en la habitaci\u00f3n con ellos debido al riesgo de infecci\u00f3n, dice van Pelt. <\/p>\n<p>Existen riesgos para su propia salud. El entorno en el que se encuentran puede ponerlos en una mayor probabilidad de contraer o ser potencialmente un vector del virus contagioso.<\/p>\n<p>\u00abPara el p\u00fablico en general, COVID-19 es una amenaza invisible\u00bb, dice van Piel. \u00abPara las enfermeras y todos los proveedores de atenci\u00f3n m\u00e9dica, es aterradoramente visible. Hay mucha ansiedad y no hay una salida, porque cuando dejas tus turnos, a veces como un respiro, te vas a casa. Cuando nos vamos a casa ahora, hay mucho esos temores de propagar la enfermedad\u00bb.<\/p>\n<p>Ansiosa por la Semana Nacional de Enfermeras (un evento conmemorativo que se lleva a cabo todos los a\u00f1os del 6 al 12 de mayo), van Pelt dice que se siente optimista. Con todos los desaf\u00edos que ha presentado, la actual crisis de salud, dice, tambi\u00e9n ha brindado oportunidades para el aprendizaje, la creatividad y la investigaci\u00f3n, as\u00ed como colaboraciones interdisciplinarias que no habr\u00edan ocurrido de otra manera. Ella cree que la pandemia marcar\u00e1 el comienzo de una era de innovaci\u00f3n y esp\u00edritu empresarial en el campo de la enfermer\u00eda.<\/p>\n<p>\u00abSiento que fuimos criados para pensar de manera innovadora porque somos proveedores de primera l\u00ednea, siempre resolviendo problemas en tiempo real, \u00bb ella dice. \u00abEn medio de la pandemia de COVID-19, somos nosotros los que estamos llamados a desarrollar plataformas innovadoras r\u00e1pidas en las que, en circunstancias normales, tal vez no hubi\u00e9ramos estado involucrados y que puede haber llevado a\u00f1os implementar\u00bb.<\/p>\n<p>Algunos de estas estrategias ya han sido adoptadas por hospitales y consultorios m\u00e9dicos en los Estados Unidos. Un ejemplo es la adaptaci\u00f3n r\u00e1pida y generalizada de la telemedicina: los hospitales ofrecen evaluar a los pacientes de forma remota para detectar s\u00edntomas de COVID-19, por tel\u00e9fono o video. Si bien las visitas remotas no son necesariamente nuevas en los EE. UU., hasta ahora, los pacientes no las usaban tan ampliamente.<\/p>\n<p>\u00abCreo que cuando nuestro mundo vuelva a lo que ser\u00e1 la nueva normalidad , esa es una oportunidad incre\u00edble para que toda la humanidad se detenga y mire estos avances y se d\u00e9 cuenta de lo que hemos estado devolviendo: el regalo de cuidar a nuestros pacientes al lado de la cama y reavivar esa conexi\u00f3n de persona a persona que se ha interrumpido \u00ab, dice Van Pelt. <\/p>\n<p>Explore m\u00e1s<\/p>\n<p> Siga las noticias m\u00e1s recientes sobre el brote de coronavirus (COVID-19) Proporcionado por la Universidad Northeastern <strong>Cita<\/strong>: Las enfermeras est\u00e1n cuidando a los pacientes con COVID-19. \u00bfQui\u00e9n cuida a las enfermeras? (6 de mayo de 2020) recuperado el 31 de agosto de 2022 de https:\/\/medicalxpress.com\/news\/2020-05-nurses-covid-patients.html Este documento est\u00e1 sujeto a derechos de autor. Aparte de cualquier trato justo con fines de estudio o investigaci\u00f3n privados, ninguna parte puede reproducirse sin el permiso por escrito. El contenido se proporciona \u00fanicamente con fines informativos.<\/p>\n","protected":false},"excerpt":{"rendered":"<p>Van Pelt, decano de la Escuela de Enfermer\u00eda de Northeastern, tambi\u00e9n es una enfermera anestesista certificada que trabaja un d\u00eda a la semana en el hospital. Durante el \u00faltimo mes, ha estado desplegada en la unidad de cuidados intensivos, atendiendo a pacientes que dieron positivo por COVID-19. Cr\u00e9dito: Maria van Pelt Veinte respiraciones profundas. Es &hellip; <a href=\"https:\/\/www.biblia.work\/articulos-salud\/enfermeros-atienden-a-pacientes-con-covid-19-quien-se-ocupa-de-las-enfermeras\/\" class=\"more-link\">Continuar leyendo<span class=\"screen-reader-text\"> \u00abEnfermeros atienden a pacientes con COVID-19. \u00bfQui\u00e9n se ocupa de las enfermeras?\u00bb<\/span><\/a><\/p>\n","protected":false},"author":1,"featured_media":0,"comment_status":"","ping_status":"","sticky":false,"template":"","format":"standard","meta":{"footnotes":""},"categories":[1],"tags":[],"class_list":["post-27733","post","type-post","status-publish","format-standard","hentry","category-general"],"_links":{"self":[{"href":"https:\/\/www.biblia.work\/articulos-salud\/wp-json\/wp\/v2\/posts\/27733","targetHints":{"allow":["GET"]}}],"collection":[{"href":"https:\/\/www.biblia.work\/articulos-salud\/wp-json\/wp\/v2\/posts"}],"about":[{"href":"https:\/\/www.biblia.work\/articulos-salud\/wp-json\/wp\/v2\/types\/post"}],"author":[{"embeddable":true,"href":"https:\/\/www.biblia.work\/articulos-salud\/wp-json\/wp\/v2\/users\/1"}],"replies":[{"embeddable":true,"href":"https:\/\/www.biblia.work\/articulos-salud\/wp-json\/wp\/v2\/comments?post=27733"}],"version-history":[{"count":0,"href":"https:\/\/www.biblia.work\/articulos-salud\/wp-json\/wp\/v2\/posts\/27733\/revisions"}],"wp:attachment":[{"href":"https:\/\/www.biblia.work\/articulos-salud\/wp-json\/wp\/v2\/media?parent=27733"}],"wp:term":[{"taxonomy":"category","embeddable":true,"href":"https:\/\/www.biblia.work\/articulos-salud\/wp-json\/wp\/v2\/categories?post=27733"},{"taxonomy":"post_tag","embeddable":true,"href":"https:\/\/www.biblia.work\/articulos-salud\/wp-json\/wp\/v2\/tags?post=27733"}],"curies":[{"name":"wp","href":"https:\/\/api.w.org\/{rel}","templated":true}]}}