{"id":27771,"date":"2022-08-31T15:46:25","date_gmt":"2022-08-31T20:46:25","guid":{"rendered":"https:\/\/www.biblia.work\/articulos-salud\/la-perdida-de-audicion-y-la-conexion-con-la-enfermedad-de-alzheimer-y-la-demencia\/"},"modified":"2022-08-31T15:46:25","modified_gmt":"2022-08-31T20:46:25","slug":"la-perdida-de-audicion-y-la-conexion-con-la-enfermedad-de-alzheimer-y-la-demencia","status":"publish","type":"post","link":"https:\/\/www.biblia.work\/articulos-salud\/la-perdida-de-audicion-y-la-conexion-con-la-enfermedad-de-alzheimer-y-la-demencia\/","title":{"rendered":"La p\u00e9rdida de audici\u00f3n y la conexi\u00f3n con la enfermedad de Alzheimer y la demencia"},"content":{"rendered":"<p>RUNSTUDIO\/ Moment, GettyImages <\/p>\n<p>El sonido tiene el poder de estimular el cerebro, por lo que la p\u00e9rdida de audici\u00f3n tiene el potencial de tener un efecto profundo en la salud, especialmente entre los adultos mayores. <\/p>\n<p>Alrededor de 1 de cada 3 personas en los Estados Unidos entre las edades de 65 y 74 a\u00f1os tiene p\u00e9rdida auditiva, seg\u00fan los Institutos Nacionales de Salud. Un estudio de 2016 en el American Journal of Public Health encontr\u00f3 que aproximadamente dos tercios de los adultos de 70 a\u00f1os o m\u00e1s sufren de problemas de audici\u00f3n que pueden afectar la comunicaci\u00f3n diaria.<\/p>\n<p>La p\u00e9rdida de audici\u00f3n est\u00e1 asociada con el deterioro cognitivo, aunque se necesita m\u00e1s investigaci\u00f3n necesarios para determinar el grado de la conexi\u00f3n, dijo el Dr. Costantino Iadecola, director del Instituto de Investigaci\u00f3n del Cerebro y la Mente de la Familia Feil en el Colegio M\u00e9dico Weill Cornell en la ciudad de Nueva York.<\/p>\n<p>Un estudio de 2011 en Archives of Neurology, ahora llamado JAMA Neurology, descubri\u00f3 que las personas con p\u00e9rdida auditiva leve ten\u00edan casi el doble de riesgo de desarrollar demencia en comparaci\u00f3n con las personas con audici\u00f3n normal. Aquellos con p\u00e9rdida moderada ten\u00edan tres veces m\u00e1s riesgo, mientras que aquellos con p\u00e9rdida severa ten\u00edan cinco veces m\u00e1s riesgo.<\/p>\n<p>\u00abTodo lo que sabemos es que las personas que tienden a tener p\u00e9rdida auditiva tienden a tener m\u00e1s demencia\u00bb, dijo Iadecola. . \u00abNo significa que la p\u00e9rdida auditiva est\u00e9 causando la demencia, no significa que la demencia est\u00e9 causando la p\u00e9rdida auditiva\u00bb.<\/p>\n<p>Hab\u00eda alrededor de 5 millones de personas en los Estados Unidos que viv\u00edan con la enfermedad de Alzheimer. enfermedad y demencias relacionadas en 2014, alrededor del 1,6% de la poblaci\u00f3n de EE. UU., seg\u00fan los Centros para el Control y la Prevenci\u00f3n de Enfermedades. Se espera que el n\u00famero aumente a 13,9 millones, o aproximadamente el 3,3 % de la poblaci\u00f3n, para 2060.<\/p>\n<p>La demencia puede desarrollarse por una variedad de razones, que incluyen condiciones vasculares, neurogenerativas y neuroinmunes, dijo Iadecola. \u00abCada uno tiene un impacto diferente en el cerebro\u00bb.<\/p>\n<p>Una teor\u00eda detr\u00e1s de la conexi\u00f3n entre la demencia y la p\u00e9rdida auditiva es que la demencia crea ciertas condiciones que pueden afectar la capacidad de o\u00edr, dijo Iadecola. O, agreg\u00f3, podr\u00eda ser al rev\u00e9s, con la p\u00e9rdida de la audici\u00f3n afectando de alguna manera la capacidad del cerebro para funcionar.<\/p>\n<p>\u00abSi analizas lo que es la audici\u00f3n, es un componente importante de nuestra capacidad para conectarnos con el resto del mundo\u00bb, dijo Nicholas Reed, audi\u00f3logo y miembro principal del cuerpo docente del Centro Cochlear para la Audici\u00f3n y la Salud P\u00fablica de la Escuela de Salud P\u00fablica Johns Hopkins Bloomberg en Baltimore.<\/p>\n<p>La p\u00e9rdida auditiva est\u00e1 \u00abmuy relacionada con aislamiento social y la soledad\u00bb, dijo, \u00aby sabemos desde hace mucho tiempo que el aislamiento social y la soledad est\u00e1n relacionados con importantes resultados de salud relacionados con la edad, como la demencia y el deterioro cognitivo\u00bb.<\/p>\n<p>Reed es parte de un equipo de Johns Hopkins que dirige un estudio financiado con fondos federales que analiza el potencial de los tratamientos auditivos para reducir el deterioro cognitivo en adultos mayores. Es el tipo de investigaci\u00f3n que podr\u00eda marcar la diferencia en la calidad de vida de las poblaciones de mayor edad para las generaciones venideras.<\/p>\n<p>No se esperan resultados hasta dentro de algunos a\u00f1os. Por ahora, dijo Reed, aunque la investigaci\u00f3n existente no ha concluido definitivamente si los aud\u00edfonos pueden ayudar, \u00abcreo que muchos de nosotros creemos que lo m\u00e1s probable es que el cuidado de la audici\u00f3n ayude\u00bb.<\/p>\n<p>Pero no todas las personas con audici\u00f3n leve p\u00e9rdida necesita un aud\u00edfono de inmediato, dijo. \u00abEs posible que pueda obtener mucho si ajusta la forma en que vive su vida. Asegur\u00e1ndose de enfrentar los sonidos que desea escuchar, asegur\u00e1ndose de evitar el ruido de fondo para conversaciones importantes y usando amplificadores simples para ayudar en situaciones m\u00e1s dif\u00edciles. .\u00bb<\/p>\n<p>Aconseja a las personas que comiencen a revisarse la audici\u00f3n con regularidad a partir de los 60 y que usen tapones para los o\u00eddos en eventos deportivos o conciertos ruidosos, independientemente de la edad.<\/p>\n<p>Reed apunta a un 2017 informe de The Lancet International Commission on Dementia Prevention, Intervention and Care como prueba de la importancia de la prevenci\u00f3n. El informe identific\u00f3 la p\u00e9rdida auditiva como uno de los nueve factores de riesgo potencialmente modificables que contribuyeron a aproximadamente el 35 % de los casos de demencia, siendo la p\u00e9rdida auditiva el mayor contribuyente con un 9 %.<\/p>\n<p>\u00abEso significa que el 9 % de los casos de demencia podr\u00eda eliminarse te\u00f3ricamente si se eliminara toda la p\u00e9rdida auditiva\u00bb, dijo Reed. Sin embargo, eso supone que no hubo otros factores contribuyentes, dijo.<\/p>\n<p>Mantenerse saludable en general, como hacer suficiente ejercicio y prevenir la presi\u00f3n arterial alta, tambi\u00e9n puede afectar la salud auditiva.<\/p>\n<p>\u00bb En t\u00e9rminos de salud, la principal preocupaci\u00f3n a medida que envejecemos es mantener nuestra capacidad de funcionar de manera independiente tanto como sea posible\u00bb, dijo Iadecola, \u00aby la audici\u00f3n es uno de los elementos centrales de esto\u00bb. <\/p>\n<p>Explore m\u00e1s<\/p>\n<p> P\u00e9rdida de audici\u00f3n relacionada con inestabilidad postural en adultos mayores <strong>Informaci\u00f3n de la revista:<\/strong> American Journal of Public Health , Archives of Neurology , The Lancet <\/p>\n<p> American Heart Association Las noticias cubren la salud del coraz\u00f3n y el cerebro. No todas las opiniones expresadas en esta historia reflejan la posici\u00f3n oficial de la American Heart Association. Los derechos de autor pertenecen o son propiedad de American Heart Association, Inc., y todos los derechos est\u00e1n reservados. Si tiene preguntas o comentarios sobre esta historia, env\u00ede un correo electr\u00f3nico a editor@heart.org. <\/p>\n<p> <strong>Cita<\/strong>: La p\u00e9rdida auditiva y la conexi\u00f3n con la enfermedad de Alzheimer y la demencia (6 de mayo de 2020) consultado el 31 de agosto de 2022 en https:\/\/medicalxpress.com\/news\/2020-05-loss- alzheimer-disease-dementia.html Este documento est\u00e1 sujeto a derechos de autor. Aparte de cualquier trato justo con fines de estudio o investigaci\u00f3n privados, ninguna parte puede reproducirse sin el permiso por escrito. El contenido se proporciona \u00fanicamente con fines informativos.<\/p>\n","protected":false},"excerpt":{"rendered":"<p>RUNSTUDIO\/ Moment, GettyImages El sonido tiene el poder de estimular el cerebro, por lo que la p\u00e9rdida de audici\u00f3n tiene el potencial de tener un efecto profundo en la salud, especialmente entre los adultos mayores. Alrededor de 1 de cada 3 personas en los Estados Unidos entre las edades de 65 y 74 a\u00f1os tiene &hellip; <a href=\"https:\/\/www.biblia.work\/articulos-salud\/la-perdida-de-audicion-y-la-conexion-con-la-enfermedad-de-alzheimer-y-la-demencia\/\" class=\"more-link\">Continuar leyendo<span class=\"screen-reader-text\"> \u00abLa p\u00e9rdida de audici\u00f3n y la conexi\u00f3n con la enfermedad de Alzheimer y la demencia\u00bb<\/span><\/a><\/p>\n","protected":false},"author":1,"featured_media":0,"comment_status":"","ping_status":"","sticky":false,"template":"","format":"standard","meta":{"footnotes":""},"categories":[1],"tags":[],"class_list":["post-27771","post","type-post","status-publish","format-standard","hentry","category-general"],"_links":{"self":[{"href":"https:\/\/www.biblia.work\/articulos-salud\/wp-json\/wp\/v2\/posts\/27771","targetHints":{"allow":["GET"]}}],"collection":[{"href":"https:\/\/www.biblia.work\/articulos-salud\/wp-json\/wp\/v2\/posts"}],"about":[{"href":"https:\/\/www.biblia.work\/articulos-salud\/wp-json\/wp\/v2\/types\/post"}],"author":[{"embeddable":true,"href":"https:\/\/www.biblia.work\/articulos-salud\/wp-json\/wp\/v2\/users\/1"}],"replies":[{"embeddable":true,"href":"https:\/\/www.biblia.work\/articulos-salud\/wp-json\/wp\/v2\/comments?post=27771"}],"version-history":[{"count":0,"href":"https:\/\/www.biblia.work\/articulos-salud\/wp-json\/wp\/v2\/posts\/27771\/revisions"}],"wp:attachment":[{"href":"https:\/\/www.biblia.work\/articulos-salud\/wp-json\/wp\/v2\/media?parent=27771"}],"wp:term":[{"taxonomy":"category","embeddable":true,"href":"https:\/\/www.biblia.work\/articulos-salud\/wp-json\/wp\/v2\/categories?post=27771"},{"taxonomy":"post_tag","embeddable":true,"href":"https:\/\/www.biblia.work\/articulos-salud\/wp-json\/wp\/v2\/tags?post=27771"}],"curies":[{"name":"wp","href":"https:\/\/api.w.org\/{rel}","templated":true}]}}