{"id":27838,"date":"2022-08-31T15:50:27","date_gmt":"2022-08-31T20:50:27","guid":{"rendered":"https:\/\/www.biblia.work\/articulos-salud\/cuando-los-ventiladores-no-son-suficientes\/"},"modified":"2022-08-31T15:50:27","modified_gmt":"2022-08-31T20:50:27","slug":"cuando-los-ventiladores-no-son-suficientes","status":"publish","type":"post","link":"https:\/\/www.biblia.work\/articulos-salud\/cuando-los-ventiladores-no-son-suficientes\/","title":{"rendered":"Cuando los ventiladores no son suficientes"},"content":{"rendered":"<p>Cr\u00e9dito: CC0 Public Domain <\/p>\n<p>Los ventiladores pueden estar entre los tipos m\u00e1s conocidos de equipos m\u00e9dicos para salvar vidas que necesitan los pacientes m\u00e1s enfermos con COVID-19. Pero para un peque\u00f1o n\u00famero dentro de esa poblaci\u00f3n cr\u00edticamente enferma, incluso los ventiladores no son suficientes. Esos pacientes, alrededor del 10% de los pacientes con COVID-19 en unidades de cuidados intensivos, requerir\u00e1n m\u00e1quinas de soporte vital que funcionen temporalmente como su coraz\u00f3n y pulmones. <\/p>\n<p>Omar Alibrahim, MD, profesor cl\u00ednico asociado en el Departamento de Pediatr\u00eda de la Facultad de Medicina y Ciencias Biom\u00e9dicas Jacobs de la Universidad de Buffalo, experto en este nivel de atenci\u00f3n, es coautor del estudio internacional COVID-19 pautas para pacientes que necesitar\u00e1n usar m\u00e1quinas de soporte vital durante el curso de su tratamiento.<\/p>\n<p>Esas pautas fueron publicadas recientemente por la Organizaci\u00f3n de Soporte Vital Extracorp\u00f3reo, que establece est\u00e1ndares globales para este nivel de cuidados cr\u00edticos; tambi\u00e9n se publicaron en el Journal of the American Society of Artificial Internal Organs.<\/p>\n<p>Como jefe de la Divisi\u00f3n de Cuidados Cr\u00edticos en el Departamento de Pediatr\u00eda de la Escuela Jacobs, Alibrahim es responsable del equipo de soporte vital, tambi\u00e9n conocida como oxigenaci\u00f3n por membrana extracorp\u00f3rea (ECMO). Es director m\u00e9dico de la unidad de cuidados intensivos del John R. Oishei Children&#8217;s Hospital of Buffalo y de su programa ECMO, ganador de un premio nacional; \u00e9l tambi\u00e9n es m\u00e9dico en UBMD Pediatrics.<\/p>\n<p>\u00abEstas m\u00e1quinas act\u00faan como el coraz\u00f3n y los pulmones de estos pacientes\u00bb, explic\u00f3 Alibrahim. Particip\u00f3 en el desarrollo de algunos de los criterios para las pautas COVID-19 para ECMO , especialmente c\u00f3mo las unidades de cuidados intensivos pedi\u00e1tricos pueden trabajar y apoyar las necesidades de los adultos para las m\u00e1quinas de soporte vital, al mismo tiempo que atienden las necesidades de los pacientes pedi\u00e1tricos.<\/p>\n<p>\u00abEl enfoque de mi aporte a las pautas COVID-19 fue determinar c\u00f3mo lograr un equilibrio entre ser \u00fatil y colaborador para apoyar lo que se necesita para los pacientes adultos, sin privar a nuestros pacientes pedi\u00e1tricos\u00bb, dijo. \u00abEl objetivo era brindar pautas claras sobre la mejor manera de organizar los recursos de ECMO, a nivel local, regional y nacional.<\/p>\n<p>\u00abA veces, un ventilador no es suficiente\u00bb, explic\u00f3 Alibrahim. \u00abA medida que sus corazones y pulmones se debilitan, algunos de estos pacientes necesitar\u00e1n m\u00e1s apoyo para poder sobrevivir. Ah\u00ed es cuando entra en juego el inicio de ECMO\u00bb. <\/p>\n<p>Explore m\u00e1s<\/p>\n<p> La oxigenaci\u00f3n por membrana extracorp\u00f3rea podr\u00eda ayudar en casos graves de COVID-19 Proporcionado por la Universidad de Buffalo <strong>Cita<\/strong>: Cuando los ventiladores no son suficientes (2020 , 5 de mayo) obtenido el 31 de agosto de 2022 de https:\/\/medicalxpress.com\/news\/2020-05-ventilators.html Este documento est\u00e1 sujeto a derechos de autor. Adem\u00e1s de cualquier trato justo con fines de estudio o investigaci\u00f3n privados, ninguna parte puede ser reproducida sin el permiso por escrito El contenido se proporciona \u00fanicamente con fines informativos.<\/p>\n","protected":false},"excerpt":{"rendered":"<p>Cr\u00e9dito: CC0 Public Domain Los ventiladores pueden estar entre los tipos m\u00e1s conocidos de equipos m\u00e9dicos para salvar vidas que necesitan los pacientes m\u00e1s enfermos con COVID-19. Pero para un peque\u00f1o n\u00famero dentro de esa poblaci\u00f3n cr\u00edticamente enferma, incluso los ventiladores no son suficientes. Esos pacientes, alrededor del 10% de los pacientes con COVID-19 en &hellip; <a href=\"https:\/\/www.biblia.work\/articulos-salud\/cuando-los-ventiladores-no-son-suficientes\/\" class=\"more-link\">Continuar leyendo<span class=\"screen-reader-text\"> \u00abCuando los ventiladores no son suficientes\u00bb<\/span><\/a><\/p>\n","protected":false},"author":1,"featured_media":0,"comment_status":"","ping_status":"","sticky":false,"template":"","format":"standard","meta":{"footnotes":""},"categories":[1],"tags":[],"class_list":["post-27838","post","type-post","status-publish","format-standard","hentry","category-general"],"_links":{"self":[{"href":"https:\/\/www.biblia.work\/articulos-salud\/wp-json\/wp\/v2\/posts\/27838","targetHints":{"allow":["GET"]}}],"collection":[{"href":"https:\/\/www.biblia.work\/articulos-salud\/wp-json\/wp\/v2\/posts"}],"about":[{"href":"https:\/\/www.biblia.work\/articulos-salud\/wp-json\/wp\/v2\/types\/post"}],"author":[{"embeddable":true,"href":"https:\/\/www.biblia.work\/articulos-salud\/wp-json\/wp\/v2\/users\/1"}],"replies":[{"embeddable":true,"href":"https:\/\/www.biblia.work\/articulos-salud\/wp-json\/wp\/v2\/comments?post=27838"}],"version-history":[{"count":0,"href":"https:\/\/www.biblia.work\/articulos-salud\/wp-json\/wp\/v2\/posts\/27838\/revisions"}],"wp:attachment":[{"href":"https:\/\/www.biblia.work\/articulos-salud\/wp-json\/wp\/v2\/media?parent=27838"}],"wp:term":[{"taxonomy":"category","embeddable":true,"href":"https:\/\/www.biblia.work\/articulos-salud\/wp-json\/wp\/v2\/categories?post=27838"},{"taxonomy":"post_tag","embeddable":true,"href":"https:\/\/www.biblia.work\/articulos-salud\/wp-json\/wp\/v2\/tags?post=27838"}],"curies":[{"name":"wp","href":"https:\/\/api.w.org\/{rel}","templated":true}]}}