{"id":290,"date":"2022-08-29T22:29:07","date_gmt":"2022-08-30T03:29:07","guid":{"rendered":"https:\/\/www.biblia.work\/articulos-salud\/las-vias-respiratorias-inferiores-son-distintas-en-la-fibrosis-quistica-incluso-a-edades-mas-tempranas\/"},"modified":"2022-08-29T22:29:07","modified_gmt":"2022-08-30T03:29:07","slug":"las-vias-respiratorias-inferiores-son-distintas-en-la-fibrosis-quistica-incluso-a-edades-mas-tempranas","status":"publish","type":"post","link":"https:\/\/www.biblia.work\/articulos-salud\/las-vias-respiratorias-inferiores-son-distintas-en-la-fibrosis-quistica-incluso-a-edades-mas-tempranas\/","title":{"rendered":"Las v\u00edas respiratorias inferiores son distintas en la fibrosis qu\u00edstica incluso a edades m\u00e1s tempranas"},"content":{"rendered":"<p>Cr\u00e9dito: CC0 Public Domain <\/p>\n<p>En el estudio m\u00e1s grande de su tipo, los investigadores encontraron que las v\u00edas respiratorias inferiores en ni\u00f1os con fibrosis qu\u00edstica (FQ) tienen una mayor carga de infecci\u00f3n , m\u00e1s inflamaci\u00f3n y menor diversidad de microorganismos, en comparaci\u00f3n con ni\u00f1os con otras enfermedades que tambi\u00e9n tienen problemas pulmonares. Notaron una clara divergencia en estas comunidades bacterianas en los ni\u00f1os peque\u00f1os, que suele ser antes de que la enfermedad pulmonar progresiva se arraigue en los pacientes con FQ. Sus hallazgos, publicados en la revista PLOS ONE, podr\u00edan ayudar a los proveedores a detectar pat\u00f3genos espec\u00edficos antes, tratarlos y potencialmente prevenir enfermedades pulmonares m\u00e1s graves. <\/p>\n<p>\u00abComparamos muestras de las v\u00edas respiratorias inferiores de la broncoscopia en ni\u00f1os con FQ y controles de enfermedades de todo el espectro de edad, y utilizamos la secuenciaci\u00f3n gen\u00e9tica para identificar microorganismos, y descubrimos que algunos pat\u00f3genos comunes de la fibrosis qu\u00edstica comienzan a dominar a edades muy tempranas\u00bb, dijo el l\u00edder el autor Jack O&#8217;Connor del Ann &amp; Robert H. Lurie Children&#8217;s Hospital of Chicago. \u00abNo se hab\u00eda mostrado antes una divisi\u00f3n tan clara de los controles de la enfermedad en este grupo de edad joven. Nuestros hallazgos profundizan nuestra comprensi\u00f3n de la trayectoria de la enfermedad en la fibrosis qu\u00edstica y podr\u00edan ayudar a mejorar los resultados a trav\u00e9s de una intervenci\u00f3n m\u00e1s temprana\u00bb.<\/p>\n<p>V\u00eda a\u00e9rea cr\u00f3nica la infecci\u00f3n y la inflamaci\u00f3n que dan lugar a una enfermedad pulmonar obstructiva progresiva es la principal causa de enfermedad y muerte en personas con fibrosis qu\u00edstica.<\/p>\n<p>El estudio multic\u00e9ntrico analiz\u00f3 muestras de las v\u00edas respiratorias inferiores de 191 pacientes (63 con fibrosis qu\u00edstica) de 0 a 21 a\u00f1os. Los controles de enfermedades incluyeron pacientes con diversas condiciones, como c\u00e1ncer, inmunodeficiencia y neumon\u00eda. Mediante el uso de la secuenciaci\u00f3n gen\u00e9tica m\u00e1s sensible en lugar del cultivo para detectar una gama m\u00e1s amplia de microorganismos en las v\u00edas respiratorias inferiores, los investigadores pudieron identificar distintos pat\u00f3genos que son m\u00e1s dominantes a diferentes edades en pacientes con fibrosis qu\u00edstica.<\/p>\n<p>\u00bb Establecer diferencias clave relacionadas con la edad en las comunidades bacterianas de las v\u00edas respiratorias inferiores y la inflamaci\u00f3n en pacientes con FQ, especialmente durante la primera infancia, puede brindarnos una oportunidad para un tratamiento m\u00e1s temprano y m\u00e1s preciso\u00bb, dijo la autora principal, Theresa Laguna, MD, MSCS, jefa de divisi\u00f3n. de Medicina Pulmonar y del Sue\u00f1o en Lurie Children&#8217;s y Profesor Asociado de Pediatr\u00eda en la Facultad de Medicina Feinberg de la Universidad Northwestern. \u00abSi podemos prevenir infecciones peores, podr\u00edamos mejorar la calidad de vida y potencialmente expandir la esperanza de vida de los pacientes con FQ\u00bb. <\/p>\n<p>Explore m\u00e1s<\/p>\n<p> El an\u00e1lisis de sangre podr\u00eda conducir a un tratamiento de la fibrosis qu\u00edstica adaptado a cada paciente <strong>M\u00e1s informaci\u00f3n:<\/strong> John B. O&#8217;Connor et al, Divergence of bacteria communities in the lower airways of CF pacientes en la primera infancia, PLOS ONE (2021). DOI: 10.1371\/journal.pone.0257838 <strong>Informaci\u00f3n de la revista:<\/strong> PLoS ONE <\/p>\n<p> Proporcionado por Ann &amp; Robert H. Lurie Children&#8217;s Hospital of Chicago <strong>Cita<\/strong>: Las v\u00edas respiratorias inferiores son distintas en la fibrosis qu\u00edstica incluso a edades m\u00e1s tempranas (21 de octubre de 2021) recuperado el 29 de agosto de 2022 de https:\/\/medicalxpress.com\/news\/2021-10-airways-distinct-cystic-fibrosis-younger.html Este documento est\u00e1 sujeto a derechos de autor. Aparte de cualquier trato justo con fines de estudio o investigaci\u00f3n privados, ninguna parte puede reproducirse sin el permiso por escrito. El contenido se proporciona \u00fanicamente con fines informativos.<\/p>\n","protected":false},"excerpt":{"rendered":"<p>Cr\u00e9dito: CC0 Public Domain En el estudio m\u00e1s grande de su tipo, los investigadores encontraron que las v\u00edas respiratorias inferiores en ni\u00f1os con fibrosis qu\u00edstica (FQ) tienen una mayor carga de infecci\u00f3n , m\u00e1s inflamaci\u00f3n y menor diversidad de microorganismos, en comparaci\u00f3n con ni\u00f1os con otras enfermedades que tambi\u00e9n tienen problemas pulmonares. Notaron una clara &hellip; <a href=\"https:\/\/www.biblia.work\/articulos-salud\/las-vias-respiratorias-inferiores-son-distintas-en-la-fibrosis-quistica-incluso-a-edades-mas-tempranas\/\" class=\"more-link\">Continuar leyendo<span class=\"screen-reader-text\"> \u00abLas v\u00edas respiratorias inferiores son distintas en la fibrosis qu\u00edstica incluso a edades m\u00e1s tempranas\u00bb<\/span><\/a><\/p>\n","protected":false},"author":1,"featured_media":0,"comment_status":"","ping_status":"","sticky":false,"template":"","format":"standard","meta":{"footnotes":""},"categories":[1],"tags":[],"class_list":["post-290","post","type-post","status-publish","format-standard","hentry","category-general"],"_links":{"self":[{"href":"https:\/\/www.biblia.work\/articulos-salud\/wp-json\/wp\/v2\/posts\/290","targetHints":{"allow":["GET"]}}],"collection":[{"href":"https:\/\/www.biblia.work\/articulos-salud\/wp-json\/wp\/v2\/posts"}],"about":[{"href":"https:\/\/www.biblia.work\/articulos-salud\/wp-json\/wp\/v2\/types\/post"}],"author":[{"embeddable":true,"href":"https:\/\/www.biblia.work\/articulos-salud\/wp-json\/wp\/v2\/users\/1"}],"replies":[{"embeddable":true,"href":"https:\/\/www.biblia.work\/articulos-salud\/wp-json\/wp\/v2\/comments?post=290"}],"version-history":[{"count":0,"href":"https:\/\/www.biblia.work\/articulos-salud\/wp-json\/wp\/v2\/posts\/290\/revisions"}],"wp:attachment":[{"href":"https:\/\/www.biblia.work\/articulos-salud\/wp-json\/wp\/v2\/media?parent=290"}],"wp:term":[{"taxonomy":"category","embeddable":true,"href":"https:\/\/www.biblia.work\/articulos-salud\/wp-json\/wp\/v2\/categories?post=290"},{"taxonomy":"post_tag","embeddable":true,"href":"https:\/\/www.biblia.work\/articulos-salud\/wp-json\/wp\/v2\/tags?post=290"}],"curies":[{"name":"wp","href":"https:\/\/api.w.org\/{rel}","templated":true}]}}