{"id":303,"date":"2022-08-29T22:29:29","date_gmt":"2022-08-30T03:29:29","guid":{"rendered":"https:\/\/www.biblia.work\/articulos-salud\/los-pediatras-y-los-funcionarios-de-salud-deben-presentar-un-frente-unido-contra-las-controvertidas-prohibiciones-estatales-de-uso-de-mascaras-en-las-escuelas\/"},"modified":"2022-08-29T22:29:29","modified_gmt":"2022-08-30T03:29:29","slug":"los-pediatras-y-los-funcionarios-de-salud-deben-presentar-un-frente-unido-contra-las-controvertidas-prohibiciones-estatales-de-uso-de-mascaras-en-las-escuelas","status":"publish","type":"post","link":"https:\/\/www.biblia.work\/articulos-salud\/los-pediatras-y-los-funcionarios-de-salud-deben-presentar-un-frente-unido-contra-las-controvertidas-prohibiciones-estatales-de-uso-de-mascaras-en-las-escuelas\/","title":{"rendered":"Los pediatras y los funcionarios de salud deben presentar un frente unido contra las controvertidas prohibiciones estatales de uso de m\u00e1scaras en las escuelas"},"content":{"rendered":"<p>Cr\u00e9dito: Unsplash\/CC0 Dominio p\u00fablico <\/p>\n<p>Para mantener el aprendizaje en persona y proteger a los estudiantes en las escuelas, los pediatras y los funcionarios de salud p\u00fablica deben abogar por la evidencia -estrategias de mitigaci\u00f3n basadas en que pueden reducir la transmisi\u00f3n de COVID-19, especialmente la variante Delta, que desbord\u00f3 las salas de emergencia y los hospitales pedi\u00e1tricos, argumentaron Yang et al. en una perspectiva publicada en la revista Pediatrics. <\/p>\n<p>Los autores proponen que los pediatras y sus instituciones asociadas aboguen activamente por el uso de m\u00e1scaras en las escuelas y desacrediten los mitos y la informaci\u00f3n err\u00f3nea durante las visitas de salud y enfermedad. Adem\u00e1s, alientan a los m\u00e9dicos a desarrollar y difundir estrategias conductuales para apoyar el cumplimiento de los ni\u00f1os con el uso de m\u00e1scaras en funci\u00f3n de las habilidades y necesidades individuales. Finalmente, los proveedores pueden asociarse con educadores a nivel local, distrital, estatal y nacional para abogar por pol\u00edticas de uso de mascarillas basadas en evidencia.<\/p>\n<p>\u00abComo pediatras, es nuestra responsabilidad abogar por el uso universal de mascarillas para facilitar la seguridad en escolarizaci\u00f3n individual para todos los ni\u00f1os\u00bb, dijo Sarah Schaffer DeRoo, MD, pediatra del Children&#8217;s National Hospital y coautora de Perspective. \u00abLos ni\u00f1os se han adaptado f\u00e1cilmente al uso de m\u00e1scaras durante la pandemia y continuar con esta pr\u00e1ctica en las escuelas no es un cambio significativo con respecto a su experiencia reciente\u00bb.<\/p>\n<p>Hasta la fecha, nueve estados han promulgado pol\u00edticas para prohibir los mandatos de usar m\u00e1scaras en las escuelas, sin tener en cuenta la evidencia. que el enmascaramiento es una medida preventiva crucial de COVID-19, Yang et al. escribi\u00f3. La corte anul\u00f3 estos mandatos en cuatro estados de los nueve porque excedieron la autoridad ejecutiva del gobernador o no cumplieron con la ley que otorga la autoridad de la orden ejecutiva. En otros casos, los jueces solo colocaron un bloqueo temporal.<\/p>\n<p>\u00abA pesar de la ret\u00f3rica pol\u00edticamente cargada y las demandas que acapararon los titulares, la evidencia muestra que las escuelas sin mandatos de m\u00e1scara tienen m\u00e1s probabilidades de tener brotes de COVID-19\u00bb, dijo Y Tony Yang, Sc.D., profesor subvencionado de pol\u00edticas de salud y director ejecutivo del Centro de Pol\u00edticas de Salud y Compromiso con los Medios de la Universidad George Washington, y autor principal de Perspective. \u00abEn general, los pediatras han obtenido un mayor nivel de confianza p\u00fablica, lo que sugiere que los pediatras que abogan por pol\u00edticas que promuevan la ciencia m\u00e9dica y de salud p\u00fablica s\u00f3lida pueden tener m\u00e1s posibilidades que otros defensores de generar la voluntad p\u00fablica y pol\u00edtica necesaria para generar evidencia. ideas de pol\u00edticas basadas, como los mandatos de m\u00e1scaras escolares, una realidad\u00bb.<\/p>\n<p>Algunas localidades han encontrado formas creativas de eludir las prohibiciones estatales obligatorias de m\u00e1scaras alterando el c\u00f3digo de vestimenta escolar para incluir cubiertas faciales y encontrando lagunas que no se aplican. a ciudades individuales. Los padres tambi\u00e9n han tratado de impugnar las pol\u00edticas en los tribunales, afirmando que las prohibiciones obligatorias de m\u00e1scaras violan las leyes federales contra la discriminaci\u00f3n.<\/p>\n<p>\u00abSe necesitan esfuerzos continuos para garantizar que las escuelas puedan promover estrategias razonables basadas en evidencia para promover la salud de sus estudiantes, maestros y comunidades, y nosotros, como defensores de los ni\u00f1os, estamos obligados a apoyar enf\u00e1ticamente estos esfuerzos\u00bb, dijo Yang et al. <\/p>\n<p>Explore m\u00e1s<\/p>\n<p> Los mandatos de m\u00e1scara en las escuelas frenan las infecciones, seg\u00fan muestran los estudios de los CDC <strong>M\u00e1s informaci\u00f3n:<\/strong> Pediatr\u00eda (2021). DOI: 10.1542\/peds.2021-054724 <strong>Informaci\u00f3n de la revista:<\/strong> Pediatrics <\/p>\n<p> Proporcionado por Children&#8217;s National Hospital <strong>Cita<\/strong>: Los pediatras y los funcionarios de salud deben presentar un frente unido contra el estado controvertido prohibiciones de enmascaramiento para las escuelas (20 de octubre de 2021) recuperado el 29 de agosto de 2022 de https:\/\/medicalxpress.com\/news\/2021-10-pediatricians-health-front-controversial-state.html Este documento est\u00e1 sujeto a derechos de autor. Aparte de cualquier trato justo con fines de estudio o investigaci\u00f3n privados, ninguna parte puede reproducirse sin el permiso por escrito. El contenido se proporciona \u00fanicamente con fines informativos.<\/p>\n","protected":false},"excerpt":{"rendered":"<p>Cr\u00e9dito: Unsplash\/CC0 Dominio p\u00fablico Para mantener el aprendizaje en persona y proteger a los estudiantes en las escuelas, los pediatras y los funcionarios de salud p\u00fablica deben abogar por la evidencia -estrategias de mitigaci\u00f3n basadas en que pueden reducir la transmisi\u00f3n de COVID-19, especialmente la variante Delta, que desbord\u00f3 las salas de emergencia y los &hellip; <a href=\"https:\/\/www.biblia.work\/articulos-salud\/los-pediatras-y-los-funcionarios-de-salud-deben-presentar-un-frente-unido-contra-las-controvertidas-prohibiciones-estatales-de-uso-de-mascaras-en-las-escuelas\/\" class=\"more-link\">Continuar leyendo<span class=\"screen-reader-text\"> \u00abLos pediatras y los funcionarios de salud deben presentar un frente unido contra las controvertidas prohibiciones estatales de uso de m\u00e1scaras en las escuelas\u00bb<\/span><\/a><\/p>\n","protected":false},"author":1,"featured_media":0,"comment_status":"","ping_status":"","sticky":false,"template":"","format":"standard","meta":{"footnotes":""},"categories":[1],"tags":[],"class_list":["post-303","post","type-post","status-publish","format-standard","hentry","category-general"],"_links":{"self":[{"href":"https:\/\/www.biblia.work\/articulos-salud\/wp-json\/wp\/v2\/posts\/303","targetHints":{"allow":["GET"]}}],"collection":[{"href":"https:\/\/www.biblia.work\/articulos-salud\/wp-json\/wp\/v2\/posts"}],"about":[{"href":"https:\/\/www.biblia.work\/articulos-salud\/wp-json\/wp\/v2\/types\/post"}],"author":[{"embeddable":true,"href":"https:\/\/www.biblia.work\/articulos-salud\/wp-json\/wp\/v2\/users\/1"}],"replies":[{"embeddable":true,"href":"https:\/\/www.biblia.work\/articulos-salud\/wp-json\/wp\/v2\/comments?post=303"}],"version-history":[{"count":0,"href":"https:\/\/www.biblia.work\/articulos-salud\/wp-json\/wp\/v2\/posts\/303\/revisions"}],"wp:attachment":[{"href":"https:\/\/www.biblia.work\/articulos-salud\/wp-json\/wp\/v2\/media?parent=303"}],"wp:term":[{"taxonomy":"category","embeddable":true,"href":"https:\/\/www.biblia.work\/articulos-salud\/wp-json\/wp\/v2\/categories?post=303"},{"taxonomy":"post_tag","embeddable":true,"href":"https:\/\/www.biblia.work\/articulos-salud\/wp-json\/wp\/v2\/tags?post=303"}],"curies":[{"name":"wp","href":"https:\/\/api.w.org\/{rel}","templated":true}]}}