{"id":32286,"date":"2022-08-31T19:51:37","date_gmt":"2022-09-01T00:51:37","guid":{"rendered":"https:\/\/www.biblia.work\/articulos-salud\/la-apatia-no-la-depresion-ayuda-a-predecir-la-demencia\/"},"modified":"2022-08-31T19:51:37","modified_gmt":"2022-09-01T00:51:37","slug":"la-apatia-no-la-depresion-ayuda-a-predecir-la-demencia","status":"publish","type":"post","link":"https:\/\/www.biblia.work\/articulos-salud\/la-apatia-no-la-depresion-ayuda-a-predecir-la-demencia\/","title":{"rendered":"La apat\u00eda, no la depresi\u00f3n, ayuda a predecir la demencia"},"content":{"rendered":"<p>Cr\u00e9dito: CC0 Public Domain <\/p>\n<p>La apat\u00eda ofrece una importante se\u00f1al de advertencia temprana de demencia en personas con enfermedad cerebrovascular, pero la depresi\u00f3n no, sugiere una nueva investigaci\u00f3n dirigida por la Universidad de Cambridge. <\/p>\n<p>A menudo se piensa que la depresi\u00f3n es un factor de riesgo para la demencia, pero esto puede deberse a que algunas escalas de depresi\u00f3n utilizadas por m\u00e9dicos e investigadores eval\u00faan parcialmente la apat\u00eda, dicen cient\u00edficos de las universidades de Cambridge, King&#8217;s College London, Radboud y Oxford.<\/p>\n<p>El estudio, publicado el 11 de julio en el Journal of Neurology, Neurosurgery &amp; Psychiatry, es el primero en examinar las relaciones entre la apat\u00eda, la depresi\u00f3n y la demencia en personas con enfermedad de los vasos sangu\u00edneos peque\u00f1os (SVD, por sus siglas en ingl\u00e9s). La SVD puede ocurrir en una de cada tres personas mayores, causa aproximadamente una cuarta parte de todos los accidentes cerebrovasculares y es la causa m\u00e1s com\u00fan de demencia vascular.<\/p>\n<p>El equipo estudi\u00f3 dos cohortes independientes de pacientes con SVD, uno del Reino Unido. y el otro de los Pa\u00edses Bajos. En ambas cohortes, encontraron que las personas con una apat\u00eda inicial m\u00e1s alta, as\u00ed como aquellas con una apat\u00eda creciente con el tiempo, ten\u00edan un mayor riesgo de demencia. Por el contrario, ni la depresi\u00f3n inicial ni el cambio en la depresi\u00f3n tuvieron una influencia detectable en el riesgo de demencia.<\/p>\n<p>Estos hallazgos fueron consistentes a pesar de la variaci\u00f3n en la gravedad de los s\u00edntomas de los participantes, lo que sugiere que podr\u00edan generalizarse en un amplio espectro de casos de SVD. La relaci\u00f3n entre la apat\u00eda y la demencia se mantuvo despu\u00e9s de controlar otros factores de riesgo bien establecidos para la demencia, como la edad, la educaci\u00f3n y la cognici\u00f3n.<\/p>\n<p>El autor principal, Jonathan Tay, del Departamento de Neurociencias Cl\u00ednicas de Cambridge, dijo: \u00abHa habido Ha habido muchas investigaciones contradictorias sobre la asociaci\u00f3n entre la depresi\u00f3n en la vejez y la demencia. Nuestro estudio sugiere que esto puede deberse en parte a las escalas cl\u00ednicas comunes de depresi\u00f3n que no distinguen entre depresi\u00f3n y apat\u00eda\u00bb.<\/p>\n<p>La apat\u00eda, definida como la reducci\u00f3n en el &#8216;comportamiento dirigido a un objetivo&#8217; es un s\u00edntoma neuropsiqui\u00e1trico com\u00fan en la SVD y es distinto de la depresi\u00f3n, que es otro s\u00edntoma en la SVD. Aunque existe cierta superposici\u00f3n sintom\u00e1tica entre los dos, investigaciones previas de resonancia magn\u00e9tica vincularon la apat\u00eda, pero no la depresi\u00f3n, con el da\u00f1o de la red de materia blanca en la SVD.<\/p>\n<p>Jonathan Tay dijo: \u00abSe puede usar el monitoreo continuo de la apat\u00eda para evaluar los cambios en riesgo de demencia e informar el diagn\u00f3stico. Las personas identificadas con apat\u00eda alta, o apat\u00eda creciente con el tiempo, podr\u00edan ser enviadas para ex\u00e1menes cl\u00ednicos m\u00e1s detallados, o ser recomendadas para tratamiento\u00bb.<\/p>\n<p>M\u00e1s de 450 participantes, todos con resonancia magn\u00e9tica confirmada SVDreclutados de tres hospitales en el sur de Londres y el Departamento de Neurolog\u00eda de la Universidad de Radboud en los Pa\u00edses Bajos, fueron evaluados por apat\u00eda, depresi\u00f3n y demencia durante varios a\u00f1os.<\/p>\n<p>En la cohorte del Reino Unido, casi el 20% de los participantes desarrollaron demencia, mientras que 11 % en la cohorte de los Pa\u00edses Bajos lo hizo, probablemente debido a la carga m\u00e1s severa de SVD en la cohorte del Reino Unido. En ambos conjuntos de datos, los pacientes que luego desarrollaron demencia mostraron una mayor apat\u00eda, pero niveles similares de depresi\u00f3n al inicio, en comparaci\u00f3n con los pacientes que no la desarrollaron.<\/p>\n<p>El estudio proporciona la base para futuras investigaciones, incluidos los mecanismos que vinculan la apat\u00eda. , deterioro cognitivo vascular y demencia. El trabajo reciente de resonancia magn\u00e9tica sugiere que redes similares de materia blanca subyacen a la motivaci\u00f3n y la funci\u00f3n cognitiva en SVD. La enfermedad cerebrovascular, que puede ser causada por hipertensi\u00f3n y diabetes, puede provocar da\u00f1os en la red, lo que resulta en una forma temprana de demencia, que se presenta con apat\u00eda y d\u00e9ficit cognitivo. Con el tiempo, la patolog\u00eda relacionada con la SVD aumenta, lo que va acompa\u00f1ado de un deterioro cognitivo y motivacional cada vez mayor, que finalmente se vuelve lo suficientemente grave como para cumplir con los criterios de un estado de demencia.<\/p>\n<p>Jonathan Tay dice: \u00abEsto implica que la apat\u00eda no es un factor de riesgo para la demencia per se, sino m\u00e1s bien un s\u00edntoma temprano de da\u00f1o en la red de materia blanca. Comprender mejor estas relaciones podr\u00eda tener implicaciones importantes para el diagn\u00f3stico y el tratamiento de los pacientes en el futuro\u00bb. <\/p>\n<p>Explore m\u00e1s<\/p>\n<p> Apat\u00eda: el s\u00edntoma olvidado de la demencia <strong>M\u00e1s informaci\u00f3n:<\/strong> Jonathan Tay et al, La apat\u00eda, pero no la depresi\u00f3n, predice la demencia por todas las causas en la enfermedad de los vasos sangu\u00edneos cerebrales, Journal of Neurolog\u00eda, Neurocirug\u00eda y Psiquiatr\u00eda (2020). DOI: 10.1136\/jnnp-2020-323092 Proporcionado por la Universidad de Cambridge <strong>Cita<\/strong>: La apat\u00eda, no la depresi\u00f3n, ayuda a predecir la demencia (2020, 13 de julio) recuperado el 31 de agosto de 2022 de https:\/\/medicalxpress.com \/news\/2020-07-apathy-depression-dementia.html Este documento est\u00e1 sujeto a derechos de autor. Aparte de cualquier trato justo con fines de estudio o investigaci\u00f3n privados, ninguna parte puede reproducirse sin el permiso por escrito. El contenido se proporciona \u00fanicamente con fines informativos.<\/p>\n","protected":false},"excerpt":{"rendered":"<p>Cr\u00e9dito: CC0 Public Domain La apat\u00eda ofrece una importante se\u00f1al de advertencia temprana de demencia en personas con enfermedad cerebrovascular, pero la depresi\u00f3n no, sugiere una nueva investigaci\u00f3n dirigida por la Universidad de Cambridge. A menudo se piensa que la depresi\u00f3n es un factor de riesgo para la demencia, pero esto puede deberse a que &hellip; <a href=\"https:\/\/www.biblia.work\/articulos-salud\/la-apatia-no-la-depresion-ayuda-a-predecir-la-demencia\/\" class=\"more-link\">Continuar leyendo<span class=\"screen-reader-text\"> \u00abLa apat\u00eda, no la depresi\u00f3n, ayuda a predecir la demencia\u00bb<\/span><\/a><\/p>\n","protected":false},"author":1,"featured_media":0,"comment_status":"","ping_status":"","sticky":false,"template":"","format":"standard","meta":{"footnotes":""},"categories":[1],"tags":[],"class_list":["post-32286","post","type-post","status-publish","format-standard","hentry","category-general"],"_links":{"self":[{"href":"https:\/\/www.biblia.work\/articulos-salud\/wp-json\/wp\/v2\/posts\/32286","targetHints":{"allow":["GET"]}}],"collection":[{"href":"https:\/\/www.biblia.work\/articulos-salud\/wp-json\/wp\/v2\/posts"}],"about":[{"href":"https:\/\/www.biblia.work\/articulos-salud\/wp-json\/wp\/v2\/types\/post"}],"author":[{"embeddable":true,"href":"https:\/\/www.biblia.work\/articulos-salud\/wp-json\/wp\/v2\/users\/1"}],"replies":[{"embeddable":true,"href":"https:\/\/www.biblia.work\/articulos-salud\/wp-json\/wp\/v2\/comments?post=32286"}],"version-history":[{"count":0,"href":"https:\/\/www.biblia.work\/articulos-salud\/wp-json\/wp\/v2\/posts\/32286\/revisions"}],"wp:attachment":[{"href":"https:\/\/www.biblia.work\/articulos-salud\/wp-json\/wp\/v2\/media?parent=32286"}],"wp:term":[{"taxonomy":"category","embeddable":true,"href":"https:\/\/www.biblia.work\/articulos-salud\/wp-json\/wp\/v2\/categories?post=32286"},{"taxonomy":"post_tag","embeddable":true,"href":"https:\/\/www.biblia.work\/articulos-salud\/wp-json\/wp\/v2\/tags?post=32286"}],"curies":[{"name":"wp","href":"https:\/\/api.w.org\/{rel}","templated":true}]}}