{"id":324,"date":"2022-08-29T22:30:05","date_gmt":"2022-08-30T03:30:05","guid":{"rendered":"https:\/\/www.biblia.work\/articulos-salud\/injusticia-ambiental-densidad-de-poblacion-y-propagacion-de-covid-19-en-comunidades-minoritarias\/"},"modified":"2022-08-29T22:30:05","modified_gmt":"2022-08-30T03:30:05","slug":"injusticia-ambiental-densidad-de-poblacion-y-propagacion-de-covid-19-en-comunidades-minoritarias","status":"publish","type":"post","link":"https:\/\/www.biblia.work\/articulos-salud\/injusticia-ambiental-densidad-de-poblacion-y-propagacion-de-covid-19-en-comunidades-minoritarias\/","title":{"rendered":"Injusticia ambiental, densidad de poblaci\u00f3n y propagaci\u00f3n de COVID-19 en comunidades minoritarias"},"content":{"rendered":"<p>Cr\u00e9dito: Escuela de Medicina de la Universidad de Washington en St. Louis <\/p>\n<p>Durante la \u00abprimera ola\u00bb de COVID-19 en los Estados Unidos, Rajan Chakrabarty, el profesor asociado de desarrollo profesional Harold D. Jolley en la Universidad de Washington en St. Louis, se enter\u00f3 de que los afroamericanos constitu\u00edan el 47 % de la poblaci\u00f3n de St. Louis, pero casi las tres cuartas partes de los casos de COVID-19. <\/p>\n<p>Ese dato se extrajo de un art\u00edculo de Boston Review, escrito por Jason Purnell, profesor asociado de la Escuela Brown de la Universidad de Washington. En \u00e9l, Purnell se\u00f1al\u00f3 que en St. Louis, los afroamericanos ten\u00edan 12 veces m\u00e1s probabilidades que los residentes blancos de vivir en condiciones con mayores riesgos ambientales, incluida la mala calidad del aire. <\/p>\n<p>\u00abRealmente me motiv\u00f3 a tratar de conectar los puntos entre la injusticia ambiental y la propagaci\u00f3n de COVID-19\u00bb, dijo Chakrabarty, quien estudia ciencia de aerosoles en la Escuela de Ingenier\u00eda McKelvey. <\/p>\n<p>Y result\u00f3 que la ciencia de los aerosoles ten\u00eda mucho que decir al respecto.<\/p>\n<p>Una nueva investigaci\u00f3n analiz\u00f3 las disparidades en los factores socioecon\u00f3micos, ambientales y de salud pulmonar para determinar c\u00f3mo contribuyeron a R0la rapidez en el que el COVID-19 se extendi\u00f3 por 12 \u00e1reas metropolitanas. Los investigadores encontraron que solo dos factores ten\u00edan una influencia abrumadora en R0: la densidad de poblaci\u00f3n y la exposici\u00f3n a largo plazo a la contaminaci\u00f3n del aire. <\/p>\n<p>Los resultados se publicaron en la revista Environmental Research Letters.<\/p>\n<p>Estos dos factores afectan de manera desproporcionada a las comunidades con m\u00e1s residentes minoritarios.<\/p>\n<p>El estudio, realizado en el laboratorio Chakrabarty , us\u00f3 datos de 12 \u00e1reas estad\u00edsticas metropolitanas (MSA), una designaci\u00f3n del censo para agrupaciones de condados compuestos por al menos un \u00e1rea \u00aburbanizada\u00bb de 500,000 o m\u00e1s residentes y las \u00e1reas cercanas a las que est\u00e1 vinculada social y econ\u00f3micamente. <\/p>\n<p>Para delimitar qu\u00e9 factores se correlacionaron directamente con R0, el primer autor Payton Beeler, Ph.D. estudiante en el laboratorio de Chakrabarty, analiz\u00f3 los datos de la primera ola de la epidemia de COVID-19 entre el 1 de marzo y el 30 de abril de 2020, cuando estaban en vigor las \u00f3rdenes m\u00e1s estrictas de quedarse en casa.<\/p>\n<p>Ella consider\u00f3 unas pocas docenas de factores, desde los ingresos familiares hasta los h\u00e1bitos de fumar y las tasas de personas que trabajan en la industria de servicios, que podr\u00edan afectar la rapidez con la que se propaga el COVID-19.<\/p>\n<p>Para determinar la exposici\u00f3n a PM2.5 a lo largo del tiempo, Beeler, quien fue co-asesorado en esta investigaci\u00f3n realizada por C. Arden Pope de la Universidad Brigham Young, calcul\u00f3 las concentraciones de masa promedio por condado desde 2000 hasta 2018 utilizando conjuntos de datos publicados recientemente de observaciones en tierra, resultados del modelo GEOS-CHEM de la NASA y observaciones satelitales. La densidad de poblaci\u00f3n se obtuvo de la Encuesta de la Comunidad Estadounidense del Censo de 2019.<\/p>\n<p>De todos los factores que analizaron, \u00abencontramos que la influencia combinada de la densidad de poblaci\u00f3n y la exposici\u00f3n a PM2.5 ten\u00edan las correlaciones estad\u00edsticamente m\u00e1s significativas con R0, \u00ab, dijo Beeler.<\/p>\n<p>Determinar si hab\u00eda alg\u00fan patr\u00f3n demogr\u00e1fico entre las \u00e1reas con un R0 alto requer\u00eda un poco de creatividad.<\/p>\n<p>Mirando las 12 MSA juntas, nada salt\u00f3 de la pantalla . Beeler se dio cuenta de que estaba tratando de comparar manzanas geogr\u00e1ficas y demogr\u00e1ficas con naranjas. Tomemos, por ejemplo, Portland, Oregon, MSA. No hay condados en ese MSA con una poblaci\u00f3n de afroamericanos superior al 10%. Tomando el MSA como un todo, parece bastante uniforme.<\/p>\n<p>\u00abPero si analizamos cada MSA individualmente, lo que vemos es muy diferente\u00bb, dijo. Eso es exactamente lo que vio en Portland. Cuando dividi\u00f3 la MSA en condados, encontr\u00f3 focos donde se agrupaban los residentes de minor\u00edas.<\/p>\n<p>\u00abAs\u00ed fue como se me ocurri\u00f3 la idea del m\u00e9todo del factor de sesgo\u00bb. <\/p>\n<p>El factor de sesgo es una forma de nivelar el campo de juego, por as\u00ed decirlo. Para encontrarlo, observ\u00f3 una raza variable o exposici\u00f3n a PM2.5 o densidad de poblaci\u00f3n en un solo condado en un MSA en particular. Luego lo compar\u00f3 con los condados circundantes en ese mismo MSA. De esa manera, cualquier desviaci\u00f3n del promedio era visible.<\/p>\n<p>Por ejemplo, si un condado tiene un factor de sesgo de dos para la exposici\u00f3n a PM2.5, eso significa que la concentraci\u00f3n de PM2.5 en ese condado es el doble tan alto como el condado promedio en el mismo MSA. Si tiene un factor de sesgo de tres para los estadounidenses de origen asi\u00e1tico, eso significa que tiene una poblaci\u00f3n de estadounidenses de origen asi\u00e1tico tres veces mayor que la de otros condados de la MSA.<\/p>\n<p>Este m\u00e9todo proporcion\u00f3 un n\u00famero que podr\u00eda usarse para comparar condados en Oregon con los de Missouri con los de Georgia compare manzanas con manzanas, a pesar de la amplia variaci\u00f3n en las poblaciones y en factores como la exposici\u00f3n a la contaminaci\u00f3n a largo plazo y la densidad de poblaci\u00f3n.<\/p>\n<p>Cuando hizo esas comparaciones, Beeler encontr\u00f3 mayor los factores de sesgo para diversos condados, aquellos con m\u00e1s minor\u00edas raciales y \u00e9tnicas, se correlacionaron con factores de sesgo para la exposici\u00f3n a la contaminaci\u00f3n a largo plazo y una mayor densidad de poblaci\u00f3n y, por lo tanto, con una transmisi\u00f3n m\u00e1s r\u00e1pida de COVID-19.<\/p>\n<p>En \u00faltima instancia, la investigaci\u00f3n mostr\u00f3 que las comunidades con Las poblaciones relativamente altas de hispanoamericanos est\u00e1n asociadas con el mayor aumento relativo en la concentraci\u00f3n de PM2.5 y la densidad de poblaci\u00f3n, seguidas por los asi\u00e1ticoamericanos y los afroamericanos. Los investigadores tambi\u00e9n encontraron que las comunidades con poblaciones blancas relativamente grandes est\u00e1n asociadas con disminuciones relativas en la concentraci\u00f3n de PM2.5 y la densidad de poblaci\u00f3n. <\/p>\n<p>Explore m\u00e1s<\/p>\n<p> Un nuevo estudio examina c\u00f3mo la interacci\u00f3n de los factores afecta las tasas de vacunaci\u00f3n contra el COVID-19 <strong>M\u00e1s informaci\u00f3n:<\/strong> Payton Beeler et al, Las disparidades en la exposici\u00f3n a PM2.5 y la densidad de poblaci\u00f3n influyen en el SARS-CoV -2 transmisi\u00f3n entre minor\u00edas raciales y \u00e9tnicas, Environmental Research Letters (2021). DOI: 10.1088\/1748-9326\/ac29ea#erlac29eas5 <strong>Informaci\u00f3n de la revista:<\/strong> Environmental Research Letters <\/p>\n<p> Proporcionado por la Facultad de Medicina de la Universidad de Washington en St. Louis <strong>Cita<\/strong>: Injusticia ambiental , densidad de poblaci\u00f3n y la propagaci\u00f3n de COVID-19 en comunidades minoritarias (20 de octubre de 2021) recuperado el 29 de agosto de 2022 de https:\/\/medicalxpress.com\/news\/2021-10-environmental-injustice-population-density-covid-.html Este documento est\u00e1 sujeto a derechos de autor. Aparte de cualquier trato justo con fines de estudio o investigaci\u00f3n privados, ninguna parte puede reproducirse sin el permiso por escrito. El contenido se proporciona \u00fanicamente con fines informativos.<\/p>\n","protected":false},"excerpt":{"rendered":"<p>Cr\u00e9dito: Escuela de Medicina de la Universidad de Washington en St. Louis Durante la \u00abprimera ola\u00bb de COVID-19 en los Estados Unidos, Rajan Chakrabarty, el profesor asociado de desarrollo profesional Harold D. Jolley en la Universidad de Washington en St. Louis, se enter\u00f3 de que los afroamericanos constitu\u00edan el 47 % de la poblaci\u00f3n de &hellip; <a href=\"https:\/\/www.biblia.work\/articulos-salud\/injusticia-ambiental-densidad-de-poblacion-y-propagacion-de-covid-19-en-comunidades-minoritarias\/\" class=\"more-link\">Continuar leyendo<span class=\"screen-reader-text\"> \u00abInjusticia ambiental, densidad de poblaci\u00f3n y propagaci\u00f3n de COVID-19 en comunidades minoritarias\u00bb<\/span><\/a><\/p>\n","protected":false},"author":1,"featured_media":0,"comment_status":"","ping_status":"","sticky":false,"template":"","format":"standard","meta":{"footnotes":""},"categories":[1],"tags":[],"class_list":["post-324","post","type-post","status-publish","format-standard","hentry","category-general"],"_links":{"self":[{"href":"https:\/\/www.biblia.work\/articulos-salud\/wp-json\/wp\/v2\/posts\/324","targetHints":{"allow":["GET"]}}],"collection":[{"href":"https:\/\/www.biblia.work\/articulos-salud\/wp-json\/wp\/v2\/posts"}],"about":[{"href":"https:\/\/www.biblia.work\/articulos-salud\/wp-json\/wp\/v2\/types\/post"}],"author":[{"embeddable":true,"href":"https:\/\/www.biblia.work\/articulos-salud\/wp-json\/wp\/v2\/users\/1"}],"replies":[{"embeddable":true,"href":"https:\/\/www.biblia.work\/articulos-salud\/wp-json\/wp\/v2\/comments?post=324"}],"version-history":[{"count":0,"href":"https:\/\/www.biblia.work\/articulos-salud\/wp-json\/wp\/v2\/posts\/324\/revisions"}],"wp:attachment":[{"href":"https:\/\/www.biblia.work\/articulos-salud\/wp-json\/wp\/v2\/media?parent=324"}],"wp:term":[{"taxonomy":"category","embeddable":true,"href":"https:\/\/www.biblia.work\/articulos-salud\/wp-json\/wp\/v2\/categories?post=324"},{"taxonomy":"post_tag","embeddable":true,"href":"https:\/\/www.biblia.work\/articulos-salud\/wp-json\/wp\/v2\/tags?post=324"}],"curies":[{"name":"wp","href":"https:\/\/api.w.org\/{rel}","templated":true}]}}