{"id":32425,"date":"2022-08-31T19:56:51","date_gmt":"2022-09-01T00:56:51","guid":{"rendered":"https:\/\/www.biblia.work\/articulos-salud\/serbia-informa-un-numero-record-de-muertes-diarias-por-virus\/"},"modified":"2022-08-31T19:56:51","modified_gmt":"2022-09-01T00:56:51","slug":"serbia-informa-un-numero-record-de-muertes-diarias-por-virus","status":"publish","type":"post","link":"https:\/\/www.biblia.work\/articulos-salud\/serbia-informa-un-numero-record-de-muertes-diarias-por-virus\/","title":{"rendered":"Serbia informa un n\u00famero r\u00e9cord de muertes diarias por virus"},"content":{"rendered":"<p>Cr\u00e9dito: Pixabay\/CC0 Dominio p\u00fablico <\/p>\n<p>Serbia anunci\u00f3 un n\u00famero r\u00e9cord de muertes por coronavirus para un solo d\u00eda el viernes, mientras el gobierno respond\u00eda a las protestas por su manejo de la pandemia. <\/p>\n<p>La primera ministra Ana Brnabic dijo que el estado de los Balcanes registr\u00f3 18 muertes y 386 casos nuevos en 24 horas en lo que describi\u00f3 como un \u00abaumento dram\u00e1tico\u00bb.<\/p>\n<p>Al mismo tiempo, Brnabic calific\u00f3 de \u00abirresponsable\u00bb protestas celebradas por tercer d\u00eda consecutivo en Belgrado y otras ciudades el jueves, despu\u00e9s de que las manifestaciones en la capital en los dos d\u00edas anteriores se desbordaron en violencia.<\/p>\n<p>\u00abCon respecto a las manifestaciones, no hay m\u00e1s irresponsable comportamiento en este momento\u00bb, dijo Brnabic.<\/p>\n<p>\u00abVeremos los resultados de las protestas en tres o cuatro d\u00edas\u00bb, dijo y llam\u00f3 a la gente a \u00abrespetar las medidas vigentes\u00bb para restringir la propagaci\u00f3n de el virus. <\/p>\n<p>Los manifestantes han dado rienda suelta a su frustraci\u00f3n con el presidente Aleksandar Vucic, a quien muchos consideran que facilit\u00f3 una segunda ola de virus al levantar un bloqueo inicial para que las elecciones pudieran celebrarse el 21 de junio y que su Progresista Serbio Partido (SNS) gan\u00f3 en gran medida. <\/p>\n<p>La primera manifestaci\u00f3n del martes se desencaden\u00f3 despu\u00e9s de que Vucic anunciara el regreso del toque de queda de fin de semana para combatir una segunda ola de infecciones por coronavirus que ha abrumado a los hospitales en Belgrado. <\/p>\n<p>M\u00e1s tarde, el presidente dio marcha atr\u00e1s en su plan, pero las protestas continuaron y se convirtieron en una reprimenda general por su manejo de la crisis de salud.<\/p>\n<p>El jueves, el gobierno abandon\u00f3 formalmente el plan de toque de queda. y anunci\u00f3 restricciones a las reuniones p\u00fablicas de m\u00e1s de 10 personas que prohibieron efectivamente las protestas.<\/p>\n<p>Una ola de nuevas infecciones se produjo despu\u00e9s de que se permiti\u00f3 la realizaci\u00f3n de una serie de eventos deportivos en medio de un distanciamiento social m\u00ednimo.<\/p>\n<p> Estos incluyeron un torneo de tenis organizado por el m\u00faltiple campe\u00f3n de Grand Slam Novak Djokovic, quien dio positivo por coronavirus junto con otros tres participantes en su desafortunado Adria Tour. <\/p>\n<p>Varios pol\u00edticos de alto rango tambi\u00e9n dieron positivo tras las celebraciones de SNS de su triunfo electoral.<\/p>\n<p>Hasta la fecha, Serbia ha registrado 370 muertes por coronavirus y casi 18,000 casos.<\/p>\n<p> &lt; Los vecinos Croacia y Bosnia tambi\u00e9n publicaron registros de 24 horas para nuevos casos de virus el viernes 116 y 316 respectivamente. <\/p>\n<p>Explore m\u00e1s<\/p>\n<p> Siga las \u00faltimas noticias sobre el brote de coronavirus (COVID-19) <\/p>\n<p> 2020 AFP <\/p>\n<p> <strong>Cita<\/strong>: Serbia informa un n\u00famero r\u00e9cord de muertes diarias por virus (2020, 10 de julio) recuperado el 31 de agosto de 2022 de https:\/\/medicalxpress.com\/news\/2020-07-serbia-daily-virus-death-toll.html Este documento est\u00e1 sujeto a derechos de autor. Aparte de cualquier trato justo con fines de estudio o investigaci\u00f3n privados, ninguna parte puede reproducirse sin el permiso por escrito. El contenido se proporciona \u00fanicamente con fines informativos.<\/p>\n","protected":false},"excerpt":{"rendered":"<p>Cr\u00e9dito: Pixabay\/CC0 Dominio p\u00fablico Serbia anunci\u00f3 un n\u00famero r\u00e9cord de muertes por coronavirus para un solo d\u00eda el viernes, mientras el gobierno respond\u00eda a las protestas por su manejo de la pandemia. La primera ministra Ana Brnabic dijo que el estado de los Balcanes registr\u00f3 18 muertes y 386 casos nuevos en 24 horas en &hellip; <a href=\"https:\/\/www.biblia.work\/articulos-salud\/serbia-informa-un-numero-record-de-muertes-diarias-por-virus\/\" class=\"more-link\">Continuar leyendo<span class=\"screen-reader-text\"> \u00abSerbia informa un n\u00famero r\u00e9cord de muertes diarias por virus\u00bb<\/span><\/a><\/p>\n","protected":false},"author":1,"featured_media":0,"comment_status":"","ping_status":"","sticky":false,"template":"","format":"standard","meta":{"footnotes":""},"categories":[1],"tags":[],"class_list":["post-32425","post","type-post","status-publish","format-standard","hentry","category-general"],"_links":{"self":[{"href":"https:\/\/www.biblia.work\/articulos-salud\/wp-json\/wp\/v2\/posts\/32425","targetHints":{"allow":["GET"]}}],"collection":[{"href":"https:\/\/www.biblia.work\/articulos-salud\/wp-json\/wp\/v2\/posts"}],"about":[{"href":"https:\/\/www.biblia.work\/articulos-salud\/wp-json\/wp\/v2\/types\/post"}],"author":[{"embeddable":true,"href":"https:\/\/www.biblia.work\/articulos-salud\/wp-json\/wp\/v2\/users\/1"}],"replies":[{"embeddable":true,"href":"https:\/\/www.biblia.work\/articulos-salud\/wp-json\/wp\/v2\/comments?post=32425"}],"version-history":[{"count":0,"href":"https:\/\/www.biblia.work\/articulos-salud\/wp-json\/wp\/v2\/posts\/32425\/revisions"}],"wp:attachment":[{"href":"https:\/\/www.biblia.work\/articulos-salud\/wp-json\/wp\/v2\/media?parent=32425"}],"wp:term":[{"taxonomy":"category","embeddable":true,"href":"https:\/\/www.biblia.work\/articulos-salud\/wp-json\/wp\/v2\/categories?post=32425"},{"taxonomy":"post_tag","embeddable":true,"href":"https:\/\/www.biblia.work\/articulos-salud\/wp-json\/wp\/v2\/tags?post=32425"}],"curies":[{"name":"wp","href":"https:\/\/api.w.org\/{rel}","templated":true}]}}