{"id":32437,"date":"2022-08-31T19:57:19","date_gmt":"2022-09-01T00:57:19","guid":{"rendered":"https:\/\/www.biblia.work\/articulos-salud\/individuos-negros-con-mayor-riesgo-de-contraer-covid-19-segun-una-nueva-investigacion\/"},"modified":"2022-08-31T19:57:19","modified_gmt":"2022-09-01T00:57:19","slug":"individuos-negros-con-mayor-riesgo-de-contraer-covid-19-segun-una-nueva-investigacion","status":"publish","type":"post","link":"https:\/\/www.biblia.work\/articulos-salud\/individuos-negros-con-mayor-riesgo-de-contraer-covid-19-segun-una-nueva-investigacion\/","title":{"rendered":"Individuos negros con mayor riesgo de contraer COVID-19, seg\u00fan una nueva investigaci\u00f3n"},"content":{"rendered":"<p>En un estudio, la raza negra se asoci\u00f3 con un mayor riesgo de infecci\u00f3n por COVID-19. Cr\u00e9dito: ATS <\/p>\n<p>Los resultados de un an\u00e1lisis publicado en Annals of the American Thoracic Society encontraron que las personas negras ten\u00edan el doble de probabilidades que las personas blancas de dar positivo por COVID-19. La edad promedio de todos los participantes en el estudio fue de 46 a\u00f1os. Sin embargo, los infectados ten\u00edan un promedio de 52 a\u00f1os, en comparaci\u00f3n con los que dieron negativo, que ten\u00edan un promedio de 45 a\u00f1os. <\/p>\n<p>\u00abAssociation of Black Race with Outcomes in COVID-19 Disease: A Retrospective Cohort Study\u00bb no es el primero en examinar la raza. Sin embargo, proporciona m\u00e1s evidencia de que, si bien cualquiera puede contraer COVID-19, la raza es un factor en la medida en que algunas poblaciones se ven afectadas. De las 4413 personas analizadas, el 17,8 por ciento dio positivo. De los que dieron positivo, el 78,9 % eran negros, mientras que el 9,6 % eran blancos.<\/p>\n<p>El autor del estudio, Ayodeji Adegunsoye, MD, MS, profesor asistente de medicina en la Universidad de Chicago, ve l\u00f3gica en los resultados del an\u00e1lisis. en lo que respecta a las tasas de infecci\u00f3n a lo largo de las l\u00edneas raciales: \u00abCreo que esto realmente amplifica c\u00f3mo las disparidades socioecon\u00f3micas y de atenci\u00f3n m\u00e9dica preexistentes afectan los resultados en la poblaci\u00f3n. Ya sabemos que las comorbilidades comunes que se han asociado con COVID, como la hipertensi\u00f3n y la diabetes afectan desproporcionadamente a la comunidad negra. Por lo tanto, no fue demasiado sorprendente que COVID-19 pareciera afectar m\u00e1s com\u00fanmente a las personas negras tambi\u00e9n\u00bb.<\/p>\n<p>Adem\u00e1s, se\u00f1al\u00f3 el Dr. Adegunsoye, dado que las personas negras son demasiado representados en la industria de servicios y, por lo tanto, es m\u00e1s probable que sean trabajadores esenciales, su riesgo de exposici\u00f3n al COVID-19 es mayor: \u00abIncluso durante los cierres preventivos para reducir la propagaci\u00f3n, estos trabajos a menudo se consideraban servicios esenciales\u00bb. es, e inclu\u00eda trabajos como conductores de autobuses, conserjes, trabajadores sanitarios de la ciudad, personal de producci\u00f3n de alimentos del hospital, guardias de seguridad, etc., por lo que no fue demasiado sorprendente que las personas negras se infectaran de manera desproporcionada y luego fueran hospitalizadas con el virus\u00bb.<\/p>\n<p>Los resultados que muestran que las personas que dieron positivo eran mayores que sus contrapartes que dieron negativo son consistentes con los informes de tasas de infecci\u00f3n en los EE. UU. y en otros lugares. \u00abHemos observado que, por varias razones, es m\u00e1s probable que las personas mayores desarrollen s\u00edntomas graves cuando se infectan y, por lo tanto, es m\u00e1s probable que se hagan la prueba de COVID-19\u00bb, dijo el Dr. Adegunsoye.<\/p>\n<p>\u00bb Es una especie de c\u00edrculo vicioso, ya que las personas mayores tienen m\u00e1s probabilidades de tener hipertensi\u00f3n y otras enfermedades com\u00f3rbidas, lo que aumenta a\u00fan m\u00e1s el riesgo de hospitalizaci\u00f3n con COVID Incluso despu\u00e9s de tener en cuenta su edad avanzada, los pacientes negros todav\u00eda ten\u00edan un riesgo significativamente mayor de COVID- 19 y hospitalizaci\u00f3n\u00bb.<\/p>\n<p>Al abordar la disparidad en las tasas de infecci\u00f3n por COVID-19, el Dr. Adegunsoye propone hacer que las pruebas de detecci\u00f3n de COVID-19 sean gratuitas y ampliamente accesibles. \u00c9l espera que haya un aumento en las decisiones pol\u00edticas que resulten en un aumento de la financiaci\u00f3n para los esfuerzos de prevenci\u00f3n liderados por la comunidad, as\u00ed como \u00abcampa\u00f1as de informaci\u00f3n p\u00fablica mejoradas dirigidas a las minor\u00edas para reducir el riesgo de desarrollar hipertensi\u00f3n y diabetes\u00bb.<\/p>\n<p>Estas medidas, junto con un enfoque estrat\u00e9gico renovado para reducir las desigualdades en salud, mejorar\u00e1n la vida de todos los estadounidenses. <\/p>\n<p>Explore m\u00e1s<\/p>\n<p> Siga las \u00faltimas noticias sobre el brote de coronavirus (COVID-19) <strong>M\u00e1s informaci\u00f3n:<\/strong> Annals of the American Thoracic Society, www.atsjournals.org\/doi\/abs\/10 &hellip; nalsATS.202006-583RL Proporcionado por la American Thoracic Society <strong>Cita<\/strong>: Individuos negros en mayor riesgo de contraer COVID-19, seg\u00fan una nueva investigaci\u00f3n (2020, 9 de julio) recuperado el 31 de agosto de 2022 de https:\/\/medicalxpress .com\/news\/2020-07-black-individuals-higher-covid-.html Este documento est\u00e1 sujeto a derechos de autor. Aparte de cualquier trato justo con fines de estudio o investigaci\u00f3n privados, ninguna parte puede reproducirse sin el permiso por escrito. El contenido se proporciona \u00fanicamente con fines informativos.<\/p>\n","protected":false},"excerpt":{"rendered":"<p>En un estudio, la raza negra se asoci\u00f3 con un mayor riesgo de infecci\u00f3n por COVID-19. Cr\u00e9dito: ATS Los resultados de un an\u00e1lisis publicado en Annals of the American Thoracic Society encontraron que las personas negras ten\u00edan el doble de probabilidades que las personas blancas de dar positivo por COVID-19. La edad promedio de todos &hellip; <a href=\"https:\/\/www.biblia.work\/articulos-salud\/individuos-negros-con-mayor-riesgo-de-contraer-covid-19-segun-una-nueva-investigacion\/\" class=\"more-link\">Continuar leyendo<span class=\"screen-reader-text\"> \u00abIndividuos negros con mayor riesgo de contraer COVID-19, seg\u00fan una nueva investigaci\u00f3n\u00bb<\/span><\/a><\/p>\n","protected":false},"author":1,"featured_media":0,"comment_status":"","ping_status":"","sticky":false,"template":"","format":"standard","meta":{"footnotes":""},"categories":[1],"tags":[],"class_list":["post-32437","post","type-post","status-publish","format-standard","hentry","category-general"],"_links":{"self":[{"href":"https:\/\/www.biblia.work\/articulos-salud\/wp-json\/wp\/v2\/posts\/32437","targetHints":{"allow":["GET"]}}],"collection":[{"href":"https:\/\/www.biblia.work\/articulos-salud\/wp-json\/wp\/v2\/posts"}],"about":[{"href":"https:\/\/www.biblia.work\/articulos-salud\/wp-json\/wp\/v2\/types\/post"}],"author":[{"embeddable":true,"href":"https:\/\/www.biblia.work\/articulos-salud\/wp-json\/wp\/v2\/users\/1"}],"replies":[{"embeddable":true,"href":"https:\/\/www.biblia.work\/articulos-salud\/wp-json\/wp\/v2\/comments?post=32437"}],"version-history":[{"count":0,"href":"https:\/\/www.biblia.work\/articulos-salud\/wp-json\/wp\/v2\/posts\/32437\/revisions"}],"wp:attachment":[{"href":"https:\/\/www.biblia.work\/articulos-salud\/wp-json\/wp\/v2\/media?parent=32437"}],"wp:term":[{"taxonomy":"category","embeddable":true,"href":"https:\/\/www.biblia.work\/articulos-salud\/wp-json\/wp\/v2\/categories?post=32437"},{"taxonomy":"post_tag","embeddable":true,"href":"https:\/\/www.biblia.work\/articulos-salud\/wp-json\/wp\/v2\/tags?post=32437"}],"curies":[{"name":"wp","href":"https:\/\/api.w.org\/{rel}","templated":true}]}}