{"id":32463,"date":"2022-08-31T19:58:15","date_gmt":"2022-09-01T00:58:15","guid":{"rendered":"https:\/\/www.biblia.work\/articulos-salud\/el-segundo-confinamiento-de-melbourne-afectara-la-salud-mental-y-debemos-estar-atentos-a-los-vulnerables\/"},"modified":"2022-08-31T19:58:15","modified_gmt":"2022-09-01T00:58:15","slug":"el-segundo-confinamiento-de-melbourne-afectara-la-salud-mental-y-debemos-estar-atentos-a-los-vulnerables","status":"publish","type":"post","link":"https:\/\/www.biblia.work\/articulos-salud\/el-segundo-confinamiento-de-melbourne-afectara-la-salud-mental-y-debemos-estar-atentos-a-los-vulnerables\/","title":{"rendered":"El segundo confinamiento de Melbourne afectar\u00e1 la salud mental, y debemos estar atentos a los vulnerables"},"content":{"rendered":"<p>Cr\u00e9dito: Shutterstock <\/p>\n<p>Metropolitan Melbourne y Mitchell Shire est\u00e1n comenzando otras seis semanas de confinamiento debido a un aumento en el COVID- 19 casos. <\/p>\n<p>Si bien esta segunda ronda de confinamiento puede controlar el n\u00famero de casos, sus efectos en la salud mental de los habitantes de Victoria podr\u00edan ser significativos. <\/p>\n<p>Los australianos ya est\u00e1n experimentando consecuencias de salud mental por el COVID-19. Una pandemia prolongada y un segundo confinamiento solo podr\u00edan empeorar las cosas. <\/p>\n<p>COVID-19 y nuestra salud mental<\/p>\n<p>Nuestra salud mental se ve afectada por los cambios en nuestras circunstancias sociales, y ning\u00fan evento en la historia reciente ha causado estragos en nuestra vida diaria como el COVID- 19.<\/p>\n<p>Los padres de los reci\u00e9n nacidos han tenido acceso reducido al apoyo social. <\/p>\n<p>Muchas personas han tenido que pasar el duelo solas tras la muerte de un ser querido. <\/p>\n<p>Las personas sin hogar han recibido alojamiento temporal, pero pueden tener dificultades para reajustarse a la vida sin apoyo nuevamente.<\/p>\n<p>Los residentes de hogares de ancianos han soportado meses de aislamiento. <\/p>\n<p>La p\u00e9rdida de empleo y las consecuencias econ\u00f3micas supondr\u00e1n la aparici\u00f3n de problemas de salud mental en personas que antes hab\u00edan disfrutado de una vida de privilegios.<\/p>\n<p>Aunque a\u00fan no conocemos el alcance total de Debido a las consecuencias de la salud mental por el COVID-19, estamos viendo un aumento en los trastornos mentales como la depresi\u00f3n y la ansiedad.<\/p>\n<p>A medida que los habitantes de Melbourne regresan al encierro, es probable que aumente a\u00fan m\u00e1s el impacto de la soledad, el miedo, la ansiedad y la desesperanza. .<\/p>\n<p>Podr\u00eda ser m\u00e1s dif\u00edcil la segunda vez<\/p>\n<p>Una revisi\u00f3n de la literatura sobre la cuarentena muestra que los efectos en la salud mental empeoran con una cuarentena m\u00e1s prolongada, temores de infecci\u00f3n, frustraci\u00f3n, aburrimiento, suministros inadecuados, informaci\u00f3n inadecuada, p\u00e9rdida financiera y estigma. <\/p>\n<p>La realidad es que no sabemos cu\u00e1les ser\u00e1n los efectos en la salud mental de un segundo confinamiento. Pero este segundo confinamiento en Melbourne tiene todas las caracter\u00edsticas de una situaci\u00f3n de cuarentena dif\u00edcil, incluido el aislamiento forzoso de amigos y familiares. <\/p>\n<p>Es probable que otras seis semanas traigan frustraci\u00f3n, ira y una sensaci\u00f3n de desesperanza, lo que agravar\u00e1 los efectos en la salud mental que hemos sentido hasta este momento.<\/p>\n<p>Adem\u00e1s, cualquier \u00abnovedad\u00bb que podr\u00eda haber sentido que la primera vez probablemente haya desaparecido.<\/p>\n<p>Este segundo confinamiento tambi\u00e9n nos muestra que es probable que el COVID-19 nos acompa\u00f1e durante mucho tiempo. Nuestra esperanza de una resoluci\u00f3n r\u00e1pida y el regreso a la normalidad se est\u00e1 desvaneciendo.<\/p>\n<p>No ser\u00e1 lo mismo para todos<\/p>\n<p>Los efectos de las dificultades, el trauma y la p\u00e9rdida asociados con el encierro y la pandemia en t\u00e9rminos m\u00e1s generales, es poco probable que se distribuyan uniformemente entre la poblaci\u00f3n. <\/p>\n<p>Las personas con desventajas socioecon\u00f3micas, las personas desempleadas, los abor\u00edgenes y los isle\u00f1os del Estrecho de Torres y aquellos con antecedentes culturales y ling\u00fc\u00edsticos diversos ya tienen una salud mental m\u00e1s deficiente y un acceso m\u00e1s limitado a los servicios.<\/p>\n<p> El \u00abbloqueo estricto\u00bb de esta semana en los bloques de pisos de North Melbourne es un claro recordatorio del efecto desproporcionado que esta pandemia est\u00e1 teniendo en los grupos vulnerables.<\/p>\n<p>Y a diferencia de los desastres naturales que unen a las comunidades, las epidemias a menudo fomentan la sospecha y la divisi\u00f3n. . Lamentablemente, est\u00e1 surgiendo el chivo expiatorio y estamos viendo grupos multiculturales atacados.<\/p>\n<p>Cuanto m\u00e1s dure la pandemia, mayor ser\u00e1 la divisi\u00f3n entre quienes tienen recursos para acceder a la atenci\u00f3n y quienes no los tienen. <\/p>\n<p>Para los j\u00f3venes, la sensaci\u00f3n de desesperanza y preocupaci\u00f3n por el futuro est\u00e1 aumentando. <\/p>\n<p>La profesora Susan Rossell de la Universidad de Swinburne ha estado monitoreando la salud mental de j\u00f3venes de 18 a 25 a\u00f1os durante los \u00faltimos tres meses y ha notado un aumento grave en la enfermedad mental. Los impactos del COVID-19 en la salud mental tambi\u00e9n parecen ser m\u00e1s graves para las mujeres y las personas con enfermedades mentales existentes. <\/p>\n<p>El mes pasado, este pico fue particularmente notable en Victoria, presumiblemente debido al aumento en el n\u00famero de casos nuevos.<\/p>\n<p>La salud mental cambiar\u00e1 con el tiempo<\/p>\n<p>En En muchos sentidos, la trayectoria de las respuestas emocionales a la COVID-19 se hace eco de la trayectoria de las enfermedades cr\u00f3nicas. <\/p>\n<p>Como m\u00e9dico de cabecera, veo a personas pasar de su primer episodio de enfermedad, en el que esperan que todo vuelva a la normalidad, a un curso m\u00e1s cr\u00f3nico, en el que gradualmente se dan cuenta de que necesitan adaptarse a un nuevo y cambiante idea de lo que ser\u00e1 la normalidad. <\/p>\n<p>Esta segunda ola en Victoria nos muestra que no podemos esperar a que las cosas vuelvan a la normalidad. Las implicaciones que COVID-19 tiene en nuestras vidas y los efectos asociados a la salud mental seguir\u00e1n en curso. <\/p>\n<p>Algo as\u00ed como un paciente con una enfermedad cr\u00f3nica, debemos adaptarnos a la idea de que el cambio es la \u00abnueva normalidad\u00bb. Esta incertidumbre hace que la vida sea profundamente dif\u00edcil para las personas que comienzan a planificar su futuro, como los j\u00f3venes y las personas que tienen pocos recursos para enfrentar el cambio.<\/p>\n<p>M\u00e1s que nunca, necesitamos ofrecer atenci\u00f3n m\u00e9dica y psicosocial a los personas vulnerables de nuestra comunidad si queremos evitar que las enfermedades mentales se vuelvan m\u00e1s da\u00f1inas que el propio virus.<\/p>\n<p>Por otro lado, siempre hay esperanza de que la nueva normalidad se vuelva m\u00e1s igualitaria, m\u00e1s sostenible y m\u00e1s humana. <\/p>\n<p>Explore m\u00e1s<\/p>\n<p> Niveles de depresi\u00f3n y ansiedad m\u00e1s altos entre aquellos con antecedentes BAME durante el confinamiento Proporcionado por The Conversation <\/p>\n<p> Este art\u00edculo se vuelve a publicar de The Conversation bajo una licencia Creative Commons. Lea el art\u00edculo original. <\/p>\n<p> <strong>Cita<\/strong>: El segundo confinamiento de Melbourne afectar\u00e1 la salud mental, y debemos cuidar a los vulnerables (9 de julio de 2020) consultado el 31 de agosto de 2022 en https:\/\/ medicalxpress.com\/news\/2020-07-melbourne-lock-down-toll-mental-health.html Este documento est\u00e1 sujeto a derechos de autor. Aparte de cualquier trato justo con fines de estudio o investigaci\u00f3n privados, ninguna parte puede reproducirse sin el permiso por escrito. El contenido se proporciona \u00fanicamente con fines informativos.<\/p>\n","protected":false},"excerpt":{"rendered":"<p>Cr\u00e9dito: Shutterstock Metropolitan Melbourne y Mitchell Shire est\u00e1n comenzando otras seis semanas de confinamiento debido a un aumento en el COVID- 19 casos. Si bien esta segunda ronda de confinamiento puede controlar el n\u00famero de casos, sus efectos en la salud mental de los habitantes de Victoria podr\u00edan ser significativos. Los australianos ya est\u00e1n experimentando &hellip; <a href=\"https:\/\/www.biblia.work\/articulos-salud\/el-segundo-confinamiento-de-melbourne-afectara-la-salud-mental-y-debemos-estar-atentos-a-los-vulnerables\/\" class=\"more-link\">Continuar leyendo<span class=\"screen-reader-text\"> \u00abEl segundo confinamiento de Melbourne afectar\u00e1 la salud mental, y debemos estar atentos a los vulnerables\u00bb<\/span><\/a><\/p>\n","protected":false},"author":1,"featured_media":0,"comment_status":"","ping_status":"","sticky":false,"template":"","format":"standard","meta":{"footnotes":""},"categories":[1],"tags":[],"class_list":["post-32463","post","type-post","status-publish","format-standard","hentry","category-general"],"_links":{"self":[{"href":"https:\/\/www.biblia.work\/articulos-salud\/wp-json\/wp\/v2\/posts\/32463","targetHints":{"allow":["GET"]}}],"collection":[{"href":"https:\/\/www.biblia.work\/articulos-salud\/wp-json\/wp\/v2\/posts"}],"about":[{"href":"https:\/\/www.biblia.work\/articulos-salud\/wp-json\/wp\/v2\/types\/post"}],"author":[{"embeddable":true,"href":"https:\/\/www.biblia.work\/articulos-salud\/wp-json\/wp\/v2\/users\/1"}],"replies":[{"embeddable":true,"href":"https:\/\/www.biblia.work\/articulos-salud\/wp-json\/wp\/v2\/comments?post=32463"}],"version-history":[{"count":0,"href":"https:\/\/www.biblia.work\/articulos-salud\/wp-json\/wp\/v2\/posts\/32463\/revisions"}],"wp:attachment":[{"href":"https:\/\/www.biblia.work\/articulos-salud\/wp-json\/wp\/v2\/media?parent=32463"}],"wp:term":[{"taxonomy":"category","embeddable":true,"href":"https:\/\/www.biblia.work\/articulos-salud\/wp-json\/wp\/v2\/categories?post=32463"},{"taxonomy":"post_tag","embeddable":true,"href":"https:\/\/www.biblia.work\/articulos-salud\/wp-json\/wp\/v2\/tags?post=32463"}],"curies":[{"name":"wp","href":"https:\/\/api.w.org\/{rel}","templated":true}]}}