{"id":32498,"date":"2022-08-31T19:59:31","date_gmt":"2022-09-01T00:59:31","guid":{"rendered":"https:\/\/www.biblia.work\/articulos-salud\/no-se-encontro-asociacion-entre-la-exposicion-a-dispositivos-moviles-y-las-alteraciones-del-volumen-cerebral-en-adolescentes\/"},"modified":"2022-08-31T19:59:31","modified_gmt":"2022-09-01T00:59:31","slug":"no-se-encontro-asociacion-entre-la-exposicion-a-dispositivos-moviles-y-las-alteraciones-del-volumen-cerebral-en-adolescentes","status":"publish","type":"post","link":"https:\/\/www.biblia.work\/articulos-salud\/no-se-encontro-asociacion-entre-la-exposicion-a-dispositivos-moviles-y-las-alteraciones-del-volumen-cerebral-en-adolescentes\/","title":{"rendered":"No se encontr\u00f3 asociaci\u00f3n entre la exposici\u00f3n a dispositivos m\u00f3viles y las alteraciones del volumen cerebral en adolescentes"},"content":{"rendered":"<p>Cr\u00e9dito: Pixabay\/CC0 Dominio p\u00fablico <\/p>\n<p>\u00bfC\u00f3mo afecta el uso de dispositivos m\u00f3viles al cerebro de los ni\u00f1os? Un equipo del Instituto de Salud Global de Barcelona (ISGlobal), centro impulsado por la Obra Social \u201dla Caixa\u201d, ha realizado el primer estudio epidemiol\u00f3gico para explorar la relaci\u00f3n entre el volumen cerebral en preadolescentes, m\u00e1s de 2.500 ni\u00f1os holandeses, y diferentes dosis de campos electromagn\u00e9ticos de radiofrecuencia ( RF-CEM). No se encontr\u00f3 asociaci\u00f3n, aunque los autores no descartaron la posibilidad de asociaci\u00f3n entre el uso de dispositivos m\u00f3viles con conexi\u00f3n inal\u00e1mbrica a Internet y menor volumen del n\u00facleo caudado. <\/p>\n<p>Las posibles consecuencias negativas para la salud asociadas con el uso de dispositivos m\u00f3viles por parte de los ni\u00f1os han sido motivo de preocupaci\u00f3n durante alg\u00fan tiempo. La exposici\u00f3n a RF-EMF es de particular inter\u00e9s, ya que el cerebro de los preadolescentes a\u00fan se est\u00e1 desarrollando y los ni\u00f1os experimentar\u00e1n largos per\u00edodos de exposici\u00f3n a RF-EMF si usan dispositivos m\u00f3viles durante toda su vida.<\/p>\n<p>La mayor\u00eda de las investigaciones anteriores sobre este tema el sujeto ha evaluado por separado la asociaci\u00f3n entre el desarrollo del cerebro y diferentes fuentes de RF-EMF, sin encontrar asociaciones claras. El nuevo estudio, publicado en Environment International, tuvo como objetivo investigar las alteraciones del volumen cerebral utilizando un enfoque integrador que consider\u00f3 m\u00faltiples fuentes de RF-EMF. Este enfoque permiti\u00f3 una evaluaci\u00f3n m\u00e1s completa del posible impacto de la exposici\u00f3n a RF-EMF en el cerebro adolescente.<\/p>\n<p>El estudio utiliz\u00f3 datos de m\u00e1s de 2500 ni\u00f1os de 9 a 12 a\u00f1os de edad del Estudio Generaci\u00f3n R, un cohorte con sede en Rotterdam, Pa\u00edses Bajos. Los padres completaron un cuestionario sobre el uso de dispositivos m\u00f3viles por parte de sus hijos. Las dosis de RF-EMF al cerebro de diferentes fuentes se estimaron y agruparon de acuerdo con tres patrones de exposici\u00f3n: llamadas telef\u00f3nicas, actividades de pantalla y otros factores ambientales, como antenas de tel\u00e9fonos m\u00f3viles. Se usaron im\u00e1genes por resonancia magn\u00e9tica (IRM) para determinar el volumen de varias partes del cerebro.<\/p>\n<p>Los autores no encontraron asociaci\u00f3n entre las alteraciones en el volumen cerebral total o espec\u00edfico del l\u00f3bulo y la dosis general de RF-EMF. Tampoco se asoci\u00f3 el volumen cerebral con el uso de dispositivos m\u00f3viles para llamadas telef\u00f3nicas, que son los principales contribuyentes de la exposici\u00f3n del cerebro a los campos electromagn\u00e9ticos de radiofrecuencia. Sin embargo, se encontr\u00f3 un v\u00ednculo entre el menor volumen del n\u00facleo caudado, una estructura cerebral involucrada en la memoria y la coordinaci\u00f3n de movimientos, y la dosis de RF-EMF del uso de dispositivos con pantallas (tel\u00e9fonos m\u00f3viles, tabletas y computadoras port\u00e1tiles) con conexi\u00f3n inal\u00e1mbrica a Internet.<\/p>\n<p>\u00abEl objetivo principal del estudio era determinar si hab\u00eda alguna asociaci\u00f3n entre la exposici\u00f3n a RF-EMF y los vol\u00famenes cerebrales\u00bb, coment\u00f3 la investigadora de ISGlobal Alba Cabr, autora principal del estudio. \u00abNuestros hallazgos muestran que este no es el caso. La posible asociaci\u00f3n entre la dosis de RF-EMF recibida a trav\u00e9s del uso de estos dispositivos para actividades de pantalla y el volumen del n\u00facleo caudado es un hallazgo secundario para el cual actualmente no tenemos explicaci\u00f3n. Cuando navegas por Internet en un tel\u00e9fono m\u00f3vil, tableta o computadora port\u00e1til usando una conexi\u00f3n inal\u00e1mbrica, la exposici\u00f3n del cerebro a RF-EMF es mucho menor que cuando haces llamadas telef\u00f3nicas, por ejemplo, debido a la distancia entre el dispositivo y tu cabeza. En cualquier caso, este resultado debe interpretarse con mucha cautela, ya que no se puede descartar la influencia de otros factores y la posibilidad de un hallazgo casual.\u00bb<\/p>\n<p>\u00bfFactores relacionados con la exposici\u00f3n o el uso de RF-EMF?<\/p>\n<p>Una posible explicaci\u00f3n de los hallazgos, adem\u00e1s de la exposici\u00f3n del cerebro a RF-EMF, es la influencia de factores sociales o individuales relacionados con ciertos usos de dispositivos m\u00f3viles. La investigadora de ISGlobal Mnica Guxens, coordinadora del estudio, comenta: \u00abNo podemos descartar la posibilidad de que las alteraciones cerebrales puedan estar relacionadas de alguna manera con la forma en que los ni\u00f1os utilizan los dispositivos m\u00f3viles\u00bb. A\u00f1adi\u00f3: \u00abSe necesita m\u00e1s investigaci\u00f3n sobre los dispositivos de comunicaci\u00f3n m\u00f3vil y sus posibles asociaciones con el desarrollo del cerebro, independientemente de si la relaci\u00f3n se debe a la exposici\u00f3n a RF-EMF u otros factores relacionados con el uso de estos dispositivos\u00bb.<\/p>\n<p>La dosis global promedio de RF-EMF en todo el cerebro se estim\u00f3 en 84,3 mJ\/kg\/d\u00eda. La dosis global m\u00e1s alta espec\u00edfica del l\u00f3bulo se estim\u00f3 en el l\u00f3bulo temporal (307,1 mJ\/kg\/d\u00eda). Ambas dosis est\u00e1n muy por debajo de los valores m\u00e1ximos recomendados por la Comisi\u00f3n Internacional de Protecci\u00f3n contra las Radiaciones No Ionizantes (ICNIRP). <\/p>\n<p>Explorar m\u00e1s<\/p>\n<p> La exposici\u00f3n de los ni\u00f1os europeos a los campos electromagn\u00e9ticos est\u00e1 por debajo de los niveles m\u00e1ximos <strong>M\u00e1s informaci\u00f3n:<\/strong> Alba Cabr-Riera et al, Dosis estimadas de campos electromagn\u00e9ticos de radiofrecuencia en todo el cerebro y l\u00f3bulos espec\u00edficos y vol\u00famenes cerebrales en preadolescentes, Environment International (2020). DOI: 10.1016\/j.envint.2020.105808 <strong>Informaci\u00f3n de la revista:<\/strong> Environment International <\/p>\n<p> Proporcionado por Barcelona Institute for Global Health <strong>Cita<\/strong>: No se encontr\u00f3 asociaci\u00f3n entre la exposici\u00f3n a dispositivos m\u00f3viles y alteraciones del volumen cerebral en adolescentes (2020, 9 de julio) recuperado el 31 de agosto de 2022 de https:\/\/medicalxpress.com\/news\/2020-07-association-exposure-mobile-devices-brain.html Este documento est\u00e1 sujeto a derechos de autor. Aparte de cualquier trato justo con fines de estudio o investigaci\u00f3n privados, ninguna parte puede reproducirse sin el permiso por escrito. El contenido se proporciona \u00fanicamente con fines informativos.<\/p>\n","protected":false},"excerpt":{"rendered":"<p>Cr\u00e9dito: Pixabay\/CC0 Dominio p\u00fablico \u00bfC\u00f3mo afecta el uso de dispositivos m\u00f3viles al cerebro de los ni\u00f1os? Un equipo del Instituto de Salud Global de Barcelona (ISGlobal), centro impulsado por la Obra Social \u201dla Caixa\u201d, ha realizado el primer estudio epidemiol\u00f3gico para explorar la relaci\u00f3n entre el volumen cerebral en preadolescentes, m\u00e1s de 2.500 ni\u00f1os holandeses, &hellip; <a href=\"https:\/\/www.biblia.work\/articulos-salud\/no-se-encontro-asociacion-entre-la-exposicion-a-dispositivos-moviles-y-las-alteraciones-del-volumen-cerebral-en-adolescentes\/\" class=\"more-link\">Continuar leyendo<span class=\"screen-reader-text\"> \u00abNo se encontr\u00f3 asociaci\u00f3n entre la exposici\u00f3n a dispositivos m\u00f3viles y las alteraciones del volumen cerebral en adolescentes\u00bb<\/span><\/a><\/p>\n","protected":false},"author":1,"featured_media":0,"comment_status":"","ping_status":"","sticky":false,"template":"","format":"standard","meta":{"footnotes":""},"categories":[1],"tags":[],"class_list":["post-32498","post","type-post","status-publish","format-standard","hentry","category-general"],"_links":{"self":[{"href":"https:\/\/www.biblia.work\/articulos-salud\/wp-json\/wp\/v2\/posts\/32498","targetHints":{"allow":["GET"]}}],"collection":[{"href":"https:\/\/www.biblia.work\/articulos-salud\/wp-json\/wp\/v2\/posts"}],"about":[{"href":"https:\/\/www.biblia.work\/articulos-salud\/wp-json\/wp\/v2\/types\/post"}],"author":[{"embeddable":true,"href":"https:\/\/www.biblia.work\/articulos-salud\/wp-json\/wp\/v2\/users\/1"}],"replies":[{"embeddable":true,"href":"https:\/\/www.biblia.work\/articulos-salud\/wp-json\/wp\/v2\/comments?post=32498"}],"version-history":[{"count":0,"href":"https:\/\/www.biblia.work\/articulos-salud\/wp-json\/wp\/v2\/posts\/32498\/revisions"}],"wp:attachment":[{"href":"https:\/\/www.biblia.work\/articulos-salud\/wp-json\/wp\/v2\/media?parent=32498"}],"wp:term":[{"taxonomy":"category","embeddable":true,"href":"https:\/\/www.biblia.work\/articulos-salud\/wp-json\/wp\/v2\/categories?post=32498"},{"taxonomy":"post_tag","embeddable":true,"href":"https:\/\/www.biblia.work\/articulos-salud\/wp-json\/wp\/v2\/tags?post=32498"}],"curies":[{"name":"wp","href":"https:\/\/api.w.org\/{rel}","templated":true}]}}