{"id":32515,"date":"2022-08-31T20:00:10","date_gmt":"2022-09-01T01:00:10","guid":{"rendered":"https:\/\/www.biblia.work\/articulos-salud\/dinamarca-recomienda-usar-mascarillas-para-frenar-el-virus\/"},"modified":"2022-08-31T20:00:10","modified_gmt":"2022-09-01T01:00:10","slug":"dinamarca-recomienda-usar-mascarillas-para-frenar-el-virus","status":"publish","type":"post","link":"https:\/\/www.biblia.work\/articulos-salud\/dinamarca-recomienda-usar-mascarillas-para-frenar-el-virus\/","title":{"rendered":"Dinamarca recomienda usar mascarillas para frenar el virus"},"content":{"rendered":"<p>Cr\u00e9dito: Pixabay\/CC0 Dominio p\u00fablico <\/p>\n<p>Dinamarca anunci\u00f3 el jueves que ahora recomienda que las personas usen mascarillas en ciertas circunstancias debido a la pandemia del nuevo coronavirus. <\/p>\n<p>Las autoridades sanitarias hab\u00edan considerado previamente innecesario el uso de mascarillas en los espacios p\u00fablicos, pero cambiaron su recomendaci\u00f3n siguiendo el consejo de la Organizaci\u00f3n Mundial de la Salud (OMS) a finales de junio.<\/p>\n<p>\u00abLas mascarillas se pueden usar para proteger a los dem\u00e1s en ciertas situaciones, cuando otras herramientas para prevenir la propagaci\u00f3n no son suficientes\u00bb, dijo en un comunicado la subdirectora de la Autoridad de Salud de Dinamarca, Helene Probst.<\/p>\n<p>Las situaciones en las que ahora se recomienda el uso de mascarillas incluyen visitas al hospital para pruebas de virus, transporte de una zona de riesgo a un aeropuerto y cuando se atiende a familiares con COVID-19.<\/p>\n<p>\u00abNuestra recomendaci\u00f3n m\u00e1s importante es que si est\u00e1 infectado o podr\u00eda estarlo con COVID-19 debes aislarte\u201d, agreg\u00f3 Probst.<\/p>\n<p>Sin embargo, la autoridad sanitaria sostiene que las medidas m\u00e1s efectivas para frenar la propagaci\u00f3n siguen siendo el aislamiento de los infectados, el distanciamiento social y las rutinas de higiene escrupulosas.<\/p>\n<p>Dinamarca, que fue uno de los primeros pa\u00edses s en Europa en imponer el semiconfinamiento y tambi\u00e9n el primero en reabrir sus escuelas, ha recibido elogios por su gesti\u00f3n de la crisis. <\/p>\n<p>Ha comenzado a reabrir sus fronteras con cautela desde mediados de junio y decidi\u00f3 el jueves permitir los viajes hacia y desde el sur de la vecina Suecia, pero no todo el pa\u00eds.<\/p>\n<p>Suecia, que ha llamado la atenci\u00f3n del mundo con su enfoque m\u00e1s suave para frenar la propagaci\u00f3n, tiene un n\u00famero mucho mayor de casos registrados del nuevo virus y muertes asociadas que todos sus vecinos n\u00f3rdicos. <\/p>\n<p>Explore m\u00e1s<\/p>\n<p> Siga las \u00faltimas noticias sobre el brote de coronavirus (COVID-19) <\/p>\n<p> 2020 AFP <\/p>\n<p> <strong>Cita<\/strong>: Dinamarca recomienda usar m\u00e1scaras faciales para frenar el virus (2020 , 9 de julio) recuperado el 31 de agosto de 2022 de https:\/\/medicalxpress.com\/news\/2020-07-denmark-masks-curb-virus.html Este documento est\u00e1 sujeto a derechos de autor. Aparte de cualquier trato justo con fines de estudio o investigaci\u00f3n privados, ninguna parte puede reproducirse sin el permiso por escrito. El contenido se proporciona \u00fanicamente con fines informativos.<\/p>\n","protected":false},"excerpt":{"rendered":"<p>Cr\u00e9dito: Pixabay\/CC0 Dominio p\u00fablico Dinamarca anunci\u00f3 el jueves que ahora recomienda que las personas usen mascarillas en ciertas circunstancias debido a la pandemia del nuevo coronavirus. Las autoridades sanitarias hab\u00edan considerado previamente innecesario el uso de mascarillas en los espacios p\u00fablicos, pero cambiaron su recomendaci\u00f3n siguiendo el consejo de la Organizaci\u00f3n Mundial de la Salud &hellip; <a href=\"https:\/\/www.biblia.work\/articulos-salud\/dinamarca-recomienda-usar-mascarillas-para-frenar-el-virus\/\" class=\"more-link\">Continuar leyendo<span class=\"screen-reader-text\"> \u00abDinamarca recomienda usar mascarillas para frenar el virus\u00bb<\/span><\/a><\/p>\n","protected":false},"author":1,"featured_media":0,"comment_status":"","ping_status":"","sticky":false,"template":"","format":"standard","meta":{"footnotes":""},"categories":[1],"tags":[],"class_list":["post-32515","post","type-post","status-publish","format-standard","hentry","category-general"],"_links":{"self":[{"href":"https:\/\/www.biblia.work\/articulos-salud\/wp-json\/wp\/v2\/posts\/32515","targetHints":{"allow":["GET"]}}],"collection":[{"href":"https:\/\/www.biblia.work\/articulos-salud\/wp-json\/wp\/v2\/posts"}],"about":[{"href":"https:\/\/www.biblia.work\/articulos-salud\/wp-json\/wp\/v2\/types\/post"}],"author":[{"embeddable":true,"href":"https:\/\/www.biblia.work\/articulos-salud\/wp-json\/wp\/v2\/users\/1"}],"replies":[{"embeddable":true,"href":"https:\/\/www.biblia.work\/articulos-salud\/wp-json\/wp\/v2\/comments?post=32515"}],"version-history":[{"count":0,"href":"https:\/\/www.biblia.work\/articulos-salud\/wp-json\/wp\/v2\/posts\/32515\/revisions"}],"wp:attachment":[{"href":"https:\/\/www.biblia.work\/articulos-salud\/wp-json\/wp\/v2\/media?parent=32515"}],"wp:term":[{"taxonomy":"category","embeddable":true,"href":"https:\/\/www.biblia.work\/articulos-salud\/wp-json\/wp\/v2\/categories?post=32515"},{"taxonomy":"post_tag","embeddable":true,"href":"https:\/\/www.biblia.work\/articulos-salud\/wp-json\/wp\/v2\/tags?post=32515"}],"curies":[{"name":"wp","href":"https:\/\/api.w.org\/{rel}","templated":true}]}}