{"id":32522,"date":"2022-08-31T20:00:26","date_gmt":"2022-09-01T01:00:26","guid":{"rendered":"https:\/\/www.biblia.work\/articulos-salud\/espectro-de-trastornos-neurologicos-vinculados-al-sars-cov-2\/"},"modified":"2022-08-31T20:00:26","modified_gmt":"2022-09-01T01:00:26","slug":"espectro-de-trastornos-neurologicos-vinculados-al-sars-cov-2","status":"publish","type":"post","link":"https:\/\/www.biblia.work\/articulos-salud\/espectro-de-trastornos-neurologicos-vinculados-al-sars-cov-2\/","title":{"rendered":"Espectro de trastornos neurol\u00f3gicos vinculados al SARS-CoV-2"},"content":{"rendered":"<p>(HealthDay)La infecci\u00f3n por coronavirus 2 del s\u00edndrome respiratorio agudo severo (SARS-CoV-2) se asocia con un espectro de trastornos neurol\u00f3gicos, seg\u00fan un estudio publicado en l\u00ednea en julio 8 en el cerebro. <\/p>\n<p>Ross W. Paterson, Ph.D., del University College London Queen Square Institute of Neurology, y sus colegas recopilaron datos cl\u00ednicos y paracl\u00ednicos detallados de casos con COVID-19. Se incluyeron datos de 43 pacientes: 29 dieron positivo en la reacci\u00f3n en cadena de la polimerasa del SARS-CoV-2, ocho fueron probables y seis posibles, seg\u00fan los criterios de la Organizaci\u00f3n Mundial de la Salud.<\/p>\n<p>Los investigadores identificaron cinco categor\u00edas neurol\u00f3gicas principales: encefalopat\u00edas , s\u00edndromes inflamatorios del sistema nervioso central (SNC), accidentes cerebrovasculares isqu\u00e9micos, trastornos neurol\u00f3gicos perif\u00e9ricos y trastornos diversos que no encajaban en estas categor\u00edas (10, 12, ocho, ocho y cinco pacientes, respectivamente). Los pacientes con encefalopat\u00edas ten\u00edan delirio\/psicosis y no presentaban anomal\u00edas distintas en la resonancia magn\u00e9tica o en el l\u00edquido cefalorraqu\u00eddeo; nueve de 10 se recuperaron total o parcialmente solo con atenci\u00f3n de apoyo. Los s\u00edndromes inflamatorios del SNC incluyeron encefalitis, encefalomielitis diseminada aguda y mielitis aislada; 10 pacientes fueron tratados con corticoides y tres recibieron inmunoglobulina intravenosa. Un paciente se recuper\u00f3 por completo, 10 se recuperaron parcialmente y uno muri\u00f3. Uno de los ocho pacientes con accidentes cerebrovasculares isqu\u00e9micos muri\u00f3. Siete de los ocho pacientes con trastornos neurol\u00f3gicos perif\u00e9ricos ten\u00edan s\u00edndrome de Guillain-Barr y uno ten\u00eda plexopat\u00eda braquial; seis se recuperaron de forma parcial y continua.<\/p>\n<p>\u00abLos m\u00e9dicos deben ser conscientes de los posibles efectos neurol\u00f3gicos, ya que el diagn\u00f3stico temprano puede mejorar los resultados de los pacientes\u00bb, dijo Paterson en un comunicado.<\/p>\n<p>Varios autores revel\u00f3 v\u00ednculos financieros con la industria farmac\u00e9utica. <\/p>\n<p>Explore m\u00e1s<\/p>\n<p> Siga las \u00faltimas noticias sobre el brote de coronavirus (COVID-19) <strong>M\u00e1s informaci\u00f3n:<\/strong> Resumen\/Texto completo (es posible que se requiera suscripci\u00f3n o pago) <strong>Informaci\u00f3n de la revista: <\/strong> Cerebro <\/p>\n<p> Derechos de autor 2020 HealthDay. Reservados todos los derechos. <\/p>\n<p> <strong>Cita<\/strong>: Espectro de trastornos neurol\u00f3gicos relacionados con el SARS-CoV-2 (9 de julio de 2020) consultado el 31 de agosto de 2022 de https:\/\/medicalxpress.com\/news\/2020-07-spectrum -neurological-disorders-linked-sars-cov-.html Este documento est\u00e1 sujeto a derechos de autor. Aparte de cualquier trato justo con fines de estudio o investigaci\u00f3n privados, ninguna parte puede reproducirse sin el permiso por escrito. El contenido se proporciona \u00fanicamente con fines informativos.<\/p>\n","protected":false},"excerpt":{"rendered":"<p>(HealthDay)La infecci\u00f3n por coronavirus 2 del s\u00edndrome respiratorio agudo severo (SARS-CoV-2) se asocia con un espectro de trastornos neurol\u00f3gicos, seg\u00fan un estudio publicado en l\u00ednea en julio 8 en el cerebro. Ross W. Paterson, Ph.D., del University College London Queen Square Institute of Neurology, y sus colegas recopilaron datos cl\u00ednicos y paracl\u00ednicos detallados de casos &hellip; <a href=\"https:\/\/www.biblia.work\/articulos-salud\/espectro-de-trastornos-neurologicos-vinculados-al-sars-cov-2\/\" class=\"more-link\">Continuar leyendo<span class=\"screen-reader-text\"> \u00abEspectro de trastornos neurol\u00f3gicos vinculados al SARS-CoV-2\u00bb<\/span><\/a><\/p>\n","protected":false},"author":1,"featured_media":0,"comment_status":"","ping_status":"","sticky":false,"template":"","format":"standard","meta":{"footnotes":""},"categories":[1],"tags":[],"class_list":["post-32522","post","type-post","status-publish","format-standard","hentry","category-general"],"_links":{"self":[{"href":"https:\/\/www.biblia.work\/articulos-salud\/wp-json\/wp\/v2\/posts\/32522","targetHints":{"allow":["GET"]}}],"collection":[{"href":"https:\/\/www.biblia.work\/articulos-salud\/wp-json\/wp\/v2\/posts"}],"about":[{"href":"https:\/\/www.biblia.work\/articulos-salud\/wp-json\/wp\/v2\/types\/post"}],"author":[{"embeddable":true,"href":"https:\/\/www.biblia.work\/articulos-salud\/wp-json\/wp\/v2\/users\/1"}],"replies":[{"embeddable":true,"href":"https:\/\/www.biblia.work\/articulos-salud\/wp-json\/wp\/v2\/comments?post=32522"}],"version-history":[{"count":0,"href":"https:\/\/www.biblia.work\/articulos-salud\/wp-json\/wp\/v2\/posts\/32522\/revisions"}],"wp:attachment":[{"href":"https:\/\/www.biblia.work\/articulos-salud\/wp-json\/wp\/v2\/media?parent=32522"}],"wp:term":[{"taxonomy":"category","embeddable":true,"href":"https:\/\/www.biblia.work\/articulos-salud\/wp-json\/wp\/v2\/categories?post=32522"},{"taxonomy":"post_tag","embeddable":true,"href":"https:\/\/www.biblia.work\/articulos-salud\/wp-json\/wp\/v2\/tags?post=32522"}],"curies":[{"name":"wp","href":"https:\/\/api.w.org\/{rel}","templated":true}]}}