{"id":32556,"date":"2022-08-31T20:01:40","date_gmt":"2022-09-01T01:01:40","guid":{"rendered":"https:\/\/www.biblia.work\/articulos-salud\/vinculos-entre-el-asma-y-las-alergias-de-padres-e-hijos\/"},"modified":"2022-08-31T20:01:40","modified_gmt":"2022-09-01T01:01:40","slug":"vinculos-entre-el-asma-y-las-alergias-de-padres-e-hijos","status":"publish","type":"post","link":"https:\/\/www.biblia.work\/articulos-salud\/vinculos-entre-el-asma-y-las-alergias-de-padres-e-hijos\/","title":{"rendered":"V\u00ednculos entre el asma y las alergias de padres e hijos"},"content":{"rendered":"<p>Una nueva investigaci\u00f3n encontr\u00f3 que, en comparaci\u00f3n con los rasgos de un padre relacionados con las alergias y el asma, los rasgos de una madre crean un mayor riesgo de que un ni\u00f1o desarrolle estos mismos rasgos en la primera infancia. Cr\u00e9dito: Hans Bisgaard <\/p>\n<p>Una nueva investigaci\u00f3n encontr\u00f3 que, en comparaci\u00f3n con los rasgos de un padre relacionados con las alergias y el asma, los rasgos de una madre crean un mayor riesgo de que un ni\u00f1o desarrolle estos mismos rasgos en la primera infancia. Sin embargo, cuando los ni\u00f1os ten\u00edan 6 a\u00f1os, ambos padres presentaban el mismo riesgo. Esto sugiere que los factores no gen\u00e9ticos relacionados con las madres, como los factores presentes en el \u00fatero durante el embarazo, pueden conferir un riesgo adicional de alergias y asma a los ni\u00f1os. <\/p>\n<p>El estudio Clinical &amp; Experimental Allergy incluy\u00f3 685 tr\u00edos de padres e hijos.<\/p>\n<p>\u00abEste estudio se suma a la creciente evidencia que relaciona el per\u00edodo de embarazo con enfermedades en la primera infancia. Encontramos este descubrimiento muy interesante, ya que elude cualquier factor gen\u00e9tico conocido o desconocido que podr\u00eda aumentar la heredabilidad del asma y las alergias\u00bb, dijo el autor principal Hans Bisgaard, MD, DMSc, de la Universidad de Copenhague, en Dinamarca. <\/p>\n<p>Explore m\u00e1s<\/p>\n<p> Lactancia materna y riesgos de alergias y asma <strong>M\u00e1s informaci\u00f3n:<\/strong> AnnMarie Malby Schoos et al, Efectos espec\u00edficos de los padres sobre el riesgo de desarrollar sensibilizaci\u00f3n al\u00e9rgica y asma en la ni\u00f1ez, Alergia cl\u00ednica y experimental ( 2020). DOI: 10.1111\/cea.13670 <strong>Informaci\u00f3n de la revista:<\/strong> Clinical &amp; Experimental Allergy <\/p>\n<p> Proporcionado por Wiley <strong>Cita<\/strong>: V\u00ednculos entre el asma y las alergias de padres e hijos (julio de 2020 8) recuperado el 31 de agosto de 2022 de https:\/\/medicalxpress.com\/news\/2020-07-links-parents-children-asthma-allergies.html Este documento est\u00e1 sujeto a derechos de autor. Aparte de cualquier trato justo con fines de estudio o investigaci\u00f3n privados, ninguna parte puede reproducirse sin el permiso por escrito. El contenido se proporciona \u00fanicamente con fines informativos.<\/p>\n","protected":false},"excerpt":{"rendered":"<p>Una nueva investigaci\u00f3n encontr\u00f3 que, en comparaci\u00f3n con los rasgos de un padre relacionados con las alergias y el asma, los rasgos de una madre crean un mayor riesgo de que un ni\u00f1o desarrolle estos mismos rasgos en la primera infancia. Cr\u00e9dito: Hans Bisgaard Una nueva investigaci\u00f3n encontr\u00f3 que, en comparaci\u00f3n con los rasgos de &hellip; <a href=\"https:\/\/www.biblia.work\/articulos-salud\/vinculos-entre-el-asma-y-las-alergias-de-padres-e-hijos\/\" class=\"more-link\">Continuar leyendo<span class=\"screen-reader-text\"> \u00abV\u00ednculos entre el asma y las alergias de padres e hijos\u00bb<\/span><\/a><\/p>\n","protected":false},"author":1,"featured_media":0,"comment_status":"","ping_status":"","sticky":false,"template":"","format":"standard","meta":{"footnotes":""},"categories":[1],"tags":[],"class_list":["post-32556","post","type-post","status-publish","format-standard","hentry","category-general"],"_links":{"self":[{"href":"https:\/\/www.biblia.work\/articulos-salud\/wp-json\/wp\/v2\/posts\/32556","targetHints":{"allow":["GET"]}}],"collection":[{"href":"https:\/\/www.biblia.work\/articulos-salud\/wp-json\/wp\/v2\/posts"}],"about":[{"href":"https:\/\/www.biblia.work\/articulos-salud\/wp-json\/wp\/v2\/types\/post"}],"author":[{"embeddable":true,"href":"https:\/\/www.biblia.work\/articulos-salud\/wp-json\/wp\/v2\/users\/1"}],"replies":[{"embeddable":true,"href":"https:\/\/www.biblia.work\/articulos-salud\/wp-json\/wp\/v2\/comments?post=32556"}],"version-history":[{"count":0,"href":"https:\/\/www.biblia.work\/articulos-salud\/wp-json\/wp\/v2\/posts\/32556\/revisions"}],"wp:attachment":[{"href":"https:\/\/www.biblia.work\/articulos-salud\/wp-json\/wp\/v2\/media?parent=32556"}],"wp:term":[{"taxonomy":"category","embeddable":true,"href":"https:\/\/www.biblia.work\/articulos-salud\/wp-json\/wp\/v2\/categories?post=32556"},{"taxonomy":"post_tag","embeddable":true,"href":"https:\/\/www.biblia.work\/articulos-salud\/wp-json\/wp\/v2\/tags?post=32556"}],"curies":[{"name":"wp","href":"https:\/\/api.w.org\/{rel}","templated":true}]}}