{"id":32573,"date":"2022-08-31T20:02:21","date_gmt":"2022-09-01T01:02:21","guid":{"rendered":"https:\/\/www.biblia.work\/articulos-salud\/francia-descarta-bloqueo-total-en-caso-de-aumento-de-coronavirus\/"},"modified":"2022-08-31T20:02:21","modified_gmt":"2022-09-01T01:02:21","slug":"francia-descarta-bloqueo-total-en-caso-de-aumento-de-coronavirus","status":"publish","type":"post","link":"https:\/\/www.biblia.work\/articulos-salud\/francia-descarta-bloqueo-total-en-caso-de-aumento-de-coronavirus\/","title":{"rendered":"Francia descarta &#8216;bloqueo total&#8217; en caso de aumento de coronavirus"},"content":{"rendered":"<p>Cr\u00e9dito: CC0 Public Domain <\/p>\n<p>El gobierno franc\u00e9s dijo el mi\u00e9rcoles que se prepara para un posible aumento de casos de coronavirus en los pr\u00f3ximos meses, pero descart\u00f3 otro bloqueo a nivel nacional. <\/p>\n<p>\u00abMi objetivo es preparar a Francia para una posible segunda ola mientras preservamos nuestra vida cotidiana, nuestra vida econ\u00f3mica y social\u00bb, dijo el nuevo primer ministro Jean Castex en una entrevista en la televisi\u00f3n RTL.<\/p>\n<p>\u00abPero no vamos a imponer un confinamiento como el que hicimos en marzo pasado, porque hemos aprendido&#8230; que las consecuencias econ\u00f3micas y humanas de un confinamiento total son desastrosas\u00bb, dijo.<\/p>\n<p>En cambio los cierres de negocios o las \u00f3rdenes de quedarse en casa estar\u00edan \u00abdirigidos\u00bb a \u00e1reas espec\u00edficas, agreg\u00f3 Castex.<\/p>\n<p>\u00abEl coronavirus todav\u00eda est\u00e1 aqu\u00ed\u00bb, advirti\u00f3, y agreg\u00f3 que viajar\u00eda el domingo al territorio sudamericano de Francia. de la Guayana Francesa, que se est\u00e1 recuperando de un aumento en los casos de COVID-19.<\/p>\n<p>Las autoridades informaron 124 nuevos casos en el territorio el martes, lo que eleva el total a casi 5200, y el gobierno envi\u00f3 a decenas de trabajadores de la salud del continente, as\u00ed como un hospital de campa\u00f1a.<\/p>\n<p>Tambi\u00e9n dijeron que 32 personas hab\u00edan muerto de COVID-19 en el \u00faltimo per\u00edodo de 24 horas, trayendo th El n\u00famero nacional a 29,965 desde que se informaron los primeros casos en enero.<\/p>\n<p>El jefe de la agencia nacional de salud de Francia, Jerome Salomon, dijo que las autoridades anticiparon una segunda ola de casos \u00abeste oto\u00f1o o este invierno\u00bb, dependiendo de un impacto estacional que sigue siendo incierto.<\/p>\n<p>\u201cLo que tenemos que entender es que el resurgimiento de la epidemia depender\u00e1 b\u00e1sicamente de nuestro comportamiento\u201d, dijo en una entrevista con el diario Figaro.<\/p>\n<p> Incluso cuando millones de personas se preparan para relajarse durante el verano, Salomon inst\u00f3 a continuar con el distanciamiento social y el uso de m\u00e1scaras faciales, \u00abespecialmente en lugares concurridos y en interiores\u00bb.<\/p>\n<p>Las autoridades de Par\u00eds dijeron que la capital organizar\u00eda sus tradicionales fuegos artificiales. espect\u00e1culo desde la Torre Eiffel el 14 de julio, la fiesta nacional, pero que el evento estar\u00eda cerrado al p\u00fablico.<\/p>\n<p>&#8216;Proteger a las personas&#8217;<\/p>\n<p>Castex fue nombrado por el presidente Emmanuel Macron el pasado semana para liderar un nuevo gobierno encargado de orquestar la recuperaci\u00f3n del pa\u00eds de su peor salud y e crisis econ\u00f3mica desde la Segunda Guerra Mundial.<\/p>\n<p>Se han prometido miles de millones de euros para inversiones, as\u00ed como medidas para limitar la p\u00e9rdida de puestos de trabajo en una econom\u00eda que se espera que se contraiga alrededor del 10 por ciento este a\u00f1o. <\/p>\n<p>\u201cVamos a proteger a las personas, pero sobre todo vamos a invertir en la transformaci\u00f3n ecol\u00f3gica, en la recuperaci\u00f3n de nuestro pa\u00eds\u201d, dijo Castex.<\/p>\n<p>Afirm\u00f3 haber incrementado un propusieron aumentos salariales y aumentos presupuestarios para el personal hospitalario en alrededor de mil millones de euros en conversaciones con los sindicatos esta semana, lo que elev\u00f3 la dotaci\u00f3n total a 7500 millones de euros (8500 millones de d\u00f3lares).<\/p>\n<p>Pero los l\u00edderes sindicales dicen que eso aumentar\u00eda el salario mensual para enfermeras, t\u00e9cnicos y otros en la primera l\u00ednea de la lucha contra el coronavirus por solo 180 euros al mes, muy por debajo de sus demandas de un aumento de 300 euros. <\/p>\n<p>Explore m\u00e1s<\/p>\n<p> Siga las \u00faltimas noticias sobre el brote de coronavirus (COVID-19) <\/p>\n<p> 2020 AFP <\/p>\n<p> <strong>Cita<\/strong>: Francia descarta &#8216;bloqueo total&#8217; en caso de aumento de coronavirus (2020, 8 de julio) recuperado el 31 de agosto de 2022 de https:\/\/medicalxpress.com\/news\/2020-07-france-total-lockdown-case-covid-.html Este documento est\u00e1 sujeto a derechos de autor. Aparte de cualquier trato justo con fines de estudio o investigaci\u00f3n privados, ninguna parte puede reproducirse sin el permiso por escrito. El contenido se proporciona \u00fanicamente con fines informativos.<\/p>\n","protected":false},"excerpt":{"rendered":"<p>Cr\u00e9dito: CC0 Public Domain El gobierno franc\u00e9s dijo el mi\u00e9rcoles que se prepara para un posible aumento de casos de coronavirus en los pr\u00f3ximos meses, pero descart\u00f3 otro bloqueo a nivel nacional. \u00abMi objetivo es preparar a Francia para una posible segunda ola mientras preservamos nuestra vida cotidiana, nuestra vida econ\u00f3mica y social\u00bb, dijo el &hellip; <a href=\"https:\/\/www.biblia.work\/articulos-salud\/francia-descarta-bloqueo-total-en-caso-de-aumento-de-coronavirus\/\" class=\"more-link\">Continuar leyendo<span class=\"screen-reader-text\"> \u00abFrancia descarta &#8216;bloqueo total&#8217; en caso de aumento de coronavirus\u00bb<\/span><\/a><\/p>\n","protected":false},"author":1,"featured_media":0,"comment_status":"","ping_status":"","sticky":false,"template":"","format":"standard","meta":{"footnotes":""},"categories":[1],"tags":[],"class_list":["post-32573","post","type-post","status-publish","format-standard","hentry","category-general"],"_links":{"self":[{"href":"https:\/\/www.biblia.work\/articulos-salud\/wp-json\/wp\/v2\/posts\/32573","targetHints":{"allow":["GET"]}}],"collection":[{"href":"https:\/\/www.biblia.work\/articulos-salud\/wp-json\/wp\/v2\/posts"}],"about":[{"href":"https:\/\/www.biblia.work\/articulos-salud\/wp-json\/wp\/v2\/types\/post"}],"author":[{"embeddable":true,"href":"https:\/\/www.biblia.work\/articulos-salud\/wp-json\/wp\/v2\/users\/1"}],"replies":[{"embeddable":true,"href":"https:\/\/www.biblia.work\/articulos-salud\/wp-json\/wp\/v2\/comments?post=32573"}],"version-history":[{"count":0,"href":"https:\/\/www.biblia.work\/articulos-salud\/wp-json\/wp\/v2\/posts\/32573\/revisions"}],"wp:attachment":[{"href":"https:\/\/www.biblia.work\/articulos-salud\/wp-json\/wp\/v2\/media?parent=32573"}],"wp:term":[{"taxonomy":"category","embeddable":true,"href":"https:\/\/www.biblia.work\/articulos-salud\/wp-json\/wp\/v2\/categories?post=32573"},{"taxonomy":"post_tag","embeddable":true,"href":"https:\/\/www.biblia.work\/articulos-salud\/wp-json\/wp\/v2\/tags?post=32573"}],"curies":[{"name":"wp","href":"https:\/\/api.w.org\/{rel}","templated":true}]}}