{"id":32588,"date":"2022-08-31T20:02:53","date_gmt":"2022-09-01T01:02:53","guid":{"rendered":"https:\/\/www.biblia.work\/articulos-salud\/la-mayoria-de-los-chino-canadienses-dicen-que-han-sufrido-discriminacion-debido-a-la-covid-19-segun-un-estudio\/"},"modified":"2022-08-31T20:02:53","modified_gmt":"2022-09-01T01:02:53","slug":"la-mayoria-de-los-chino-canadienses-dicen-que-han-sufrido-discriminacion-debido-a-la-covid-19-segun-un-estudio","status":"publish","type":"post","link":"https:\/\/www.biblia.work\/articulos-salud\/la-mayoria-de-los-chino-canadienses-dicen-que-han-sufrido-discriminacion-debido-a-la-covid-19-segun-un-estudio\/","title":{"rendered":"La mayor\u00eda de los chino-canadienses dicen que han sufrido discriminaci\u00f3n debido a la COVID-19, seg\u00fan un estudio"},"content":{"rendered":"<p>Cr\u00e9dito: Unsplash\/CC0 Dominio p\u00fablico <\/p>\n<p>La mayor\u00eda de los chino-canadienses dicen que han sido v\u00edctimas de discriminaci\u00f3n como resultado de la Pandemia de COVID-19, seg\u00fan una nueva investigaci\u00f3n de la Universidad de Alberta y el Instituto Angus Reid. <\/p>\n<p>En la primera encuesta de este tipo desde que se declar\u00f3 la pandemia, se pregunt\u00f3 a m\u00e1s de 500 canadienses de etnia china sobre sus experiencias con comportamientos discriminatorios.<\/p>\n<p>Dos tercios, o el 64 %, informaron al menos cierto nivel de falta de respeto durante el COVID-19, y la mitad dijo que los hab\u00edan insultado o insultado. El cuarenta y tres por ciento dijo haber sido intimidado o amenazado directamente.<\/p>\n<p>El sesenta y uno por ciento dijo que tuvo que ajustar sus rutinas hasta cierto punto para evitar encuentros desagradables, y poco m\u00e1s de la mitad est\u00e1 preocupado por sus los ni\u00f1os ser\u00e1n acosados cuando regresen a la escuela.<\/p>\n<p>\u00abLo importante es que esto est\u00e1 sucediendo en proporciones que son sorprendentemente grandes, m\u00e1s altas de lo que hubiera esperado\u00bb, dijo la psic\u00f3loga social de la U de A, Kim Noels, cuya contribuci\u00f3n al estudio cuenta con el respaldo de la Oportunidad de Financiamiento de Investigaci\u00f3n R\u00e1pida del gobierno federal, creada para ayudar en la batalla contra el COVID-19.<\/p>\n<p>Noels dijo que la investigaci\u00f3n sigue el trabajo que ha estado haciendo durante los \u00faltimos cinco a\u00f1os sobre el lenguaje y el desarrollo de la identidad entre los chino-canadienses y el impacto que la discriminaci\u00f3n podr\u00eda tener en las experiencias de los inmigrantes que se establecen en Canad\u00e1.<\/p>\n<p>Dos de sus investigadores asociados tambi\u00e9n han estado rastreando las diferencias en las actitudes entre los asi\u00e1tico-canadienses y los no asi\u00e1tico-canadienses. hacia protecti cinco m\u00e1scaras faciales.<\/p>\n<p>\u00abLa discriminaci\u00f3n realmente le est\u00e1 pasando a mucha gente, y el hecho de que las personas est\u00e1n cambiando sus vidas para evitar incidentes discriminatorios es revelador\u00bb, dijo Noels.<\/p>\n<p>\u00abNo el nivel de discriminaci\u00f3n est\u00e1 bien, sin importar el porcentaje, pero estos n\u00fameros son altos\u00bb.<\/p>\n<p>Una gran proporci\u00f3n tambi\u00e9n sinti\u00f3 que el comportamiento racista al que algunos se refieren como la \u00abpandemia en la sombra\u00bb continuar\u00eda m\u00e1s all\u00e1 del COVID-19. agreg\u00f3.<\/p>\n<p>Un poco menos de la mitad de los encuestados naci\u00f3 en Canad\u00e1, mientras que uno de cada cinco naci\u00f3 en China continental o Hong Kong, seg\u00fan el informe. Si bien estos grupos no fueron los \u00fanicos se\u00f1alados por los insultos, han soportado la peor parte durante el COVID-19, dijo Noels.<\/p>\n<p>Los chino-canadienses representan alrededor del cinco por ciento de la poblaci\u00f3n total de Canad\u00e1, o 1,77 millones de personas, seg\u00fan Estad\u00edsticas de Canad\u00e1.<\/p>\n<p>El treinta por ciento de los encuestados dijeron que hab\u00edan estado expuestos a las redes sociales, grafitis, propaganda o bromas antichinas. Dos tercios sintieron que la cobertura de los medios norteamericanos hab\u00eda contribuido a las opiniones negativas de las personas de etnia china.<\/p>\n<p>Los informes de los medios sobre las tensas relaciones entre China y Canad\u00e1 y la detenci\u00f3n de Michael Kovrig y Michael Spavor tambi\u00e9n pueden estar generando percepciones y comportamientos discriminatorios. , dijo Noels.<\/p>\n<p>Alrededor de uno de cada cinco report\u00f3 abuso m\u00e1s directo, como insultos o insultos regulares, mientras que alrededor del 13 por ciento dijo que a menudo hab\u00eda sido amenazado o intimidado. Casi uno de cada 10 dijo que el abuso hab\u00eda sido f\u00edsico.<\/p>\n<p>\u00abAl caminar por la calle con una m\u00e1scara puesta, ha habido casos en los que la gente me grita que regrese a China, o maldice y dice otras palabras racistas\u00bb. comentarios\u00bb, dijo una mujer de unos 20 a\u00f1os.<\/p>\n<p>Otro hombre de unos 50 a\u00f1os describi\u00f3 el abuso de un hombre que se acerc\u00f3 demasiado en la fila de una tienda de comestibles.<\/p>\n<p>\u00abLe ped\u00ed que volviera para permitir el distanciamiento social y dijo: \u00abC\u00e1llate y vuelve a donde viniste\u00bb.<\/p>\n<p>La siguiente fase de la investigaci\u00f3n de Noels considerar\u00e1 estrategias para contrarrestar el comportamiento racista, dijo.<\/p>\n<p>\u00abQueremos hablar con la gente sobre lo que se puede hacer para apoyar a la comunidad china y c\u00f3mo podemos hacer frente a este tipo de racismo\u00bb, dijo.<\/p>\n<p>\u00abLa pregunta es , \u00bfc\u00f3mo haces eso de una manera que no aumente la confrontaci\u00f3n y haga que las personas sean m\u00e1s resistentes y comprometidas con sus puntos de vista, sino que sea persuasivo y les ayude a repensar sus puntos de vista?\u00bb<\/p>\n<p>Ella tambi\u00e9n planea explorar si la percepci\u00f3n de riesgo y amenaza personal de una crisis de salud como la del COVID-19 conduce a mayores prejuicios y discriminaci\u00f3n entre el p\u00fablico. <\/p>\n<p>Explore m\u00e1s<\/p>\n<p> Siga las \u00faltimas noticias sobre el brote de coronavirus (COVID-19) <strong>M\u00e1s informaci\u00f3n:<\/strong> Culpa, intimidaci\u00f3n y falta de respeto: los canadienses chinos revelan sus experiencias con el racismo durante la angusreid de COVID-19 .org\/racism-chinese-canadians-covid19\/ Proporcionado por la Universidad de Alberta <strong>Cita<\/strong>: La mayor\u00eda de los chino-canadienses dicen que han sufrido discriminaci\u00f3n debido a la COVID-19, seg\u00fan un estudio (8 de julio de 2020) recuperado el 31 de agosto de 2022 de https:\/\/medicalxpress.com\/news\/2020-07-majority-chinese-canadians-theyve-experienced-discrimination.html Este documento est\u00e1 sujeto a derechos de autor. Aparte de cualquier trato justo con fines de estudio o investigaci\u00f3n privados, ninguna parte puede reproducirse sin el permiso por escrito. El contenido se proporciona \u00fanicamente con fines informativos.<\/p>\n","protected":false},"excerpt":{"rendered":"<p>Cr\u00e9dito: Unsplash\/CC0 Dominio p\u00fablico La mayor\u00eda de los chino-canadienses dicen que han sido v\u00edctimas de discriminaci\u00f3n como resultado de la Pandemia de COVID-19, seg\u00fan una nueva investigaci\u00f3n de la Universidad de Alberta y el Instituto Angus Reid. En la primera encuesta de este tipo desde que se declar\u00f3 la pandemia, se pregunt\u00f3 a m\u00e1s de &hellip; <a href=\"https:\/\/www.biblia.work\/articulos-salud\/la-mayoria-de-los-chino-canadienses-dicen-que-han-sufrido-discriminacion-debido-a-la-covid-19-segun-un-estudio\/\" class=\"more-link\">Continuar leyendo<span class=\"screen-reader-text\"> \u00abLa mayor\u00eda de los chino-canadienses dicen que han sufrido discriminaci\u00f3n debido a la COVID-19, seg\u00fan un estudio\u00bb<\/span><\/a><\/p>\n","protected":false},"author":1,"featured_media":0,"comment_status":"","ping_status":"","sticky":false,"template":"","format":"standard","meta":{"footnotes":""},"categories":[1],"tags":[],"class_list":["post-32588","post","type-post","status-publish","format-standard","hentry","category-general"],"_links":{"self":[{"href":"https:\/\/www.biblia.work\/articulos-salud\/wp-json\/wp\/v2\/posts\/32588","targetHints":{"allow":["GET"]}}],"collection":[{"href":"https:\/\/www.biblia.work\/articulos-salud\/wp-json\/wp\/v2\/posts"}],"about":[{"href":"https:\/\/www.biblia.work\/articulos-salud\/wp-json\/wp\/v2\/types\/post"}],"author":[{"embeddable":true,"href":"https:\/\/www.biblia.work\/articulos-salud\/wp-json\/wp\/v2\/users\/1"}],"replies":[{"embeddable":true,"href":"https:\/\/www.biblia.work\/articulos-salud\/wp-json\/wp\/v2\/comments?post=32588"}],"version-history":[{"count":0,"href":"https:\/\/www.biblia.work\/articulos-salud\/wp-json\/wp\/v2\/posts\/32588\/revisions"}],"wp:attachment":[{"href":"https:\/\/www.biblia.work\/articulos-salud\/wp-json\/wp\/v2\/media?parent=32588"}],"wp:term":[{"taxonomy":"category","embeddable":true,"href":"https:\/\/www.biblia.work\/articulos-salud\/wp-json\/wp\/v2\/categories?post=32588"},{"taxonomy":"post_tag","embeddable":true,"href":"https:\/\/www.biblia.work\/articulos-salud\/wp-json\/wp\/v2\/tags?post=32588"}],"curies":[{"name":"wp","href":"https:\/\/api.w.org\/{rel}","templated":true}]}}