{"id":32589,"date":"2022-08-31T20:02:55","date_gmt":"2022-09-01T01:02:55","guid":{"rendered":"https:\/\/www.biblia.work\/articulos-salud\/por-que-algunas-personas-no-usan-mascarillas-aunque-se-les-indique\/"},"modified":"2022-08-31T20:02:55","modified_gmt":"2022-09-01T01:02:55","slug":"por-que-algunas-personas-no-usan-mascarillas-aunque-se-les-indique","status":"publish","type":"post","link":"https:\/\/www.biblia.work\/articulos-salud\/por-que-algunas-personas-no-usan-mascarillas-aunque-se-les-indique\/","title":{"rendered":"Por qu\u00e9 algunas personas no usan mascarillas aunque se les indique"},"content":{"rendered":"<p>Cr\u00e9dito: Pixabay\/CC0 Dominio p\u00fablico <\/p>\n<p>El presidente de la Royal Society inst\u00f3 hoy a todos en el Reino Unido a usar una mascarilla para evitar la propagaci\u00f3n de COVID -19. El Dr. Robby Allen de la Universidad de Cranfield explica por qu\u00e9, incluso si se les dice a las personas, no siempre seguir\u00e1n los consejos sensatos e independientemente de lo que diga el consejo m\u00e9dico. <\/p>\n<p>Al comentar sobre por qu\u00e9 las personas se niegan a usar m\u00e1scaras faciales, el Dr. Robby Allen de la Universidad de Cranfield dijo: \u00abLo que estamos viendo no es un fen\u00f3meno nuevo. En la d\u00e9cada de 1960, el trabajo del psic\u00f3logo Jack Brehm sobre la Teor\u00eda de la Reactancia estableci\u00f3 que las personas tienen una motivaci\u00f3n interna para reclamar su sentido de libertad cuando sienten que se les est\u00e1 quitando.La teor\u00eda de la reactancia declara que todos tenemos libertad de comportamiento y que a menudo haremos exactamente lo contrario de lo que se nos pide que hagamos. ciencia que muestra los peligros de fumar, tener sobrepeso o permitirse el consumo excesivo de alcohol. Las muertes por estos son en su mayor\u00eda relacionadas con el comportamiento y en gran medida prevenibles y ha habido muchas campa\u00f1as exitosas para reducir el comportamiento da\u00f1ino. Sin embargo, todav\u00eda hay un n\u00facleo que deliberadamente ignorar\u00e1 consejo m\u00e9dico y hacer todo lo contrario\u00bb.<\/p>\n<p>Allen contin\u00faa: \u00abLa raz\u00f3n a menudo citada para no tomar nota de los consejos sensatos es la renuencia a renunciar a una forma de vida , una libertad. Se teoriza que el nivel de reactancia est\u00e1 positivamente correlacionado con la importancia relativa de la libertad amenazada. Hemos visto esto en la forma en que muchos han obedecido voluntariamente las \u00f3rdenes del estado y los consejos m\u00e9dicos como un medio para servir al bien mayor, mientras que otros han desafiado la experiencia y la autoridad. Aquellos que son m\u00e1s reactivos se resistir\u00e1n activamente a las reglas y regulaciones y pueden volverse santurrones en su deseo de autonom\u00eda. Tambi\u00e9n suelen mostrar ira en su deseo de autonom\u00eda\u00bb. <\/p>\n<p>Explore m\u00e1s<\/p>\n<p> Los ni\u00f1os a partir de los 2 a\u00f1os deben usar mascarillas, dicen los CDC. C\u00f3mo conseguir que las usen Proporcionado por la Universidad de Cranfield <strong>Cita <\/strong>: Por qu\u00e9 algunas personas no usan mascarillas incluso si se les indica (8 de julio de 2020) consultado el 31 de agosto de 2022 en https:\/\/medicalxpress.com\/news\/2020-07-people-wont-masks-told .html Este documento est\u00e1 sujeto a derechos de autor. Aparte de cualquier trato justo con fines de estudio o investigaci\u00f3n privados, ninguna parte puede reproducirse sin el permiso por escrito. El contenido se proporciona \u00fanicamente con fines informativos.<\/p>\n","protected":false},"excerpt":{"rendered":"<p>Cr\u00e9dito: Pixabay\/CC0 Dominio p\u00fablico El presidente de la Royal Society inst\u00f3 hoy a todos en el Reino Unido a usar una mascarilla para evitar la propagaci\u00f3n de COVID -19. El Dr. Robby Allen de la Universidad de Cranfield explica por qu\u00e9, incluso si se les dice a las personas, no siempre seguir\u00e1n los consejos sensatos &hellip; <a href=\"https:\/\/www.biblia.work\/articulos-salud\/por-que-algunas-personas-no-usan-mascarillas-aunque-se-les-indique\/\" class=\"more-link\">Continuar leyendo<span class=\"screen-reader-text\"> \u00abPor qu\u00e9 algunas personas no usan mascarillas aunque se les indique\u00bb<\/span><\/a><\/p>\n","protected":false},"author":1,"featured_media":0,"comment_status":"","ping_status":"","sticky":false,"template":"","format":"standard","meta":{"footnotes":""},"categories":[1],"tags":[],"class_list":["post-32589","post","type-post","status-publish","format-standard","hentry","category-general"],"_links":{"self":[{"href":"https:\/\/www.biblia.work\/articulos-salud\/wp-json\/wp\/v2\/posts\/32589","targetHints":{"allow":["GET"]}}],"collection":[{"href":"https:\/\/www.biblia.work\/articulos-salud\/wp-json\/wp\/v2\/posts"}],"about":[{"href":"https:\/\/www.biblia.work\/articulos-salud\/wp-json\/wp\/v2\/types\/post"}],"author":[{"embeddable":true,"href":"https:\/\/www.biblia.work\/articulos-salud\/wp-json\/wp\/v2\/users\/1"}],"replies":[{"embeddable":true,"href":"https:\/\/www.biblia.work\/articulos-salud\/wp-json\/wp\/v2\/comments?post=32589"}],"version-history":[{"count":0,"href":"https:\/\/www.biblia.work\/articulos-salud\/wp-json\/wp\/v2\/posts\/32589\/revisions"}],"wp:attachment":[{"href":"https:\/\/www.biblia.work\/articulos-salud\/wp-json\/wp\/v2\/media?parent=32589"}],"wp:term":[{"taxonomy":"category","embeddable":true,"href":"https:\/\/www.biblia.work\/articulos-salud\/wp-json\/wp\/v2\/categories?post=32589"},{"taxonomy":"post_tag","embeddable":true,"href":"https:\/\/www.biblia.work\/articulos-salud\/wp-json\/wp\/v2\/tags?post=32589"}],"curies":[{"name":"wp","href":"https:\/\/api.w.org\/{rel}","templated":true}]}}