{"id":32605,"date":"2022-08-31T20:03:32","date_gmt":"2022-09-01T01:03:32","guid":{"rendered":"https:\/\/www.biblia.work\/articulos-salud\/como-la-politica-y-la-raza-influyen-en-la-respuesta-a-la-pandemia\/"},"modified":"2022-08-31T20:03:32","modified_gmt":"2022-09-01T01:03:32","slug":"como-la-politica-y-la-raza-influyen-en-la-respuesta-a-la-pandemia","status":"publish","type":"post","link":"https:\/\/www.biblia.work\/articulos-salud\/como-la-politica-y-la-raza-influyen-en-la-respuesta-a-la-pandemia\/","title":{"rendered":"C\u00f3mo la pol\u00edtica y la raza influyen en la respuesta a la pandemia"},"content":{"rendered":"<p>Cr\u00e9dito: CC0 Dominio p\u00fablico <\/p>\n<p>Un nuevo estudio lanzado al comienzo de la pandemia de COVID-19 tiene datos \u00fanicos que muestran cambios en los patrones de comportamiento en las comunidades. El Estudio del Panel Nacional de COVID-19 comenz\u00f3 en marzo y se enfoca en c\u00f3mo las diferentes etnias y afiliaciones a partidos pol\u00edticos han influido en los patrones de comportamiento durante la pandemia. <\/p>\n<p>Gabe S\u00e1nchez, profesor de ciencias pol\u00edticas y director del Centro de Pol\u00edtica Social de la UNM, es parte de un equipo de investigaci\u00f3n interdisciplinario que analiza c\u00f3mo la pandemia est\u00e1 afectando los comportamientos de la poblaci\u00f3n estadounidense como resultado de la pandemia. El equipo tambi\u00e9n est\u00e1 integrado por los investigadores principales de la ASUE, Edward Vargas; UCLAMatt Barreto y Tyler Reny; la Universidad de Carolina del Norte en Chapel HillJoaqu\u00edn Rubalcaba (UNM Alumni). Adem\u00e1s, est\u00e1 involucrando a un grupo diverso de estudiantes graduados de cada una de las instituciones que se est\u00e1n capacitando en investigaci\u00f3n de cara al p\u00fablico a trav\u00e9s de este proyecto.<\/p>\n<p>\u00abDebido a que pudimos avanzar r\u00e1pidamente, somos uno de los pocos Los equipos tienen datos desde el principio de la pandemia\u00bb, explic\u00f3 S\u00e1nchez. \u00abHemos podido obtener informaci\u00f3n de miles de encuestados en todo el pa\u00eds para observar la variaci\u00f3n en el comportamiento seg\u00fan el lugar donde vive la gente, ya que los estados respondieron de diferentes maneras y entraron en diferentes fases de cuarentena\u00bb.<\/p>\n<p> La primera ola del estudio se realiz\u00f3 a principios de marzo, justo antes de que la pandemia fuera declarada emergencia nacional en los EE. UU. La segunda ola recopil\u00f3 informaci\u00f3n durante abril, cuando muchos estados estaban bajo \u00f3rdenes de quedarse en casa. La siguiente fase del estudio ya est\u00e1 en marcha y har\u00e1 un seguimiento de c\u00f3mo las personas responden a la relajaci\u00f3n de las reglas de distanciamiento social y cuarentena.<\/p>\n<p>La investigaci\u00f3n est\u00e1 recibiendo atenci\u00f3n nacional debido a la correlaci\u00f3n que establece entre la afiliaci\u00f3n pol\u00edtica de las personas y su propensi\u00f3n a usar una m\u00e1scara. Encontr\u00f3 que los republicanos son menos propensos que los dem\u00f3cratas a decir que han estado usando una m\u00e1scara en p\u00fablico. El 73 % de los dem\u00f3cratas que se identifican a s\u00ed mismos informan que usan mascarilla, mientras que solo el 59 % de los republicanos y el 58 % de los independientes dicen lo mismo.<\/p>\n<p>\u00abTambi\u00e9n descubrimos que las tasas de uso de mascarillas difer\u00edan seg\u00fan la raza y el etnicidad\u00bb, dijeron los investigadores en un art\u00edculo publicado en el Washington Post. \u00abLas comunidades de color informaron que era m\u00e1s probable que hubieran dado este paso; el 82 por ciento de los asi\u00e1ticos estadounidenses, el 71 por ciento de los latinos y el 74 por ciento de los afroamericanos dijeron que hab\u00edan estado usando una m\u00e1scara o bufanda, mientras que solo el 66 por ciento de los blancos dijeron que la mismo\u00bb.<\/p>\n<p>Adem\u00e1s, la investigaci\u00f3n muestra c\u00f3mo la raza y el origen \u00e9tnico influyen en la respuesta de las personas al virus. Se pregunt\u00f3 a las personas si les preocupaba que la polic\u00eda y los guardias de seguridad los confundieran con delincuentes mientras usaban una m\u00e1scara en p\u00fablico, y las respuestas mostraron una clara distinci\u00f3n por raza y etnia. El 32 por ciento de los latinos y el 30 por ciento de los afroamericanos estaban preocupados por ser confundidos con delincuentes mientras usaban una m\u00e1scara, m\u00e1s que los blancos o los asi\u00e1tico-americanos, con un 19 por ciento para ambos grupos. Este hallazgo habla de la intersecci\u00f3n de la reforma policial y COVID-19 en la que se encuentran las personas de color en este momento y que los investigadores de este equipo est\u00e1n documentando a trav\u00e9s de su investigaci\u00f3n.<\/p>\n<p>La investigaci\u00f3n tambi\u00e9n analiza los cambios en los viajes planes y comportamiento de trabajo. En el futuro, el equipo continuar\u00e1 rastreando los cambios de comportamiento por raza y etnia.<\/p>\n<p>\u00abTambi\u00e9n planeamos observar c\u00f3mo las consecuencias indirectas del coronavirus, incluida la p\u00e9rdida del trabajo, la p\u00e9rdida del seguro m\u00e9dico basado en el empleo y el estr\u00e9s y la ansiedad debido a estos problemas puede conducir a desigualdades de salud raciales y \u00e9tnicas a\u00fan m\u00e1s graves que antes de que comenzara esta epidemia de salud\u00bb, concluy\u00f3 S\u00e1nchez. <\/p>\n<p>Explore m\u00e1s<\/p>\n<p> Las preocupaciones de los tejanos sobre el COVID-19 disminuyeron a medida que la pandemia empeor\u00f3 Proporcionado por la Universidad de Nuevo M\u00e9xico <strong>Cita<\/strong>: C\u00f3mo la pol\u00edtica y la raza influyen en la respuesta a la pandemia (8 de julio de 2020) consultado el 31 Agosto de 2022 de https:\/\/medicalxpress.com\/news\/2020-07-politics-pandemic-response.html Este documento est\u00e1 sujeto a derechos de autor. Aparte de cualquier trato justo con fines de estudio o investigaci\u00f3n privados, ninguna parte puede reproducirse sin el permiso por escrito. El contenido se proporciona \u00fanicamente con fines informativos.<\/p>\n","protected":false},"excerpt":{"rendered":"<p>Cr\u00e9dito: CC0 Dominio p\u00fablico Un nuevo estudio lanzado al comienzo de la pandemia de COVID-19 tiene datos \u00fanicos que muestran cambios en los patrones de comportamiento en las comunidades. El Estudio del Panel Nacional de COVID-19 comenz\u00f3 en marzo y se enfoca en c\u00f3mo las diferentes etnias y afiliaciones a partidos pol\u00edticos han influido en &hellip; <a href=\"https:\/\/www.biblia.work\/articulos-salud\/como-la-politica-y-la-raza-influyen-en-la-respuesta-a-la-pandemia\/\" class=\"more-link\">Continuar leyendo<span class=\"screen-reader-text\"> \u00abC\u00f3mo la pol\u00edtica y la raza influyen en la respuesta a la pandemia\u00bb<\/span><\/a><\/p>\n","protected":false},"author":1,"featured_media":0,"comment_status":"","ping_status":"","sticky":false,"template":"","format":"standard","meta":{"footnotes":""},"categories":[1],"tags":[],"class_list":["post-32605","post","type-post","status-publish","format-standard","hentry","category-general"],"_links":{"self":[{"href":"https:\/\/www.biblia.work\/articulos-salud\/wp-json\/wp\/v2\/posts\/32605","targetHints":{"allow":["GET"]}}],"collection":[{"href":"https:\/\/www.biblia.work\/articulos-salud\/wp-json\/wp\/v2\/posts"}],"about":[{"href":"https:\/\/www.biblia.work\/articulos-salud\/wp-json\/wp\/v2\/types\/post"}],"author":[{"embeddable":true,"href":"https:\/\/www.biblia.work\/articulos-salud\/wp-json\/wp\/v2\/users\/1"}],"replies":[{"embeddable":true,"href":"https:\/\/www.biblia.work\/articulos-salud\/wp-json\/wp\/v2\/comments?post=32605"}],"version-history":[{"count":0,"href":"https:\/\/www.biblia.work\/articulos-salud\/wp-json\/wp\/v2\/posts\/32605\/revisions"}],"wp:attachment":[{"href":"https:\/\/www.biblia.work\/articulos-salud\/wp-json\/wp\/v2\/media?parent=32605"}],"wp:term":[{"taxonomy":"category","embeddable":true,"href":"https:\/\/www.biblia.work\/articulos-salud\/wp-json\/wp\/v2\/categories?post=32605"},{"taxonomy":"post_tag","embeddable":true,"href":"https:\/\/www.biblia.work\/articulos-salud\/wp-json\/wp\/v2\/tags?post=32605"}],"curies":[{"name":"wp","href":"https:\/\/api.w.org\/{rel}","templated":true}]}}