{"id":32608,"date":"2022-08-31T20:03:39","date_gmt":"2022-09-01T01:03:39","guid":{"rendered":"https:\/\/www.biblia.work\/articulos-salud\/hablar-con-los-padres-empodera-a-los-jovenes-latinos-para-participar-en-la-comunidad\/"},"modified":"2022-08-31T20:03:39","modified_gmt":"2022-09-01T01:03:39","slug":"hablar-con-los-padres-empodera-a-los-jovenes-latinos-para-participar-en-la-comunidad","status":"publish","type":"post","link":"https:\/\/www.biblia.work\/articulos-salud\/hablar-con-los-padres-empodera-a-los-jovenes-latinos-para-participar-en-la-comunidad\/","title":{"rendered":"Hablar con los padres empodera a los j\u00f3venes latinos para participar en la comunidad"},"content":{"rendered":"<p>Cr\u00e9dito: CC0 Public Domain <\/p>\n<p>Cuando los j\u00f3venes latinos prestan sus voces a causas pol\u00edticas, desde las pol\u00edticas de inmigraci\u00f3n que han separado a las familias hasta las recientes protestas de Black Lives Matter, su resiliencia se origina en el hogar. <\/p>\n<p>Un nuevo estudio de la Universidad de Michigan sugiere que cuando los j\u00f3venes latinos tienen conversaciones sobre su herencia \u00e9tnica e historia en el hogar, tambi\u00e9n tienden a hablar sobre temas pol\u00edticos contempor\u00e1neos. Estas discusiones adoptan un mayor sentido de responsabilidad colectiva para ayudar a los miembros de la comunidad que lo necesitan.<\/p>\n<p>\u00abEstos hallazgos llegan en un momento cr\u00edtico y brindan informaci\u00f3n sobre las formas en que nosotros, como sociedad, podemos apoyar la comunidad \u00e9tnica positiva\u00bb. desarrollo de la identidad racial y desarrollar la capacidad c\u00edvica de los j\u00f3venes latinos\u00bb, dijo Bernardette Pinetta, autora principal del estudio y estudiante de posgrado en el Programa Combinado de Educaci\u00f3n y Psicolog\u00eda de la UM.<\/p>\n<p>Pinetta y sus colegas quer\u00edan comprender mejor el resultados de desarrollo y participaci\u00f3n c\u00edvica Los j\u00f3venes latinos exhiben despu\u00e9s de las discusiones pol\u00edticas que tienen en casa, un grupo que \u00abha sido severamente poco estudiado en t\u00e9rminos de su compromiso c\u00edvico temprano en la vida\u00bb, dijeron.<\/p>\n<p>\u00abLa idea es que estas conversaciones, en el hogar o en sus comunidades, pueden empoderar a los j\u00f3venes en comunidades marginadas y, en \u00faltima instancia, preparar el escenario para el activismo a medida que los j\u00f3venes envejecen\u00bb, dijo la coautora Deborah Rivas-Drake, profesora de psicolog\u00eda. log\u00eda y educaci\u00f3n.<\/p>\n<p>Para comprender c\u00f3mo los j\u00f3venes latinos luchan contra las fuerzas opresivas, 267 adolescentes latinos que se identificaron a s\u00ed mismos y que asist\u00edan a escuelas intermedias en el Medio Oeste respondieron preguntas en 2018-2019 sobre los mensajes que recibieron de sus padres en torno a su la cultura \u00e9tnico-racial y el clima sociopol\u00edtico. Tambi\u00e9n respondieron a preguntas sobre cu\u00e1n responsables se sent\u00edan con respecto a sus responsabilidades c\u00edvicas.<\/p>\n<p>Los hallazgos indicaron que m\u00e1s discusiones sociopol\u00edticas y socializaci\u00f3n cultural estaban vinculadas a una mayor responsabilidad colectiva. Estas discusiones tambi\u00e9n se asociaron con las expectativas futuras de participaci\u00f3n de la comunidad.<\/p>\n<p>Los hallazgos aparecen en la edici\u00f3n actual del American Journal of Community Psychology. <\/p>\n<p>Explore m\u00e1s<\/p>\n<p> Con la demograf\u00eda cambiante, se necesita m\u00e1s socializaci\u00f3n racial\/\u00e9tnica para los j\u00f3venes blancos <strong>M\u00e1s informaci\u00f3n:<\/strong> Bernardette J. Pinetta et al. \u00bfInherentemente pol\u00edtico? Asociaciones de socializaci\u00f3n \u00e9tnico-racial de padres y debates sociopol\u00edticos con el compromiso c\u00edvico emergente de los j\u00f3venes latinos, American Journal of Community Psychology (2020). DOI: 10.1002\/ajcp.12435 Proporcionado por la Universidad de Michigan <strong>Cita<\/strong>: Hablar con los padres empodera a los j\u00f3venes latinos a participar en la comunidad (8 de julio de 2020) consultado el 31 de agosto de 2022 en https:\/\/medicalxpress.com\/ news\/2020-07-parents-empowers-latino-youths-engage.html Este documento est\u00e1 sujeto a derechos de autor. Aparte de cualquier trato justo con fines de estudio o investigaci\u00f3n privados, ninguna parte puede reproducirse sin el permiso por escrito. El contenido se proporciona \u00fanicamente con fines informativos.<\/p>\n","protected":false},"excerpt":{"rendered":"<p>Cr\u00e9dito: CC0 Public Domain Cuando los j\u00f3venes latinos prestan sus voces a causas pol\u00edticas, desde las pol\u00edticas de inmigraci\u00f3n que han separado a las familias hasta las recientes protestas de Black Lives Matter, su resiliencia se origina en el hogar. Un nuevo estudio de la Universidad de Michigan sugiere que cuando los j\u00f3venes latinos tienen &hellip; <a href=\"https:\/\/www.biblia.work\/articulos-salud\/hablar-con-los-padres-empodera-a-los-jovenes-latinos-para-participar-en-la-comunidad\/\" class=\"more-link\">Continuar leyendo<span class=\"screen-reader-text\"> \u00abHablar con los padres empodera a los j\u00f3venes latinos para participar en la comunidad\u00bb<\/span><\/a><\/p>\n","protected":false},"author":1,"featured_media":0,"comment_status":"","ping_status":"","sticky":false,"template":"","format":"standard","meta":{"footnotes":""},"categories":[1],"tags":[],"class_list":["post-32608","post","type-post","status-publish","format-standard","hentry","category-general"],"_links":{"self":[{"href":"https:\/\/www.biblia.work\/articulos-salud\/wp-json\/wp\/v2\/posts\/32608","targetHints":{"allow":["GET"]}}],"collection":[{"href":"https:\/\/www.biblia.work\/articulos-salud\/wp-json\/wp\/v2\/posts"}],"about":[{"href":"https:\/\/www.biblia.work\/articulos-salud\/wp-json\/wp\/v2\/types\/post"}],"author":[{"embeddable":true,"href":"https:\/\/www.biblia.work\/articulos-salud\/wp-json\/wp\/v2\/users\/1"}],"replies":[{"embeddable":true,"href":"https:\/\/www.biblia.work\/articulos-salud\/wp-json\/wp\/v2\/comments?post=32608"}],"version-history":[{"count":0,"href":"https:\/\/www.biblia.work\/articulos-salud\/wp-json\/wp\/v2\/posts\/32608\/revisions"}],"wp:attachment":[{"href":"https:\/\/www.biblia.work\/articulos-salud\/wp-json\/wp\/v2\/media?parent=32608"}],"wp:term":[{"taxonomy":"category","embeddable":true,"href":"https:\/\/www.biblia.work\/articulos-salud\/wp-json\/wp\/v2\/categories?post=32608"},{"taxonomy":"post_tag","embeddable":true,"href":"https:\/\/www.biblia.work\/articulos-salud\/wp-json\/wp\/v2\/tags?post=32608"}],"curies":[{"name":"wp","href":"https:\/\/api.w.org\/{rel}","templated":true}]}}