{"id":32610,"date":"2022-08-31T20:03:44","date_gmt":"2022-09-01T01:03:44","guid":{"rendered":"https:\/\/www.biblia.work\/articulos-salud\/la-aceptacion-publica-de-las-mascarillas-protectoras-crece-en-canada\/"},"modified":"2022-08-31T20:03:44","modified_gmt":"2022-09-01T01:03:44","slug":"la-aceptacion-publica-de-las-mascarillas-protectoras-crece-en-canada","status":"publish","type":"post","link":"https:\/\/www.biblia.work\/articulos-salud\/la-aceptacion-publica-de-las-mascarillas-protectoras-crece-en-canada\/","title":{"rendered":"La aceptaci\u00f3n p\u00fablica de las mascarillas protectoras crece en Canad\u00e1"},"content":{"rendered":"<p>Cr\u00e9dito: CC0 Public Domain <\/p>\n<p>La aceptaci\u00f3n p\u00fablica de las mascarillas protectoras ha evolucionado dr\u00e1sticamente en Canad\u00e1 desde el comienzo de la pandemia de COVID-19, seg\u00fan una nueva investigaci\u00f3n de psicolog\u00eda de la Universidad de Alberta . <\/p>\n<p>Es una se\u00f1al de que la gente est\u00e1 prestando atenci\u00f3n a los consejos de los funcionarios de salud p\u00fablica. Pero muchos en la comunidad asi\u00e1tico-canadiense lo ven como una confirmaci\u00f3n de lo que sab\u00edan desde el principio, seg\u00fan los investigadores.<\/p>\n<p>\u00abMuchos dicen que ya era hora\u00bb, dijo Doris Zhang, que est\u00e1 examinando el estigma de mascarillas en Canad\u00e1 junto con la antrop\u00f3loga de la U of A, Heather Young-Leslie.<\/p>\n<p>\u00abLos norteamericanos no han experimentado epidemias respiratorias graves desde la llamada gripe espa\u00f1ola, mientras que en Jap\u00f3n y China han tenido epidemias m\u00e1s graves\u00bb. epidemias\u00bb, dijo Young-Leslie.<\/p>\n<p>\u00abEsas sociedades han tenido mucha m\u00e1s pr\u00e1ctica y tiempo para desarrollar la etiqueta y el comportamiento social para superar las preocupaciones sobre cosas como usar una m\u00e1scara facial, mientras que nosotros estamos un poco atrasados esa curva en Am\u00e9rica del Norte\u00bb, dijo, especialmente cuando se trata de usar una m\u00e1scara sin mostrar s\u00edntomas.<\/p>\n<p>El estudio en curso analiza las diferencias en las percepciones de las m\u00e1scaras entre los canadienses asi\u00e1ticos y no asi\u00e1ticos. Est\u00e1 respaldado por una subvenci\u00f3n federal otorgada a la psic\u00f3loga Kim Noels de la U of A a trav\u00e9s de la Oportunidad de Financiamiento de Investigaci\u00f3n R\u00e1pida del gobierno federal, creada para ayudar en la batalla contra el COVID-19.<\/p>\n<p>Diferencias culturales<\/p>\n<p>Zhang y Young-Leslie han estado recopilando datos principalmente a trav\u00e9s de grupos focales y encuestas de canadienses de todo el pa\u00eds.<\/p>\n<p>Antes de la pandemia, la suposici\u00f3n predominante entre los canadienses no asi\u00e1ticos era que alguien que usaba una mascarilla deb\u00eda estar enfermos o demasiado sensibles a las toxinas del medio ambiente.<\/p>\n<p>Sin embargo, las personas de culturas del este de Asia, como China, Corea, Vietnam y Jap\u00f3n, est\u00e1n acostumbradas a usar m\u00e1scaras por una variedad de razones, dijo Zhang.<\/p>\n<p>\u00abEs tan frecuente que, incluso si ves a alguien en la calle con una m\u00e1scara facial, no pensar\u00edas autom\u00e1ticamente que est\u00e1 enfermo. De hecho, no pensar\u00edas mucho al respecto\u00bb.<\/p>\n<p>\u00ab(En Asia) usamos cubrebocas para todo, desde evitar que el aire fr\u00edo lastime nuestra cara hasta proteger protegernos de contaminantes o al\u00e9rgenos\u00bb.<\/p>\n<p>Las celebridades asi\u00e1ticas a menudo usan m\u00e1scaras como la japonesa Pitta para lograr el anonimato en p\u00fablico o como accesorios de moda, dijo Zhang.<\/p>\n<p>Las m\u00e1scaras tambi\u00e9n se consideran una se\u00f1al de responsabilidad social en las culturas asi\u00e1ticas, dijo Young-Leslie.<\/p>\n<p>\u00abEs una forma de que las personas demuestren solidaridad con sus semejantes: &#8216;Yo me pongo una m\u00e1scara, t\u00fa te pones una m\u00e1scara y nos cuidaremos unos a otros'\u00bb.<\/p>\n<p>Creciente aceptaci\u00f3n<\/p>\n<p>Los canadienses ahora se est\u00e1n acercando al mismo grado de aceptaci\u00f3n, dijo Young-Leslie, considerando las m\u00e1scaras como una se\u00f1al de buena voluntad. Mientras que hace solo tres meses se consideraban \u00absolo para raros o enfermos\u00bb, la presi\u00f3n para que todos los usen est\u00e1 aumentando, especialmente en supermercados o espacios concurridos.<\/p>\n<p>En una encuesta realizada el mes pasado por Leger y la Asociaci\u00f3n de Estudios Canadienses, el 51 por ciento de los canadienses encuestados dijeron que usaron m\u00e1scaras para ir de compras. El cincuenta y tres por ciento dijo que las m\u00e1scaras deber\u00edan ser obligatorias en espacios p\u00fablicos y confinados como centros comerciales y transporte p\u00fablico.<\/p>\n<p>Zhang y Young-Leslie tambi\u00e9n encontraron que hab\u00eda diferencias entre los asi\u00e1tico-canadienses que no hablan chino y los inmigrantes recientes. .<\/p>\n<p>\u00abAntes de la pandemia, algunos canadienses que no hablaban chino dec\u00edan: &#8216;No uso una m\u00e1scara cuando salgo porque tengo miedo de que me haga m\u00e1s objetivo'\u00bb. \u00ab, dijo Young-Leslie.<\/p>\n<p>\u00abVer a m\u00e1s personas usando m\u00e1scaras faciales los hizo sentir apoyados cuando los usaban afuera\u00bb.<\/p>\n<p>Para los inmigrantes chinos en Canad\u00e1, sin embargo, el comportamiento de otros no parec\u00edan afectar su propio comportamiento, dijo Zhang.<\/p>\n<p>Un hallazgo sorprendente fue el estigma asociado a las m\u00e1scaras N95, especialmente al principio de la pandemia cuando hab\u00eda escasez de ellas, dijo Young-Leslie. Se consider\u00f3 que quienes usaban las m\u00e1scaras de grado m\u00e9dico desviaban el EPP cr\u00edtico de la l\u00ednea del frente.<\/p>\n<p>\u00abLa gente estaba avergonzada, avergonzada o reacia a usar una m\u00e1scara N95 en un entorno no m\u00e9dico, porque les apetec\u00eda de alguna manera estaba demostrando deslealtad a los trabajadores de la salud\u00bb, dijo.<\/p>\n<p>Incluso aquellos que ya ten\u00edan m\u00e1scaras N95 para otros fines, como protecci\u00f3n contra el humo o construcci\u00f3n, dijeron que prefer\u00edan usar una m\u00e1scara de papel o tela en p\u00fablico, o nada en absoluto.<\/p>\n<p>La conclusi\u00f3n alentadora del estudio, dijeron los investigadores, es que las actitudes hacia las m\u00e1scaras reflejan directamente los consejos de las autoridades de salud p\u00fablica. Pero ese consejo debe ser consistente para ser efectivo.<\/p>\n<p>\u00abSi no recibimos un mensaje claro sobre c\u00f3mo usar las m\u00e1scaras correctamente y sobre lo que muestra la ciencia sobre si las m\u00e1scaras marcan la diferencia o no, las personas perder\u00e1 la confianza\u00bb, dijo Young-Leslie. <\/p>\n<p>\u00abCreo que es una gran preocupaci\u00f3n\u00bb. <\/p>\n<p>Explore m\u00e1s<\/p>\n<p> Siga las \u00faltimas noticias sobre el brote de coronavirus (COVID-19) Proporcionado por la Universidad de Alberta <strong>Cita<\/strong>: Crece la aceptaci\u00f3n p\u00fablica de m\u00e1scaras protectoras en Canad\u00e1 (8 de julio de 2020) recuperado el 31 de agosto de 2022 de https:\/\/medicalxpress.com\/news\/2020-07-masks-canada.html Este documento est\u00e1 sujeto a derechos de autor. Aparte de cualquier trato justo con fines de estudio o investigaci\u00f3n privados, ninguna parte puede reproducirse sin el permiso por escrito. El contenido se proporciona \u00fanicamente con fines informativos.<\/p>\n","protected":false},"excerpt":{"rendered":"<p>Cr\u00e9dito: CC0 Public Domain La aceptaci\u00f3n p\u00fablica de las mascarillas protectoras ha evolucionado dr\u00e1sticamente en Canad\u00e1 desde el comienzo de la pandemia de COVID-19, seg\u00fan una nueva investigaci\u00f3n de psicolog\u00eda de la Universidad de Alberta . Es una se\u00f1al de que la gente est\u00e1 prestando atenci\u00f3n a los consejos de los funcionarios de salud p\u00fablica. &hellip; <a href=\"https:\/\/www.biblia.work\/articulos-salud\/la-aceptacion-publica-de-las-mascarillas-protectoras-crece-en-canada\/\" class=\"more-link\">Continuar leyendo<span class=\"screen-reader-text\"> \u00abLa aceptaci\u00f3n p\u00fablica de las mascarillas protectoras crece en Canad\u00e1\u00bb<\/span><\/a><\/p>\n","protected":false},"author":1,"featured_media":0,"comment_status":"","ping_status":"","sticky":false,"template":"","format":"standard","meta":{"footnotes":""},"categories":[1],"tags":[],"class_list":["post-32610","post","type-post","status-publish","format-standard","hentry","category-general"],"_links":{"self":[{"href":"https:\/\/www.biblia.work\/articulos-salud\/wp-json\/wp\/v2\/posts\/32610","targetHints":{"allow":["GET"]}}],"collection":[{"href":"https:\/\/www.biblia.work\/articulos-salud\/wp-json\/wp\/v2\/posts"}],"about":[{"href":"https:\/\/www.biblia.work\/articulos-salud\/wp-json\/wp\/v2\/types\/post"}],"author":[{"embeddable":true,"href":"https:\/\/www.biblia.work\/articulos-salud\/wp-json\/wp\/v2\/users\/1"}],"replies":[{"embeddable":true,"href":"https:\/\/www.biblia.work\/articulos-salud\/wp-json\/wp\/v2\/comments?post=32610"}],"version-history":[{"count":0,"href":"https:\/\/www.biblia.work\/articulos-salud\/wp-json\/wp\/v2\/posts\/32610\/revisions"}],"wp:attachment":[{"href":"https:\/\/www.biblia.work\/articulos-salud\/wp-json\/wp\/v2\/media?parent=32610"}],"wp:term":[{"taxonomy":"category","embeddable":true,"href":"https:\/\/www.biblia.work\/articulos-salud\/wp-json\/wp\/v2\/categories?post=32610"},{"taxonomy":"post_tag","embeddable":true,"href":"https:\/\/www.biblia.work\/articulos-salud\/wp-json\/wp\/v2\/tags?post=32610"}],"curies":[{"name":"wp","href":"https:\/\/api.w.org\/{rel}","templated":true}]}}