{"id":32669,"date":"2022-08-31T20:06:12","date_gmt":"2022-09-01T01:06:12","guid":{"rendered":"https:\/\/www.biblia.work\/articulos-salud\/mascarillas-obligatorias-en-el-noreste-de-espana-en-medio-del-repunte-del-virus\/"},"modified":"2022-08-31T20:06:12","modified_gmt":"2022-09-01T01:06:12","slug":"mascarillas-obligatorias-en-el-noreste-de-espana-en-medio-del-repunte-del-virus","status":"publish","type":"post","link":"https:\/\/www.biblia.work\/articulos-salud\/mascarillas-obligatorias-en-el-noreste-de-espana-en-medio-del-repunte-del-virus\/","title":{"rendered":"Mascarillas obligatorias en el noreste de Espa\u00f1a en medio del repunte del virus"},"content":{"rendered":"<p>Los clientes que usan mascarillas compran sandalias en un mercado de Barcelona el mi\u00e9rcoles 8 de julio de 2020. La regi\u00f3n de Catalu\u00f1a, en el noreste de Espa\u00f1a, har\u00e1 obligatorio el uso de mascarillas al aire libre, incluso cuando el distanciamiento social puede ser mantenido, anunci\u00f3 el mi\u00e9rcoles el jefe regional Quim Torra. (Foto AP\/Emilio Morenatti) <\/p>\n<p>Las autoridades del noreste de Espa\u00f1a comenzar\u00e1n a multar con 100 euros (113 d\u00f3lares) a las personas que no usen cubrebocas a partir del jueves, cuando el uso de cubrebocas sea obligatorio en Barcelona y la regi\u00f3n catalana circundante tras el resurgimiento de la coronavirus. <\/p>\n<p>Espa\u00f1a puso fin a un confinamiento nacional a mediados de junio despu\u00e9s de que las restricciones de movimiento y actividad p\u00fablica lograran frenar el brote del virus en el pa\u00eds despu\u00e9s de que llev\u00f3 el sistema de salud al punto de ruptura y mat\u00f3 a miles de personas.<\/p>\n<p>Pero con el levantamiento de la mayor\u00eda de las restricciones y algunas personas que no siguen las reglas de distanciamiento social, la cantidad de nuevos casos confirmados que se informan diariamente en Espa\u00f1a ha comenzado a aumentar. Los casos confirmados se duplicaron entre el martes y el mi\u00e9rcoles en medio de docenas de peque\u00f1os brotes.<\/p>\n<p>El mayor aumento se registr\u00f3 en la regi\u00f3n de Catalu\u00f1a, con 52 nuevos casos confirmados en un per\u00edodo de 24 horas y casi 2000 en las \u00faltimas dos semanas.<\/p>\n<p>Varios de los 500 casos confirmados recientemente en una comarca rural de la ciudad de Lleida se han relacionado con la cosecha de frutas de verano, que atrae a jornaleros inmigrantes que a menudo trabajan y viven en malas condiciones. Las autoridades regionales cerraron el \u00e1rea el s\u00e1bado y vincularon 11 de los 15 brotes all\u00ed con el trabajo agr\u00edcola.<\/p>\n<p>Las autoridades sanitarias advierten que los hospitales del \u00e1rea ya se est\u00e1n llenando. Se instal\u00f3 una sala de emergencias inflable a las puertas de un hospital local, un sombr\u00edo recordatorio de las instalaciones m\u00e9dicas improvisadas y las morgues establecidas en Espa\u00f1a cuando se encontraba entre los principales focos de virus del mundo en primavera.<\/p>\n<p> Los cubrebocas compran ropa por un euro en un puesto de un mercado en Barcelona el mi\u00e9rcoles 8 de julio de 2020. La regi\u00f3n de Catalu\u00f1a, en el noreste de Espa\u00f1a, har\u00e1 obligatorio el uso de cubrebocas al aire libre incluso cuando se pueda mantener el distanciamiento social, anunci\u00f3 el mi\u00e9rcoles el jefe regional Quim Torra. (Foto AP\/Emilio Morenatti) <\/p>\n<p>\u00abNo estamos saturados ahora, pero podr\u00edamos estarlo en los pr\u00f3ximos d\u00edas si no reforzamos nuestro personal m\u00e9dico y comenzamos a transferir pacientes\u00bb, dijo el mi\u00e9rcoles el funcionario regional de salud Ram\u00f3n Sents.<\/p>\n<p>La mascarilla es obligatoria en los espacios interiores compartidos y tambi\u00e9n al aire libre cuando no se pueda mantener la distancia en toda Espa\u00f1a. Catalu\u00f1a, que tiene una poblaci\u00f3n de 7,5 millones, es la primera regi\u00f3n en extender el requisito a situaciones en las que las personas pueden permanecer a 1,5 metros (5 pies) de distancia entre s\u00ed.<\/p>\n<p>La medida se produce despu\u00e9s de una ca\u00edda notable en el uso de mascarillas en las calles y el cumplimiento de las reglas de distanciamiento social.<\/p>\n<p>Un condado en la regi\u00f3n noroeste de Galicia que alberga a 71,000 residentes tambi\u00e9n ha sido cerrado, mientras que las m\u00e1scaras ahora son obligatorias en una ciudad en el regi\u00f3n centro norte del Pa\u00eds Vasco. Tanto Galicia como el Pa\u00eds Vasco tienen previstas elecciones auton\u00f3micas para el domingo.<\/p>\n<ul>\n<li data-thumb=\"https:\/\/scx1.b-cdn.net\/csz\/news\/tmb\/2020\/3-facemasksman .jpg\" data-src=\"https:\/\/scx2.b-cdn.net\/gfx\/news\/hires\/2020\/3-facemasksman.jpg\" data-sub-html=\"Clientes con mascarillas pasan frente a un puesto en un mercado en Barcelona el mi\u00e9rcoles 8 de julio de 2020. La regi\u00f3n de Catalu\u00f1a, en el noreste de Espa\u00f1a, har\u00e1 obligatorio el uso de mascarillas al aire libre incluso cuando se pueda mantener el distanciamiento social, anunci\u00f3 el jefe regional Quim Torra el mi\u00e9rcoles. (AP Photo\/Emilio Morenatti)\"> Clientes con mascarillas pasa frente a un puesto en un mercado de Barcelona el mi\u00e9rcoles 8 de julio de 2020. La regi\u00f3n de Catalu\u00f1a, en el noreste de Espa\u00f1a, har\u00e1 obligatorio el uso de mascarillas al aire libre incluso cuando se pueda mantener el distanciamiento social, anunci\u00f3 el jefe regional Quim Torra el mi\u00e9rcoles. (Foto AP\/Emilio Morenatti) <\/li>\n<li data-thumb=\"https:\/\/scx1.b-cdn.net\/csz\/news\/tmb\/2020\/2-facemasksman.jpg\" data-src=\"https :\/\/scx2.b-cdn.net\/gfx\/news\/hires\/2020\/2-facemasksman.jpg\" data-sub-html=\"Un vendedor de mascarillas espera a los clientes en un puesto de un mercado de Barcelona el mi\u00e9rcoles , 8 de julio de 2020. La regi\u00f3n de Catalu\u00f1a, en el noreste de Espa\u00f1a, har\u00e1 obligatorio el uso de m\u00e1scaras faciales al aire libre, incluso cuando se pueda mantener el distanciamiento social, anunci\u00f3 el jefe regional Quim Torra el mi\u00e9rcoles. (AP Photo\/Emilio Morenatti)\"> Un vendedor de m\u00e1scaras faciales espera clientes en un puesto en un mercado de Barcelona el mi\u00e9rcoles 8 de julio de 2020. La regi\u00f3n de Catalu\u00f1a, en el noreste de Espa\u00f1a, har\u00e1 obligatorio el uso de mascarillas al aire libre, incluso cuando se pueda mantener el distanciamiento social, anunci\u00f3 el mi\u00e9rcoles el jefe regional Quim Torra. (Foto AP\/Emilio Morenatti) <\/li>\n<li data-thumb=\"https:\/\/scx1.b-cdn.net\/csz\/news\/tmb\/2020\/4-facemasksman.jpg\" data-src=\"https :\/\/scx2.b-cdn.net\/gfx\/news\/hires\/2020\/4-facemasksman.jpg\" data-sub-html=\"Clientes con mascarillas recogen telas de segunda mano en un mercado de Barcelona el mi\u00e9rcoles 8 de julio , 2020. La regi\u00f3n de Catalu\u00f1a, en el noreste de Espa\u00f1a, har\u00e1 obligatorio el uso de m\u00e1scaras faciales al aire libre, incluso cuando se pueda mantener el distanciamiento social, anunci\u00f3 el jefe regional Quim Torra el mi\u00e9rcoles. (AP Photo\/Emilio Morenatti)\"> Los clientes que usan m\u00e1scaras faciales recogen telas de segunda mano en un mercado en Barcelona el mi\u00e9rcoles 8 de julio de 2020. La regi\u00f3n de Catalu\u00f1a, en el noreste de Espa\u00f1a, har\u00e1 obligatorio el uso de m\u00e1scaras faciales al aire libre, incluso cuando se pueda mantener el distanciamiento social, anunci\u00f3 el mi\u00e9rcoles el jefe regional Quim Torra. (Foto AP\/Emilio Morenatti) <\/li>\n<\/ul>\n<p>El aumento en los casos se produce cuando Espa\u00f1a espera salvar su cr\u00edtica industria tur\u00edstica alentando a los espa\u00f1oles a tomar vacaciones dentro del pa\u00eds y enviando el mensaje a los extranjeros de que Espa\u00f1a es un lugar seguro para visitar a pesar de la pandemia. Espa\u00f1a ten\u00eda un n\u00famero de muertes por la pandemia de m\u00e1s de 28.390 hasta el mi\u00e9rcoles.<\/p>\n<p>Al vecino Portugal, que lo hab\u00eda hecho bien en el control del virus, tambi\u00e9n le preocupa un aumento de nuevos casos de virus en la capital de Lisboa.<\/p>\n<p>El Ministerio de Salud de Portugal inform\u00f3 el mi\u00e9rcoles 443 nuevos casos, el 74 % de ellos en el \u00e1rea metropolitana de Lisboa.<\/p>\n<p>El presidente portugu\u00e9s, Marcelo Rebelo de Sousa, dijo que la mayor\u00eda de los obstinadamente altos n\u00fameros diarios del pa\u00eds confirmados casos es mayoritariamente entre personas que viven juntas. <\/p>\n<p>Explore m\u00e1s<\/p>\n<p> Catalu\u00f1a quiere endurecer las reglas sobre el uso de m\u00e1scaras <\/p>\n<p> 2020 The Associated Press. Reservados todos los derechos. Este material no puede ser publicado, transmitido, reescrito o redistribuido sin permiso. <\/p>\n<p> <strong>Cita<\/strong>: M\u00e1scaras faciales obligatorias en el noreste de Espa\u00f1a en medio del aumento del virus (8 de julio de 2020) consultado el 31 de agosto de 2022 en https:\/\/medicalxpress.com\/news\/2020-07-masks-mandatory -northeast-spain-virus.html Este documento est\u00e1 sujeto a derechos de autor. Aparte de cualquier trato justo con fines de estudio o investigaci\u00f3n privados, ninguna parte puede reproducirse sin el permiso por escrito. El contenido se proporciona \u00fanicamente con fines informativos.<\/p>\n","protected":false},"excerpt":{"rendered":"<p>Los clientes que usan mascarillas compran sandalias en un mercado de Barcelona el mi\u00e9rcoles 8 de julio de 2020. La regi\u00f3n de Catalu\u00f1a, en el noreste de Espa\u00f1a, har\u00e1 obligatorio el uso de mascarillas al aire libre, incluso cuando el distanciamiento social puede ser mantenido, anunci\u00f3 el mi\u00e9rcoles el jefe regional Quim Torra. (Foto AP\/Emilio &hellip; <a href=\"https:\/\/www.biblia.work\/articulos-salud\/mascarillas-obligatorias-en-el-noreste-de-espana-en-medio-del-repunte-del-virus\/\" class=\"more-link\">Continuar leyendo<span class=\"screen-reader-text\"> \u00abMascarillas obligatorias en el noreste de Espa\u00f1a en medio del repunte del virus\u00bb<\/span><\/a><\/p>\n","protected":false},"author":1,"featured_media":0,"comment_status":"","ping_status":"","sticky":false,"template":"","format":"standard","meta":{"footnotes":""},"categories":[1],"tags":[],"class_list":["post-32669","post","type-post","status-publish","format-standard","hentry","category-general"],"_links":{"self":[{"href":"https:\/\/www.biblia.work\/articulos-salud\/wp-json\/wp\/v2\/posts\/32669","targetHints":{"allow":["GET"]}}],"collection":[{"href":"https:\/\/www.biblia.work\/articulos-salud\/wp-json\/wp\/v2\/posts"}],"about":[{"href":"https:\/\/www.biblia.work\/articulos-salud\/wp-json\/wp\/v2\/types\/post"}],"author":[{"embeddable":true,"href":"https:\/\/www.biblia.work\/articulos-salud\/wp-json\/wp\/v2\/users\/1"}],"replies":[{"embeddable":true,"href":"https:\/\/www.biblia.work\/articulos-salud\/wp-json\/wp\/v2\/comments?post=32669"}],"version-history":[{"count":0,"href":"https:\/\/www.biblia.work\/articulos-salud\/wp-json\/wp\/v2\/posts\/32669\/revisions"}],"wp:attachment":[{"href":"https:\/\/www.biblia.work\/articulos-salud\/wp-json\/wp\/v2\/media?parent=32669"}],"wp:term":[{"taxonomy":"category","embeddable":true,"href":"https:\/\/www.biblia.work\/articulos-salud\/wp-json\/wp\/v2\/categories?post=32669"},{"taxonomy":"post_tag","embeddable":true,"href":"https:\/\/www.biblia.work\/articulos-salud\/wp-json\/wp\/v2\/tags?post=32669"}],"curies":[{"name":"wp","href":"https:\/\/api.w.org\/{rel}","templated":true}]}}