{"id":32691,"date":"2022-08-31T20:07:14","date_gmt":"2022-09-01T01:07:14","guid":{"rendered":"https:\/\/www.biblia.work\/articulos-salud\/el-riesgo-de-paralisis-cerebral-relacionado-con-la-fiv-se-ha-reducido-a-mas-de-la-mitad-en-las-ultimas-dos-decadas\/"},"modified":"2022-08-31T20:07:14","modified_gmt":"2022-09-01T01:07:14","slug":"el-riesgo-de-paralisis-cerebral-relacionado-con-la-fiv-se-ha-reducido-a-mas-de-la-mitad-en-las-ultimas-dos-decadas","status":"publish","type":"post","link":"https:\/\/www.biblia.work\/articulos-salud\/el-riesgo-de-paralisis-cerebral-relacionado-con-la-fiv-se-ha-reducido-a-mas-de-la-mitad-en-las-ultimas-dos-decadas\/","title":{"rendered":"El riesgo de par\u00e1lisis cerebral relacionado con la FIV se ha reducido a m\u00e1s de la mitad en las \u00faltimas dos d\u00e9cadas"},"content":{"rendered":"<p>Hace quince a\u00f1os, un gran estudio de poblaci\u00f3n de Dinamarca encontr\u00f3 un riesgo significativamente mayor de par\u00e1lisis cerebral en los beb\u00e9s nacidos como resultado de la reproducci\u00f3n asistida. Aunque el riesgo absoluto era peque\u00f1o, tales estudios en ese momento hicieron que la par\u00e1lisis cerebral fuera el mayor riesgo de defectos cong\u00e9nitos del desarrollo asociado con la FIV y una preocupaci\u00f3n en su perfil de seguridad general. <\/p>\n<p>Ahora, otro estudio de poblaci\u00f3n a gran escala, utilizando datos de cohortes de nacimiento en Dinamarca, Finlandia y Suecia, ha encontrado que el riesgo de par\u00e1lisis cerebral en ni\u00f1os con FIV ha disminuido en m\u00e1s del 50 % en las \u00faltimas dos d\u00e9cadas, en gran parte, dicen los investigadores, debido a la reducci\u00f3n en la tasa de nacimientos de gemelos en FIV. Los resultados del estudio son presentados hoy por la Dra. Anne Lrke Spangmose de Rigshospitalet, Hospital Universitario de Copenhague en la reuni\u00f3n anual en l\u00ednea de ESHRE.<\/p>\n<p>El estudio incluy\u00f3 tres cohortes nacionales de nacimientos por FIV, el primero nacido en los a\u00f1os 1990 a 2010 en Dinamarca, el segundo de 1990 a 2010 en Finlandia y el tercero de 1990 a 2014 en Suecia, en total 111.844 ni\u00f1os. Estos nacimientos fueron luego estratificados en seis grupos: los nacidos 1990-1993, 1994-1998, 1999-2002, 2003-2006, 2007-2010 y 2011-2014. Los registros sanitarios nacionales de estos ni\u00f1os se siguieron hasta 2014 en Dinamarca y Finlandia y hasta 2018 en Suecia, y se compararon con los registros de casi 5 millones de ni\u00f1os concebidos naturalmente.<\/p>\n<p>El riesgo de par\u00e1lisis cerebral segu\u00eda siendo evidente. en los resultados del estudio, pero se encontr\u00f3 que la prevalencia general disminuy\u00f3 constantemente durante los seis per\u00edodos de tiempo de 12,5 casos por 1000 nacidos vivos en 1990-1993 a 3,4 por 1000 en 2011-2014. Por el contrario, a lo largo del per\u00edodo de estudio la prevalencia descendi\u00f3 solo ligeramente en los ni\u00f1os concebidos de forma natural, de 4,3 a 2,1 por 1000. Sin embargo, entre los \u00fanicos nacidos por FIV, la prevalencia de par\u00e1lisis cerebral disminuy\u00f3 de 8,5 por 1000 (1990-1993) al fondo. tasa de poblaci\u00f3n de 2,8 (2011-2014), pero se mantuvo estable para los gemelos de FIV en 10,9 por 1000.<\/p>\n<p>Los resultados, dice el Dr. Spangmose, proporcionan una fuerte evidencia de que la reducci\u00f3n del n\u00famero de gemelos nacidos despu\u00e9s del tratamiento de FIV ha redujo el riesgo de par\u00e1lisis cerebral en la poblaci\u00f3n de FIV a un nivel comparable con los concebidos naturalmente. \u00abLa transferencia de m\u00faltiples embriones sigue siendo un cuidado est\u00e1ndar en muchos pa\u00edses\u00bb, advierte. \u00abNuestros hallazgos enfatizan que la transferencia de un solo embri\u00f3n y los nacimientos de un solo feto deben alentarse en todo el mundo\u00bb.<\/p>\n<p>Ella se\u00f1ala que en las \u00faltimas dos d\u00e9cadas ha habido una reducci\u00f3n considerable en las tasas de nacimiento de gemelos despu\u00e9s del tratamiento de FIV, particularmente en Europa y especialmente los pa\u00edses n\u00f3rdicos, donde las tasas de gemelos por FIV han disminuido de casi el 25 % en la d\u00e9cada de 1990 a menos del 5 % en la actualidad, no muy diferente de la tasa de gemelos del 2 % observada en la poblaci\u00f3n de fondo de embarazos concebidos naturalmente.<\/p>\n<p> Esta reducci\u00f3n en la tasa de partos m\u00faltiples en FIV tambi\u00e9n ha provocado una reducci\u00f3n en las tasas de parto prematuro (el mayor riesgo obst\u00e9trico de la multiplicidad), que tambi\u00e9n se sabe que aumenta el riesgo de par\u00e1lisis cerebral. Por lo tanto, aunque se desconoce en gran medida la causa precisa de la par\u00e1lisis cerebral, se sabe que el nacimiento prematuro, el bajo peso al nacer y los nacimientos de gemelos son los principales factores de riesgo. La prevalencia de la par\u00e1lisis cerebral aumenta exponencialmente con el n\u00famero de fetos en un embarazo, lo que se piensa principalmente como resultado de un mayor riesgo de parto prematuro y bajo peso al nacer.<\/p>\n<p>Grandes estudios de registro ahora han demostrado que el riesgo de la par\u00e1lisis cerebral pr\u00e1cticamente ha desaparecido en los ni\u00f1os FIV nacidos en los pa\u00edses n\u00f3rdicos despu\u00e9s de que se introdujera una pol\u00edtica de transferencia de un solo embri\u00f3n a principios de la d\u00e9cada de 2000.<\/p>\n<p>La fortaleza de este estudio, dice el Dr. Spangmose, radica en su gran muestra tama\u00f1o con casi 112.000 ni\u00f1os FIV nacidos mayores de 24 a\u00f1os en Dinamarca, Finlandia y Suecia. \u00abLa inclusi\u00f3n de FIV completa y cohortes de nacimiento concebidas de forma natural hace que nuestros datos sean s\u00f3lidos\u00bb, a\u00f1ade, \u00aby ha permitido evaluar el riesgo real de par\u00e1lisis cerebral en la FIV y su disminuci\u00f3n con el tiempo\u00bb. <\/p>\n<p>Explore m\u00e1s<\/p>\n<p> La asfixia al nacer se relaciona con menos del 10 % de los casos de par\u00e1lisis cerebral <strong>M\u00e1s informaci\u00f3n:<\/strong> Resumen 0-144, martes 7 de julio de 2020: El riesgo de par\u00e1lisis cerebral en ni\u00f1os con TRA ha m\u00e1s de la mitad durante dos d\u00e9cadas: un estudio colaborativo n\u00f3rdico sobre 55\u00a0233 ni\u00f1os nacidos vivos Proporcionado por la Sociedad Europea de Reproducci\u00f3n Humana y Embriolog\u00eda <strong>Cita<\/strong>: El riesgo de par\u00e1lisis cerebral relacionado con la FIV se ha reducido a m\u00e1s de la mitad en las \u00faltimas dos d\u00e9cadas (7 de julio de 2020) recuperado el 31 de agosto de 2022 de https:\/\/medicalxpress.com\/news\/2020-07-cerebral-palsy-linked-ivf-halved.html Este documento est\u00e1 sujeto a derechos de autor. Aparte de cualquier trato justo con fines de estudio o investigaci\u00f3n privados, ninguna parte puede reproducirse sin el permiso por escrito. El contenido se proporciona \u00fanicamente con fines informativos.<\/p>\n","protected":false},"excerpt":{"rendered":"<p>Hace quince a\u00f1os, un gran estudio de poblaci\u00f3n de Dinamarca encontr\u00f3 un riesgo significativamente mayor de par\u00e1lisis cerebral en los beb\u00e9s nacidos como resultado de la reproducci\u00f3n asistida. Aunque el riesgo absoluto era peque\u00f1o, tales estudios en ese momento hicieron que la par\u00e1lisis cerebral fuera el mayor riesgo de defectos cong\u00e9nitos del desarrollo asociado con &hellip; <a href=\"https:\/\/www.biblia.work\/articulos-salud\/el-riesgo-de-paralisis-cerebral-relacionado-con-la-fiv-se-ha-reducido-a-mas-de-la-mitad-en-las-ultimas-dos-decadas\/\" class=\"more-link\">Continuar leyendo<span class=\"screen-reader-text\"> \u00abEl riesgo de par\u00e1lisis cerebral relacionado con la FIV se ha reducido a m\u00e1s de la mitad en las \u00faltimas dos d\u00e9cadas\u00bb<\/span><\/a><\/p>\n","protected":false},"author":1,"featured_media":0,"comment_status":"","ping_status":"","sticky":false,"template":"","format":"standard","meta":{"footnotes":""},"categories":[1],"tags":[],"class_list":["post-32691","post","type-post","status-publish","format-standard","hentry","category-general"],"_links":{"self":[{"href":"https:\/\/www.biblia.work\/articulos-salud\/wp-json\/wp\/v2\/posts\/32691","targetHints":{"allow":["GET"]}}],"collection":[{"href":"https:\/\/www.biblia.work\/articulos-salud\/wp-json\/wp\/v2\/posts"}],"about":[{"href":"https:\/\/www.biblia.work\/articulos-salud\/wp-json\/wp\/v2\/types\/post"}],"author":[{"embeddable":true,"href":"https:\/\/www.biblia.work\/articulos-salud\/wp-json\/wp\/v2\/users\/1"}],"replies":[{"embeddable":true,"href":"https:\/\/www.biblia.work\/articulos-salud\/wp-json\/wp\/v2\/comments?post=32691"}],"version-history":[{"count":0,"href":"https:\/\/www.biblia.work\/articulos-salud\/wp-json\/wp\/v2\/posts\/32691\/revisions"}],"wp:attachment":[{"href":"https:\/\/www.biblia.work\/articulos-salud\/wp-json\/wp\/v2\/media?parent=32691"}],"wp:term":[{"taxonomy":"category","embeddable":true,"href":"https:\/\/www.biblia.work\/articulos-salud\/wp-json\/wp\/v2\/categories?post=32691"},{"taxonomy":"post_tag","embeddable":true,"href":"https:\/\/www.biblia.work\/articulos-salud\/wp-json\/wp\/v2\/tags?post=32691"}],"curies":[{"name":"wp","href":"https:\/\/api.w.org\/{rel}","templated":true}]}}