{"id":32718,"date":"2022-08-31T20:08:29","date_gmt":"2022-09-01T01:08:29","guid":{"rendered":"https:\/\/www.biblia.work\/articulos-salud\/las-primeras-politicas-de-mascarillas-frenaron-la-propagacion-de-covid-19-segun-un-analisis-de-198-paises\/"},"modified":"2022-08-31T20:08:29","modified_gmt":"2022-09-01T01:08:29","slug":"las-primeras-politicas-de-mascarillas-frenaron-la-propagacion-de-covid-19-segun-un-analisis-de-198-paises","status":"publish","type":"post","link":"https:\/\/www.biblia.work\/articulos-salud\/las-primeras-politicas-de-mascarillas-frenaron-la-propagacion-de-covid-19-segun-un-analisis-de-198-paises\/","title":{"rendered":"Las primeras pol\u00edticas de mascarillas frenaron la propagaci\u00f3n de COVID-19, seg\u00fan un an\u00e1lisis de 198 pa\u00edses"},"content":{"rendered":"<p>Las tasas de mortalidad de los pa\u00edses por mill\u00f3n de personas despu\u00e9s de aproximadamente tres meses variaron seg\u00fan la rapidez con la que ese pa\u00eds adopt\u00f3 una pol\u00edtica para recomendar el uso de mascarillas. Para los pa\u00edses que recomendaron m\u00e1scaras dentro de los 15 d\u00edas e incluso pa\u00edses que recomendaron m\u00e1scaras dentro de los 30 d\u00edas, la tasa de mortalidad por COVID-19 fue mucho m\u00e1s baja que para los pa\u00edses que esperaron m\u00e1s. Cr\u00e9dito: Ryan Knight, Children&#8217;s Hospital of Richmond at VCU <\/p>\n<p>\u00bfPor qu\u00e9 algunos pa\u00edses, como Italia y Estados Unidos, enfrentaron grandes crisis de salud p\u00fablica con casos de COVID-19 y muertes relacionadas, mientras que otros parecen haber visto venir la pandemia? y desaparecer como un mero punto en el radar? Un nuevo estudio dirigido por Christopher Leffler, MD, de la Virginia Commonwealth University, actualmente en el proceso de revisi\u00f3n por pares, indica que el momento en que se establecieron los requisitos gubernamentales de mascarillas es un factor importante. <\/p>\n<p>Leffler, oftalm\u00f3logo de VCU Health and Children&#8217;s Hospital of Richmond at VCU, y los otros autores del estudio analizaron m\u00faltiples variables en 198 pa\u00edses, incluida la edad, la proporci\u00f3n de sexos, la prevalencia de obesidad, la temperatura, la urbanizaci\u00f3n, el tabaquismo, la duraci\u00f3n de la infecci\u00f3n, bloqueos, pruebas virales, pol\u00edticas de rastreo de contactos y normas y pol\u00edticas de uso de m\u00e1scaras.<\/p>\n<p>El estudio encontr\u00f3 que el factor m\u00e1s importante que se puede controlar es usar m\u00e1scaras en p\u00fablico.<\/p>\n<p>\u00abEn pa\u00edses que recomendaron m\u00e1scaras faciales temprano a nivel nacional, o aquellos en los que el p\u00fablico los us\u00f3 temprano en funci\u00f3n de las normas culturales, la tasa de mortalidad de COVID-19 ha sido m\u00e1s baja de lo proyectado\u00bb, dijo Leffler, profesor asociado en el Departamento de Oftalmolog\u00eda en la Facultad de Medicina de la UCV. \u00abY no es solo un peque\u00f1o porcentaje, sino una mortalidad hasta cien veces menor\u00bb.<\/p>\n<p>Las recomendaciones iniciales en los EE. p\u00fablico en general que presentaba s\u00edntomas. Luego, los Centros para el Control y la Prevenci\u00f3n de Enfermedades recomendaron que todos los estadounidenses usaran mascarillas en p\u00fablico a partir del 3 de abril, un par de semanas despu\u00e9s de que los 50 estados reportaran casos de COVID-19. Mientras tanto, varios pa\u00edses de Asia, incluidos Tailandia, Jap\u00f3n, Taiw\u00e1n y Hong Kong, que mantiene un sistema de gobierno separado del de China continental, comenzaron a usar mascarillas desde muy temprano y desde entonces han demostrado su eficacia.<\/p>\n<p>\u00abA n\u00famero de pa\u00edses en Asia todav\u00eda tienen una mortalidad cercana a 1 en 1 mill\u00f3n o menos. En los EE. UU. en este momento, nuestra mortalidad por coronavirus es de 1 en 2500 personas en la poblaci\u00f3n\u00bb, agreg\u00f3 Leffler.<\/p>\n<p>Italia, Espa\u00f1a, Francia y el Reino Unido tambi\u00e9n implementaron pol\u00edticas de uso de m\u00e1scaras mucho m\u00e1s tarde y han tenido tasas de infecci\u00f3n y muerte igualmente altas. Esta es informaci\u00f3n cr\u00edtica ya que los estados, incluido Virginia, comienzan la pr\u00f3xima fase de reapertura con restricciones m\u00e1s flexibles para reunirse e ingresar a espacios p\u00fablicos y mientras los funcionarios de salud advierten que es posible otra ola de COVID-19.<\/p>\n<p>\u00abEs muy importante que las personas usen m\u00e1scaras cuando est\u00e1n cerca de otras personas, particularmente cuando est\u00e1n en interiores. Ese es el resultado final\u00bb, dijo Leffler. \u00abEste estudio muestra que realmente puede marcar la diferencia en la prevenci\u00f3n de la propagaci\u00f3n de infecciones y ayudarnos a hacer todo lo que queremos. Queremos que los ni\u00f1os vuelvan a la escuela. Queremos que los negocios est\u00e9n abiertos. Queremos vivir nuestras vidas normales. \u00ab<\/p>\n<p>Las m\u00e1scaras no necesitan ser de calidad m\u00e9dica o prohibitivamente caras. Cuando se usan adecuadamente sobre la nariz y la boca, las m\u00e1scaras de tela caseras o compradas en tiendas pueden ser efectivas para prevenir la propagaci\u00f3n de gotitas respiratorias y coronavirus.<\/p>\n<p>Es clave continuar lav\u00e1ndose las manos con frecuencia y a fondo, junto con las distanciamiento para limitar tambi\u00e9n la propagaci\u00f3n del coronavirus.<\/p>\n<p>Leffler aporta una experiencia y una perspectiva \u00fanicas al estudio, ya que complet\u00f3 una residencia en medicina ocupacional y ambiental. Tambi\u00e9n obtuvo una maestr\u00eda en salud p\u00fablica y se desempe\u00f1\u00f3 como oficial m\u00e9dico submarino en la Marina. El estudio, ampliamente compartido por los investigadores, fue el art\u00edculo m\u00e1s le\u00eddo de un autor estadounidense durante la semana del 22 de junio en la base de datos de investigaci\u00f3n internacional ResearchGate.<\/p>\n<p>\u00abEste estudio del Dr. Leffler y nuestro El equipo de la Facultad de Medicina subraya la ciencia detr\u00e1s de la importancia de usar una m\u00e1scara para prevenir la propagaci\u00f3n de COVID-19\u00bb, dijo Peter Buckley, MD, director ejecutivo interino de VCU Health System y vicepresidente s\u00e9nior interino de VCU Health Sciences. \u00abComo lo han declarado los CDC y como muestran los datos de este estudio, las m\u00e1scaras faciales de tela son m\u00e1s efectivas cuando se usan ampliamente en entornos p\u00fablicos\u00bb.<\/p>\n<p>Leffler, autor principal del estudio, colabor\u00f3 con coautores de VCU, Central Virginia VA Health Care System, la Universidad de Toronto, la Universidad de Miami, la Universidad de Warmia y Mazury en Olsztyn y el Instituto de Investigaci\u00f3n en Oftalmolog\u00eda de Polonia.<\/p>\n<p>Dos factores adicionales al controlar otras variables fueron la edad de la poblaci\u00f3n, espec\u00edficamente los mayores de 60 a\u00f1os, y la urbanizaci\u00f3n, encontraron Leffler y sus coautores. Estos resultados no fueron sorprendentes, dado que los adultos mayores tienden a tener resultados m\u00e1s adversos con la infecci\u00f3n en comparaci\u00f3n con las personas m\u00e1s j\u00f3venes. Las ciudades, donde el distanciamiento social suele ser m\u00e1s dif\u00edcil, tambi\u00e9n se ven m\u00e1s afectadas en t\u00e9rminos de infecciones y tasas de mortalidad relacionadas con el coronavirus per c\u00e1pita.<\/p>\n<p>Otros factores, como la tasa de tabaquismo y los ingresos familiares, no parecen ser tan significativos en afectar la mortalidad por COVID-19, mientras que los factores ambientales menos controlables, como la temperatura, la humedad y la luz solar, pueden ser relevantes y justificar una mayor investigaci\u00f3n.<\/p>\n<p>Esta investigaci\u00f3n contin\u00faa guiando los estudios sobre temas, incluido un an\u00e1lisis de Goldman Sachs sobre el papel de las m\u00e1scaras faciales en la propagaci\u00f3n del coronavirus y el impacto asociado en el producto interno bruto. La firma de inversi\u00f3n global confirm\u00f3 los hallazgos de Leffler y propuso que un mandato nacional de m\u00e1scaras faciales te\u00f3ricamente podr\u00eda sustituir las \u00f3rdenes de quedarse en casa y mejorar el PIB. <\/p>\n<p>Explore m\u00e1s<\/p>\n<p> Los pa\u00edses con la adopci\u00f3n temprana de mascarillas mostraron tasas modestas de infecci\u00f3n por COVID-19 Proporcionado por la Universidad de Virginia Commonwealth <strong>Cita<\/strong>: Las primeras pol\u00edticas de mascarillas frenaron la propagaci\u00f3n de COVID-19, seg\u00fan 198 -country analysis (7 de julio de 2020) recuperado el 31 de agosto de 2022 de https:\/\/medicalxpress.com\/news\/2020-07-early-mask-policies-curbed-covid-.html Este documento est\u00e1 sujeto a derechos de autor. Aparte de cualquier trato justo con fines de estudio o investigaci\u00f3n privados, ninguna parte puede reproducirse sin el permiso por escrito. El contenido se proporciona \u00fanicamente con fines informativos.<\/p>\n","protected":false},"excerpt":{"rendered":"<p>Las tasas de mortalidad de los pa\u00edses por mill\u00f3n de personas despu\u00e9s de aproximadamente tres meses variaron seg\u00fan la rapidez con la que ese pa\u00eds adopt\u00f3 una pol\u00edtica para recomendar el uso de mascarillas. Para los pa\u00edses que recomendaron m\u00e1scaras dentro de los 15 d\u00edas e incluso pa\u00edses que recomendaron m\u00e1scaras dentro de los 30 &hellip; <a href=\"https:\/\/www.biblia.work\/articulos-salud\/las-primeras-politicas-de-mascarillas-frenaron-la-propagacion-de-covid-19-segun-un-analisis-de-198-paises\/\" class=\"more-link\">Continuar leyendo<span class=\"screen-reader-text\"> \u00abLas primeras pol\u00edticas de mascarillas frenaron la propagaci\u00f3n de COVID-19, seg\u00fan un an\u00e1lisis de 198 pa\u00edses\u00bb<\/span><\/a><\/p>\n","protected":false},"author":1,"featured_media":0,"comment_status":"","ping_status":"","sticky":false,"template":"","format":"standard","meta":{"footnotes":""},"categories":[1],"tags":[],"class_list":["post-32718","post","type-post","status-publish","format-standard","hentry","category-general"],"_links":{"self":[{"href":"https:\/\/www.biblia.work\/articulos-salud\/wp-json\/wp\/v2\/posts\/32718","targetHints":{"allow":["GET"]}}],"collection":[{"href":"https:\/\/www.biblia.work\/articulos-salud\/wp-json\/wp\/v2\/posts"}],"about":[{"href":"https:\/\/www.biblia.work\/articulos-salud\/wp-json\/wp\/v2\/types\/post"}],"author":[{"embeddable":true,"href":"https:\/\/www.biblia.work\/articulos-salud\/wp-json\/wp\/v2\/users\/1"}],"replies":[{"embeddable":true,"href":"https:\/\/www.biblia.work\/articulos-salud\/wp-json\/wp\/v2\/comments?post=32718"}],"version-history":[{"count":0,"href":"https:\/\/www.biblia.work\/articulos-salud\/wp-json\/wp\/v2\/posts\/32718\/revisions"}],"wp:attachment":[{"href":"https:\/\/www.biblia.work\/articulos-salud\/wp-json\/wp\/v2\/media?parent=32718"}],"wp:term":[{"taxonomy":"category","embeddable":true,"href":"https:\/\/www.biblia.work\/articulos-salud\/wp-json\/wp\/v2\/categories?post=32718"},{"taxonomy":"post_tag","embeddable":true,"href":"https:\/\/www.biblia.work\/articulos-salud\/wp-json\/wp\/v2\/tags?post=32718"}],"curies":[{"name":"wp","href":"https:\/\/api.w.org\/{rel}","templated":true}]}}